{"id":674,"date":"2017-01-27T12:09:11","date_gmt":"2017-01-27T11:09:11","guid":{"rendered":"http:\/\/agora.xtec.cat\/ceip-taquigraf-garriga\/?p=674"},"modified":"2017-01-27T12:10:40","modified_gmt":"2017-01-27T11:10:40","slug":"constitucio-del-consell-escolar-del-centre","status":"publish","type":"post","link":"https:\/\/agora.xtec.cat\/ceip-taquigraf-garriga\/general\/constitucio-del-consell-escolar-del-centre\/","title":{"rendered":"Constituci\u00f3 del Consell Escolar del centre"},"content":{"rendered":"<p>El passat mes de desembre es van celebrar les eleccions per realitzar la renovaci\u00f3 parcial del Consell Escolar del nostre centre.<\/p>\n<p>La composici\u00f3 definitiva del Consell \u00e9s la seg\u00fcent:<\/p>\n<table style=\"width: 698px;\">\n<tbody>\n<tr style=\"height: 33px;\">\n<td style=\"width: 394px; height: 33px;\">Sector de pares i mares:<\/td>\n<td style=\"width: 518px; height: 33px;\">Sector de mestres:<\/td>\n<\/tr>\n<tr style=\"height: 230px;\">\n<td style=\"width: 394px; height: 230px;\">\n<ul>\n<li>Pietat Alonso.<\/li>\n<li>Esther Garcia.<\/li>\n<li>Yolanda Jal\u00f3n.<\/li>\n<li>Rosa M\u00aa Vaca.<\/li>\n<li>Emma Biosca<\/li>\n<li>N\u00faria Escobar (AMPA)<\/li>\n<\/ul>\n<\/td>\n<td style=\"width: 518px; height: 230px;\">\n<ul>\n<li>Esther Ruiz.<\/li>\n<li>M\u00aa \u00c0ngels Perpi\u00f1\u00e0.<\/li>\n<li>Oriol Pal\u00e0.<\/li>\n<li>Anna C. Mart\u00ednez.<\/li>\n<li>Lorena Grau.<\/li>\n<li>J\u00falia Gisbert (sustituida temporalment pel Juan Antonio Torres)<\/li>\n<\/ul>\n<\/td>\n<\/tr>\n<tr style=\"height: 33px;\">\n<td style=\"width: 394px; height: 33px;\">Sector PAS<\/td>\n<td style=\"width: 518px; height: 33px;\">Rep. Ajuntament<\/td>\n<\/tr>\n<tr style=\"height: 73px;\">\n<td style=\"width: 394px; height: 73px;\">\n<ul>\n<li>Elisabet Casanovas<\/li>\n<\/ul>\n<\/td>\n<td style=\"width: 518px; height: 73px;\">\n<ul>\n<li>Rogeli de la Cruz<\/li>\n<\/ul>\n<\/td>\n<\/tr>\n<tr style=\"height: 39px;\">\n<td style=\"width: 394px; height: 39px;\">Equip Directiu<\/td>\n<td style=\"width: 518px; height: 39px;\"><\/td>\n<\/tr>\n<tr style=\"height: 33px;\">\n<td style=\"width: 394px; height: 33px;\">\n<ul>\n<li>Anna M\u00aa Mar\u00edn (Cap d&#8217;Estudis).<\/li>\n<li>V\u00edctor L\u00f3pez (Director)<\/li>\n<li>Antonio Gonz\u00e1lez (Secretari).<\/li>\n<\/ul>\n<\/td>\n<td style=\"width: 518px; height: 33px;\"><\/td>\n<\/tr>\n<\/tbody>\n<\/table>\n<p>&nbsp;<\/p>\n","protected":false},"excerpt":{"rendered":"<p>El passat mes de desembre es van celebrar les eleccions per realitzar la renovaci\u00f3 parcial del Consell Escolar del nostre centre. La composici\u00f3 definitiva del Consell \u00e9s la seg\u00fcent: Sector de pares i mares: Sector de mestres: Pietat Alonso. Esther Garcia. Yolanda Jal\u00f3n. Rosa M\u00aa Vaca. Emma Biosca N\u00faria Escobar (AMPA) Esther Ruiz. M\u00aa \u00c0ngels [&hellip;]<\/p>\n","protected":false},"author":4,"featured_media":0,"comment_status":"open","ping_status":"open","sticky":false,"template":"","format":"standard","meta":{"_bbp_topic_count":0,"_bbp_reply_count":0,"_bbp_total_topic_count":0,"_bbp_total_reply_count":0,"_bbp_voice_count":0,"_bbp_anonymous_reply_count":0,"_bbp_topic_count_hidden":0,"_bbp_reply_count_hidden":0,"_bbp_forum_subforum_count":0,"site-sidebar-layout":"default","site-content-layout":"","ast-site-content-layout":"","site-content-style":"default","site-sidebar-style":"default","ast-global-header-display":"","ast-banner-title-visibility":"","ast-main-header-display":"","ast-hfb-above-header-display":"","ast-hfb-below-header-display":"","ast-hfb-mobile-header-display":"","site-post-title":"","ast-breadcrumbs-content":"","ast-featured-img":"","footer-sml-layout":"","theme-transparent-header-meta":"","adv-header-id-meta":"","stick-header-meta":"","header-above-stick-meta":"","header-main-stick-meta":"","header-below-stick-meta":"","astra-migrate-meta-layouts":"default","ast-page-background-enabled":"default","ast-page-background-meta":{"desktop":{"background-color":"var(--ast-global-color-4)","background-image":"","background-repeat":"repeat","background-position":"center center","background-size":"auto","background-attachment":"scroll","background-type":"","background-media":"","overlay-type":"","overlay-color":"","overlay-opacity":"","overlay-gradient":""},"tablet":{"background-color":"","background-image":"","background-repeat":"repeat","background-position":"center center","background-size":"auto","background-attachment":"scroll","background-type":"","background-media":"","overlay-type":"","overlay-color":"","overlay-opacity":"","overlay-gradient":""},"mobile":{"background-color":"","background-image":"","background-repeat":"repeat","background-position":"center center","background-size":"auto","background-attachment":"scroll","background-type":"","background-media":"","overlay-type":"","overlay-color":"","overlay-opacity":"","overlay-gradient":""}},"ast-content-background-meta":{"desktop":{"background-color":"var(--ast-global-color-5)","background-image":"","background-repeat":"repeat","background-position":"center center","background-size":"auto","background-attachment":"scroll","background-type":"","background-media":"","overlay-type":"","overlay-color":"","overlay-opacity":"","overlay-gradient":""},"tablet":{"background-color":"var(--ast-global-color-5)","background-image":"","background-repeat":"repeat","background-position":"center center","background-size":"auto","background-attachment":"scroll","background-type":"","background-media":"","overlay-type":"","overlay-color":"","overlay-opacity":"","overlay-gradient":""},"mobile":{"background-color":"var(--ast-global-color-5)","background-image":"","background-repeat":"repeat","background-position":"center center","background-size":"auto","background-attachment":"scroll","background-type":"","background-media":"","overlay-type":"","overlay-color":"","overlay-opacity":"","overlay-gradient":""}},"footnotes":""},"categories":[1,4],"tags":[66,40],"class_list":["post-674","post","type-post","status-publish","format-standard","hentry","category-general","category-portada","tag-consell-escolar","tag-escola"],"post_mailing_queue_ids":[],"_links":{"self":[{"href":"https:\/\/agora.xtec.cat\/ceip-taquigraf-garriga\/wp-json\/wp\/v2\/posts\/674","targetHints":{"allow":["GET"]}}],"collection":[{"href":"https:\/\/agora.xtec.cat\/ceip-taquigraf-garriga\/wp-json\/wp\/v2\/posts"}],"about":[{"href":"https:\/\/agora.xtec.cat\/ceip-taquigraf-garriga\/wp-json\/wp\/v2\/types\/post"}],"author":[{"embeddable":true,"href":"https:\/\/agora.xtec.cat\/ceip-taquigraf-garriga\/wp-json\/wp\/v2\/users\/4"}],"replies":[{"embeddable":true,"href":"https:\/\/agora.xtec.cat\/ceip-taquigraf-garriga\/wp-json\/wp\/v2\/comments?post=674"}],"version-history":[{"count":2,"href":"https:\/\/agora.xtec.cat\/ceip-taquigraf-garriga\/wp-json\/wp\/v2\/posts\/674\/revisions"}],"predecessor-version":[{"id":676,"href":"https:\/\/agora.xtec.cat\/ceip-taquigraf-garriga\/wp-json\/wp\/v2\/posts\/674\/revisions\/676"}],"wp:attachment":[{"href":"https:\/\/agora.xtec.cat\/ceip-taquigraf-garriga\/wp-json\/wp\/v2\/media?parent=674"}],"wp:term":[{"taxonomy":"category","embeddable":true,"href":"https:\/\/agora.xtec.cat\/ceip-taquigraf-garriga\/wp-json\/wp\/v2\/categories?post=674"},{"taxonomy":"post_tag","embeddable":true,"href":"https:\/\/agora.xtec.cat\/ceip-taquigraf-garriga\/wp-json\/wp\/v2\/tags?post=674"}],"curies":[{"name":"wp","href":"https:\/\/api.w.org\/{rel}","templated":true}]}}