{"id":419,"date":"2016-11-22T13:28:23","date_gmt":"2016-11-22T12:28:23","guid":{"rendered":"http:\/\/agora.xtec.cat\/ceip-taquigraf-garriga\/?p=419"},"modified":"2016-11-22T13:28:40","modified_gmt":"2016-11-22T12:28:40","slug":"lescola-dona-veu-als-alumnes","status":"publish","type":"post","link":"https:\/\/agora.xtec.cat\/ceip-taquigraf-garriga\/general\/lescola-dona-veu-als-alumnes\/","title":{"rendered":"L&#8217;ESCOLA D\u00d3NA VEU ALS ALUMNES"},"content":{"rendered":"<h2 style=\"text-align: center\"><a href=\"http:\/\/agora.xtec.cat\/ceip-taquigraf-garriga\/wp-content\/uploads\/usu853\/2016\/11\/ASSEMBLEA.jpg\"><img loading=\"lazy\" decoding=\"async\" class=\"alignnone size-large wp-image-420\" src=\"http:\/\/agora.xtec.cat\/ceip-taquigraf-garriga\/wp-content\/uploads\/usu853\/2016\/11\/ASSEMBLEA-1024x362.jpg\" alt=\"assemblea\" width=\"1024\" height=\"362\" srcset=\"https:\/\/agora.xtec.cat\/ceip-taquigraf-garriga\/wp-content\/uploads\/usu853\/2016\/11\/ASSEMBLEA-1024x362.jpg 1024w, https:\/\/agora.xtec.cat\/ceip-taquigraf-garriga\/wp-content\/uploads\/usu853\/2016\/11\/ASSEMBLEA-300x106.jpg 300w, https:\/\/agora.xtec.cat\/ceip-taquigraf-garriga\/wp-content\/uploads\/usu853\/2016\/11\/ASSEMBLEA-768x271.jpg 768w, https:\/\/agora.xtec.cat\/ceip-taquigraf-garriga\/wp-content\/uploads\/usu853\/2016\/11\/ASSEMBLEA.jpg 1600w\" sizes=\"auto, (max-width: 1024px) 100vw, 1024px\" \/><\/a><\/h2>\n<h2 style=\"text-align: center\">A partir del mes d&#8217;octubre s&#8217;ha encetat amb una periodicitat l&#8217;assemblea de delegats de l&#8217;escola.<\/h2>\n<p>L\u2019escola ha comen\u00e7at aquest curs amb una novetat, demanant l&#8217;opini\u00f3 ordenada i treballada dels alumnes de l&#8217;escola. En aquesta nova etapa s&#8217;encarar\u00e0 diferents aspecte son la veu dels alumnes ser\u00e0 important, com pot ser la millorar el pati per que hi hagin m\u00e9s jocs a part del futbol.<\/p>\n<p>L&#8217;assemblea la constituiran el director i la cap d&#8217;estudis conjuntament amb dos persones de cada classe a partir de 1r prim\u00e0ria, seleccionades per els respectius companys de classe, seran escollits mitjan\u00e7ant unes eleccions per cada classe i formaran l\u2019assemblea de delegats del Taqu\u00edgraf. El primer que m\u00e9s vots tingui ser\u00e0 el delegat i el segon que m\u00e9s vots tingui ser\u00e0 subdelegat.<\/p>\n<p>L\u2019objectiu d\u2019aquesta nova iniciativa ser\u00e0 millorar l\u2019escola en tots els sentits possibles i sobretot demanant l\u2019opini\u00f3 de nosaltres mateixos, els alumnes.<\/p>\n<p>Ja hi ha hagut algunes mesures que s\u2019han aplicat, com per exemple canvis en els patis on ja s\u2019han habilitat les dues terrasses, la superior i la inferior per tal d\u2019ampliar diferents zones d\u2019esbarjo i poder diversificar els jocs.<\/p>\n<p>&nbsp;<\/p>\n","protected":false},"excerpt":{"rendered":"<p>A partir del mes d&#8217;octubre s&#8217;ha encetat amb una periodicitat l&#8217;assemblea de delegats de l&#8217;escola. L\u2019escola ha comen\u00e7at aquest curs amb una novetat, demanant l&#8217;opini\u00f3 ordenada i treballada dels alumnes de l&#8217;escola. En aquesta nova etapa s&#8217;encarar\u00e0 diferents aspecte son la veu dels alumnes ser\u00e0 important, com pot ser la millorar el pati per que [&hellip;]<\/p>\n","protected":false},"author":1,"featured_media":420,"comment_status":"open","ping_status":"open","sticky":false,"template":"","format":"standard","meta":{"_bbp_topic_count":0,"_bbp_reply_count":0,"_bbp_total_topic_count":0,"_bbp_total_reply_count":0,"_bbp_voice_count":0,"_bbp_anonymous_reply_count":0,"_bbp_topic_count_hidden":0,"_bbp_reply_count_hidden":0,"_bbp_forum_subforum_count":0,"site-sidebar-layout":"default","site-content-layout":"","ast-site-content-layout":"","site-content-style":"default","site-sidebar-style":"default","ast-global-header-display":"","ast-banner-title-visibility":"","ast-main-header-display":"","ast-hfb-above-header-display":"","ast-hfb-below-header-display":"","ast-hfb-mobile-header-display":"","site-post-title":"","ast-breadcrumbs-content":"","ast-featured-img":"","footer-sml-layout":"","theme-transparent-header-meta":"","adv-header-id-meta":"","stick-header-meta":"","header-above-stick-meta":"","header-main-stick-meta":"","header-below-stick-meta":"","astra-migrate-meta-layouts":"default","ast-page-background-enabled":"default","ast-page-background-meta":{"desktop":{"background-color":"var(--ast-global-color-4)","background-image":"","background-repeat":"repeat","background-position":"center center","background-size":"auto","background-attachment":"scroll","background-type":"","background-media":"","overlay-type":"","overlay-color":"","overlay-opacity":"","overlay-gradient":""},"tablet":{"background-color":"","background-image":"","background-repeat":"repeat","background-position":"center center","background-size":"auto","background-attachment":"scroll","background-type":"","background-media":"","overlay-type":"","overlay-color":"","overlay-opacity":"","overlay-gradient":""},"mobile":{"background-color":"","background-image":"","background-repeat":"repeat","background-position":"center center","background-size":"auto","background-attachment":"scroll","background-type":"","background-media":"","overlay-type":"","overlay-color":"","overlay-opacity":"","overlay-gradient":""}},"ast-content-background-meta":{"desktop":{"background-color":"var(--ast-global-color-5)","background-image":"","background-repeat":"repeat","background-position":"center center","background-size":"auto","background-attachment":"scroll","background-type":"","background-media":"","overlay-type":"","overlay-color":"","overlay-opacity":"","overlay-gradient":""},"tablet":{"background-color":"var(--ast-global-color-5)","background-image":"","background-repeat":"repeat","background-position":"center center","background-size":"auto","background-attachment":"scroll","background-type":"","background-media":"","overlay-type":"","overlay-color":"","overlay-opacity":"","overlay-gradient":""},"mobile":{"background-color":"var(--ast-global-color-5)","background-image":"","background-repeat":"repeat","background-position":"center center","background-size":"auto","background-attachment":"scroll","background-type":"","background-media":"","overlay-type":"","overlay-color":"","overlay-opacity":"","overlay-gradient":""}},"footnotes":""},"categories":[10,11,12,13,14,1,4],"tags":[65,63],"class_list":["post-419","post","type-post","status-publish","format-standard","has-post-thumbnail","hentry","category-1r","category-2n","category-3r","category-4t","category-5e","category-general","category-portada","tag-5e","tag-periodistes"],"post_mailing_queue_ids":[],"_links":{"self":[{"href":"https:\/\/agora.xtec.cat\/ceip-taquigraf-garriga\/wp-json\/wp\/v2\/posts\/419","targetHints":{"allow":["GET"]}}],"collection":[{"href":"https:\/\/agora.xtec.cat\/ceip-taquigraf-garriga\/wp-json\/wp\/v2\/posts"}],"about":[{"href":"https:\/\/agora.xtec.cat\/ceip-taquigraf-garriga\/wp-json\/wp\/v2\/types\/post"}],"author":[{"embeddable":true,"href":"https:\/\/agora.xtec.cat\/ceip-taquigraf-garriga\/wp-json\/wp\/v2\/users\/1"}],"replies":[{"embeddable":true,"href":"https:\/\/agora.xtec.cat\/ceip-taquigraf-garriga\/wp-json\/wp\/v2\/comments?post=419"}],"version-history":[{"count":1,"href":"https:\/\/agora.xtec.cat\/ceip-taquigraf-garriga\/wp-json\/wp\/v2\/posts\/419\/revisions"}],"predecessor-version":[{"id":421,"href":"https:\/\/agora.xtec.cat\/ceip-taquigraf-garriga\/wp-json\/wp\/v2\/posts\/419\/revisions\/421"}],"wp:featuredmedia":[{"embeddable":true,"href":"https:\/\/agora.xtec.cat\/ceip-taquigraf-garriga\/wp-json\/wp\/v2\/media\/420"}],"wp:attachment":[{"href":"https:\/\/agora.xtec.cat\/ceip-taquigraf-garriga\/wp-json\/wp\/v2\/media?parent=419"}],"wp:term":[{"taxonomy":"category","embeddable":true,"href":"https:\/\/agora.xtec.cat\/ceip-taquigraf-garriga\/wp-json\/wp\/v2\/categories?post=419"},{"taxonomy":"post_tag","embeddable":true,"href":"https:\/\/agora.xtec.cat\/ceip-taquigraf-garriga\/wp-json\/wp\/v2\/tags?post=419"}],"curies":[{"name":"wp","href":"https:\/\/api.w.org\/{rel}","templated":true}]}}