{"id":16600,"date":"2026-02-17T12:45:45","date_gmt":"2026-02-17T11:45:45","guid":{"rendered":"https:\/\/agora.xtec.cat\/ceip-taquigraf-garriga\/?p=16600"},"modified":"2026-02-17T12:45:49","modified_gmt":"2026-02-17T11:45:49","slug":"tants-colors-com-histories","status":"publish","type":"post","link":"https:\/\/agora.xtec.cat\/ceip-taquigraf-garriga\/general\/tants-colors-com-histories\/","title":{"rendered":"&#8211; Tants COLORS com HIST\u00d2RIES &#8211;"},"content":{"rendered":"\n<p class=\"has-medium-font-size\">L\u2019artista Ang\u00e9lica Dass va crear el projecte <em>Humanae<\/em>, amb el qual mostra que no existeix un \u00fanic color de pell i que totes les persones som \u00faniques. Ho va fer fotografiant milers de voluntaris d\u2019arreu del m\u00f3n.<\/p>\n\n\n\n<p class=\"has-medium-font-size\">Nosaltres, els nois i noies de 6\u00e8, ens hem inspirat en aquest projecte i hem creat el nostre propi mural en forma de trencaclosques amb els nostres colors de pell. Cada alumne ha elaborat una pe\u00e7a utilitzant els materials que ha escollit i ha intentat recrear el seu to de pell.  A m\u00e9s, cadasc\u00fa ha escrit a qu\u00e8 li recorda: ametlles torrades, gelat de caf\u00e8&#8230; <\/p>\n\n\n\n<p class=\"has-medium-font-size\">Properament tamb\u00e9 farem un mural amb les nostres fotografies, seguint la idea del projecte original.<\/p>\n\n\n\n<figure class=\"wp-block-video\"><video controls src=\"https:\/\/agora.xtec.cat\/ceip-taquigraf-garriga\/wp-content\/uploads\/usu853\/2026\/02\/Tants-COLORS-com-HISTORIES-.mp4\"><\/video><\/figure>\n\n\n\n<p class=\"has-text-align-center has-medium-font-size\"><strong>\u201cAbans que \u00fanics, el que som \u00e9s humans.\u201d<\/strong> Angelica Dass<\/p>\n\n\n\n<p><\/p>\n","protected":false},"excerpt":{"rendered":"<p>L\u2019artista Ang\u00e9lica Dass va crear el projecte Humanae, amb el qual mostra que no existeix un \u00fanic color de pell i que totes les persones som \u00faniques. Ho va fer fotografiant milers de voluntaris d\u2019arreu del m\u00f3n. Nosaltres, els nois i noies de 6\u00e8, ens hem inspirat en aquest projecte i hem creat el nostre [&hellip;]<\/p>\n","protected":false},"author":22,"featured_media":16601,"comment_status":"open","ping_status":"open","sticky":false,"template":"","format":"standard","meta":{"_bbp_topic_count":0,"_bbp_reply_count":0,"_bbp_total_topic_count":0,"_bbp_total_reply_count":0,"_bbp_voice_count":0,"_bbp_anonymous_reply_count":0,"_bbp_topic_count_hidden":0,"_bbp_reply_count_hidden":0,"_bbp_forum_subforum_count":0,"site-sidebar-layout":"default","site-content-layout":"","ast-site-content-layout":"default","site-content-style":"default","site-sidebar-style":"default","ast-global-header-display":"","ast-banner-title-visibility":"","ast-main-header-display":"","ast-hfb-above-header-display":"","ast-hfb-below-header-display":"","ast-hfb-mobile-header-display":"","site-post-title":"","ast-breadcrumbs-content":"","ast-featured-img":"","footer-sml-layout":"","theme-transparent-header-meta":"","adv-header-id-meta":"","stick-header-meta":"","header-above-stick-meta":"","header-main-stick-meta":"","header-below-stick-meta":"","astra-migrate-meta-layouts":"set","ast-page-background-enabled":"default","ast-page-background-meta":{"desktop":{"background-color":"var(--ast-global-color-4)","background-image":"","background-repeat":"repeat","background-position":"center center","background-size":"auto","background-attachment":"scroll","background-type":"","background-media":"","overlay-type":"","overlay-color":"","overlay-opacity":"","overlay-gradient":""},"tablet":{"background-color":"","background-image":"","background-repeat":"repeat","background-position":"center center","background-size":"auto","background-attachment":"scroll","background-type":"","background-media":"","overlay-type":"","overlay-color":"","overlay-opacity":"","overlay-gradient":""},"mobile":{"background-color":"","background-image":"","background-repeat":"repeat","background-position":"center center","background-size":"auto","background-attachment":"scroll","background-type":"","background-media":"","overlay-type":"","overlay-color":"","overlay-opacity":"","overlay-gradient":""}},"ast-content-background-meta":{"desktop":{"background-color":"var(--ast-global-color-5)","background-image":"","background-repeat":"repeat","background-position":"center center","background-size":"auto","background-attachment":"scroll","background-type":"","background-media":"","overlay-type":"","overlay-color":"","overlay-opacity":"","overlay-gradient":""},"tablet":{"background-color":"var(--ast-global-color-5)","background-image":"","background-repeat":"repeat","background-position":"center center","background-size":"auto","background-attachment":"scroll","background-type":"","background-media":"","overlay-type":"","overlay-color":"","overlay-opacity":"","overlay-gradient":""},"mobile":{"background-color":"var(--ast-global-color-5)","background-image":"","background-repeat":"repeat","background-position":"center center","background-size":"auto","background-attachment":"scroll","background-type":"","background-media":"","overlay-type":"","overlay-color":"","overlay-opacity":"","overlay-gradient":""}},"footnotes":""},"categories":[142,53,190,1,288,4],"tags":[117,151,468,40,92,94,63,43],"class_list":["post-16600","post","type-post","status-publish","format-standard","has-post-thumbnail","hentry","category-6e-primaria","category-diversitat","category-families","category-general","category-grans","category-portada","tag-6e","tag-alumnes","tag-comunitat-grans","tag-escola","tag-esparreguera","tag-families","tag-periodistes","tag-primaria"],"post_mailing_queue_ids":[],"_links":{"self":[{"href":"https:\/\/agora.xtec.cat\/ceip-taquigraf-garriga\/wp-json\/wp\/v2\/posts\/16600","targetHints":{"allow":["GET"]}}],"collection":[{"href":"https:\/\/agora.xtec.cat\/ceip-taquigraf-garriga\/wp-json\/wp\/v2\/posts"}],"about":[{"href":"https:\/\/agora.xtec.cat\/ceip-taquigraf-garriga\/wp-json\/wp\/v2\/types\/post"}],"author":[{"embeddable":true,"href":"https:\/\/agora.xtec.cat\/ceip-taquigraf-garriga\/wp-json\/wp\/v2\/users\/22"}],"replies":[{"embeddable":true,"href":"https:\/\/agora.xtec.cat\/ceip-taquigraf-garriga\/wp-json\/wp\/v2\/comments?post=16600"}],"version-history":[{"count":1,"href":"https:\/\/agora.xtec.cat\/ceip-taquigraf-garriga\/wp-json\/wp\/v2\/posts\/16600\/revisions"}],"predecessor-version":[{"id":16603,"href":"https:\/\/agora.xtec.cat\/ceip-taquigraf-garriga\/wp-json\/wp\/v2\/posts\/16600\/revisions\/16603"}],"wp:featuredmedia":[{"embeddable":true,"href":"https:\/\/agora.xtec.cat\/ceip-taquigraf-garriga\/wp-json\/wp\/v2\/media\/16601"}],"wp:attachment":[{"href":"https:\/\/agora.xtec.cat\/ceip-taquigraf-garriga\/wp-json\/wp\/v2\/media?parent=16600"}],"wp:term":[{"taxonomy":"category","embeddable":true,"href":"https:\/\/agora.xtec.cat\/ceip-taquigraf-garriga\/wp-json\/wp\/v2\/categories?post=16600"},{"taxonomy":"post_tag","embeddable":true,"href":"https:\/\/agora.xtec.cat\/ceip-taquigraf-garriga\/wp-json\/wp\/v2\/tags?post=16600"}],"curies":[{"name":"wp","href":"https:\/\/api.w.org\/{rel}","templated":true}]}}