{"id":16560,"date":"2025-11-20T23:28:15","date_gmt":"2025-11-20T22:28:15","guid":{"rendered":"https:\/\/agora.xtec.cat\/ceip-taquigraf-garriga\/?p=16560"},"modified":"2026-02-09T13:33:58","modified_gmt":"2026-02-09T12:33:58","slug":"dia-universal-de-la-infancia","status":"publish","type":"post","link":"https:\/\/agora.xtec.cat\/ceip-taquigraf-garriga\/general\/dia-universal-de-la-infancia\/","title":{"rendered":"-DIA universal de la INF\u00c0NCIA-"},"content":{"rendered":"\n<p class=\"has-text-align-center has-luminous-vivid-amber-color has-text-color has-link-color has-medium-font-size wp-elements-9064c684632feb51372d319a8d665457\"><strong>EL 20 DE NOVEMBRE SE CELEBRA EL DIA UNIVERSAL DE LA INF\u00c0NCIA<\/strong><\/p>\n\n\n\n<p>Per aquest motiu, les classes de sis\u00e8 hem elaborat  cartells i hem reflexionat sobre la import\u00e0ncia de respectar i garantir els drets de tots els infants.<\/p>\n\n\n\n<p>A trav\u00e9s d\u2019il\u00b7lustracions i esl\u00f2gans, hem expressat idees relacionades amb els drets com el dret a ser escoltats, a jugar, a tenir educaci\u00f3 o a viure en un entorn segur.  Aquesta activitat ens ha ajudat a pensar, compartir opinions i prendre consci\u00e8ncia que els drets dels infants s\u2019han de defensar cada dia.<\/p>\n\n\n\n<figure class=\"wp-block-embed is-type-video is-provider-youtube wp-block-embed-youtube wp-embed-aspect-16-9 wp-has-aspect-ratio\"><div class=\"wp-block-embed__wrapper\">\n<div class=\"ast-oembed-container \" style=\"height: 100%;\"><iframe loading=\"lazy\" title=\"DIA de la INF\u00c0NCIA\" width=\"500\" height=\"281\" src=\"https:\/\/www.youtube.com\/embed\/JHybfO3q_Ms?feature=oembed\" frameborder=\"0\" allow=\"accelerometer; autoplay; clipboard-write; encrypted-media; gyroscope; picture-in-picture; web-share\" referrerpolicy=\"strict-origin-when-cross-origin\" allowfullscreen><\/iframe><\/div>\n<\/div><\/figure>\n\n\n\n<p class=\"has-text-align-center has-luminous-vivid-amber-color has-text-color has-link-color has-medium-font-size wp-elements-6b75bdabbb981fd72c1aa262eddf3203\"><strong>DEFENSAR ELS DRETS DELS INFANTS \u00c9S RESPONSABILITAT DE TOTHOM. <\/strong><\/p>\n\n\n\n<p><\/p>\n","protected":false},"excerpt":{"rendered":"<p>EL 20 DE NOVEMBRE SE CELEBRA EL DIA UNIVERSAL DE LA INF\u00c0NCIA Per aquest motiu, les classes de sis\u00e8 hem elaborat cartells i hem reflexionat sobre la import\u00e0ncia de respectar i garantir els drets de tots els infants. A trav\u00e9s d\u2019il\u00b7lustracions i esl\u00f2gans, hem expressat idees relacionades amb els drets com el dret a ser [&hellip;]<\/p>\n","protected":false},"author":22,"featured_media":16563,"comment_status":"open","ping_status":"open","sticky":false,"template":"","format":"standard","meta":{"_bbp_topic_count":0,"_bbp_reply_count":0,"_bbp_total_topic_count":0,"_bbp_total_reply_count":0,"_bbp_voice_count":0,"_bbp_anonymous_reply_count":0,"_bbp_topic_count_hidden":0,"_bbp_reply_count_hidden":0,"_bbp_forum_subforum_count":0,"site-sidebar-layout":"default","site-content-layout":"","ast-site-content-layout":"default","site-content-style":"default","site-sidebar-style":"default","ast-global-header-display":"","ast-banner-title-visibility":"","ast-main-header-display":"","ast-hfb-above-header-display":"","ast-hfb-below-header-display":"","ast-hfb-mobile-header-display":"","site-post-title":"","ast-breadcrumbs-content":"","ast-featured-img":"","footer-sml-layout":"","theme-transparent-header-meta":"","adv-header-id-meta":"","stick-header-meta":"","header-above-stick-meta":"","header-main-stick-meta":"","header-below-stick-meta":"","astra-migrate-meta-layouts":"set","ast-page-background-enabled":"default","ast-page-background-meta":{"desktop":{"background-color":"var(--ast-global-color-4)","background-image":"","background-repeat":"repeat","background-position":"center center","background-size":"auto","background-attachment":"scroll","background-type":"","background-media":"","overlay-type":"","overlay-color":"","overlay-opacity":"","overlay-gradient":""},"tablet":{"background-color":"","background-image":"","background-repeat":"repeat","background-position":"center center","background-size":"auto","background-attachment":"scroll","background-type":"","background-media":"","overlay-type":"","overlay-color":"","overlay-opacity":"","overlay-gradient":""},"mobile":{"background-color":"","background-image":"","background-repeat":"repeat","background-position":"center center","background-size":"auto","background-attachment":"scroll","background-type":"","background-media":"","overlay-type":"","overlay-color":"","overlay-opacity":"","overlay-gradient":""}},"ast-content-background-meta":{"desktop":{"background-color":"var(--ast-global-color-5)","background-image":"","background-repeat":"repeat","background-position":"center center","background-size":"auto","background-attachment":"scroll","background-type":"","background-media":"","overlay-type":"","overlay-color":"","overlay-opacity":"","overlay-gradient":""},"tablet":{"background-color":"var(--ast-global-color-5)","background-image":"","background-repeat":"repeat","background-position":"center center","background-size":"auto","background-attachment":"scroll","background-type":"","background-media":"","overlay-type":"","overlay-color":"","overlay-opacity":"","overlay-gradient":""},"mobile":{"background-color":"var(--ast-global-color-5)","background-image":"","background-repeat":"repeat","background-position":"center center","background-size":"auto","background-attachment":"scroll","background-type":"","background-media":"","overlay-type":"","overlay-color":"","overlay-opacity":"","overlay-gradient":""}},"footnotes":""},"categories":[142,1,288,490,4],"tags":[117,151,429,40,63],"class_list":["post-16560","post","type-post","status-publish","format-standard","has-post-thumbnail","hentry","category-6e-primaria","category-general","category-grans","category-periodistess","category-portada","tag-6e","tag-alumnes","tag-comunitat-de-grans","tag-escola","tag-periodistes"],"post_mailing_queue_ids":[],"_links":{"self":[{"href":"https:\/\/agora.xtec.cat\/ceip-taquigraf-garriga\/wp-json\/wp\/v2\/posts\/16560","targetHints":{"allow":["GET"]}}],"collection":[{"href":"https:\/\/agora.xtec.cat\/ceip-taquigraf-garriga\/wp-json\/wp\/v2\/posts"}],"about":[{"href":"https:\/\/agora.xtec.cat\/ceip-taquigraf-garriga\/wp-json\/wp\/v2\/types\/post"}],"author":[{"embeddable":true,"href":"https:\/\/agora.xtec.cat\/ceip-taquigraf-garriga\/wp-json\/wp\/v2\/users\/22"}],"replies":[{"embeddable":true,"href":"https:\/\/agora.xtec.cat\/ceip-taquigraf-garriga\/wp-json\/wp\/v2\/comments?post=16560"}],"version-history":[{"count":2,"href":"https:\/\/agora.xtec.cat\/ceip-taquigraf-garriga\/wp-json\/wp\/v2\/posts\/16560\/revisions"}],"predecessor-version":[{"id":16562,"href":"https:\/\/agora.xtec.cat\/ceip-taquigraf-garriga\/wp-json\/wp\/v2\/posts\/16560\/revisions\/16562"}],"wp:featuredmedia":[{"embeddable":true,"href":"https:\/\/agora.xtec.cat\/ceip-taquigraf-garriga\/wp-json\/wp\/v2\/media\/16563"}],"wp:attachment":[{"href":"https:\/\/agora.xtec.cat\/ceip-taquigraf-garriga\/wp-json\/wp\/v2\/media?parent=16560"}],"wp:term":[{"taxonomy":"category","embeddable":true,"href":"https:\/\/agora.xtec.cat\/ceip-taquigraf-garriga\/wp-json\/wp\/v2\/categories?post=16560"},{"taxonomy":"post_tag","embeddable":true,"href":"https:\/\/agora.xtec.cat\/ceip-taquigraf-garriga\/wp-json\/wp\/v2\/tags?post=16560"}],"curies":[{"name":"wp","href":"https:\/\/api.w.org\/{rel}","templated":true}]}}