{"id":16456,"date":"2026-02-03T13:08:26","date_gmt":"2026-02-03T12:08:26","guid":{"rendered":"https:\/\/agora.xtec.cat\/ceip-taquigraf-garriga\/?p=16456"},"modified":"2026-02-03T13:11:40","modified_gmt":"2026-02-03T12:11:40","slug":"les-classes-di4-aprenem-a-reciclar-i-a-cuidar-el-planeta-%f0%9f%8c%8d","status":"publish","type":"post","link":"https:\/\/agora.xtec.cat\/ceip-taquigraf-garriga\/general\/les-classes-di4-aprenem-a-reciclar-i-a-cuidar-el-planeta-%f0%9f%8c%8d\/","title":{"rendered":"Les classes d\u2019I4 aprenem a reciclar i a cuidar el planeta \ud83c\udf0d"},"content":{"rendered":"\n<figure class=\"wp-block-image size-large is-resized\"><a href=\"https:\/\/agora.xtec.cat\/ceip-taquigraf-garriga\/wp-content\/uploads\/usu853\/2026\/02\/WhatsApp-Image-2026-02-03-at-12.58.07.jpeg\"><img loading=\"lazy\" decoding=\"async\" width=\"1024\" height=\"445\" src=\"https:\/\/agora.xtec.cat\/ceip-taquigraf-garriga\/wp-content\/uploads\/usu853\/2026\/02\/WhatsApp-Image-2026-02-03-at-12.58.07-1024x445.jpeg\" alt=\"\" class=\"wp-image-16457\" style=\"width:773px;height:auto\" srcset=\"https:\/\/agora.xtec.cat\/ceip-taquigraf-garriga\/wp-content\/uploads\/usu853\/2026\/02\/WhatsApp-Image-2026-02-03-at-12.58.07-1024x445.jpeg 1024w, https:\/\/agora.xtec.cat\/ceip-taquigraf-garriga\/wp-content\/uploads\/usu853\/2026\/02\/WhatsApp-Image-2026-02-03-at-12.58.07-300x130.jpeg 300w, https:\/\/agora.xtec.cat\/ceip-taquigraf-garriga\/wp-content\/uploads\/usu853\/2026\/02\/WhatsApp-Image-2026-02-03-at-12.58.07-768x334.jpeg 768w, https:\/\/agora.xtec.cat\/ceip-taquigraf-garriga\/wp-content\/uploads\/usu853\/2026\/02\/WhatsApp-Image-2026-02-03-at-12.58.07-1536x667.jpeg 1536w, https:\/\/agora.xtec.cat\/ceip-taquigraf-garriga\/wp-content\/uploads\/usu853\/2026\/02\/WhatsApp-Image-2026-02-03-at-12.58.07.jpeg 1987w\" sizes=\"auto, (max-width: 1024px) 100vw, 1024px\" \/><\/a><\/figure>\n\n\n\n<p>A les classes d\u2019I4 estem molt conscienciats amb la cura del mar i del planeta Terra. Per aquest motiu, des de l\u2019aula hem iniciat una situaci\u00f3 d\u2019aprenentatge centrada en el reciclatge, amb l\u2019objectiu de fomentar h\u00e0bits responsables des de ben petits.<\/p>\n\n\n\n<p>A la classe hem apr\u00e8s a separar les deixalles i a identificar quin residu va a cada contenidor. A trav\u00e9s de jocs, converses i activitats manipulatives, els infants han pogut comprendre la import\u00e0ncia de reciclar correctament.<\/p>\n\n\n\n<p>Per acabar de refor\u00e7ar aquest aprenentatge, hem sortit al carrer per observar els contenidors i con\u00e8ixer de primera m\u00e0 com es recicla al nostre entorn m\u00e9s proper. Aquesta experi\u00e8ncia ens ha ajudat a relacionar all\u00f2 que aprenem a l\u2019aula amb la vida quotidiana.<\/p>\n\n\n\n<p>Seguim aprenent i treballant junts per tenir cura del nostre planeta \ud83d\udc9a\ud83c\udf31*<\/p>\n","protected":false},"excerpt":{"rendered":"<p>A les classes d\u2019I4 estem molt conscienciats amb la cura del mar i del planeta Terra. Per aquest motiu, des de l\u2019aula hem iniciat una situaci\u00f3 d\u2019aprenentatge centrada en el reciclatge, amb l\u2019objectiu de fomentar h\u00e0bits responsables des de ben petits. A la classe hem apr\u00e8s a separar les deixalles i a identificar quin residu [&hellip;]<\/p>\n","protected":false},"author":4,"featured_media":16457,"comment_status":"open","ping_status":"open","sticky":false,"template":"","format":"standard","meta":{"_bbp_topic_count":0,"_bbp_reply_count":0,"_bbp_total_topic_count":0,"_bbp_total_reply_count":0,"_bbp_voice_count":0,"_bbp_anonymous_reply_count":0,"_bbp_topic_count_hidden":0,"_bbp_reply_count_hidden":0,"_bbp_forum_subforum_count":0,"site-sidebar-layout":"default","site-content-layout":"","ast-site-content-layout":"default","site-content-style":"default","site-sidebar-style":"default","ast-global-header-display":"","ast-banner-title-visibility":"","ast-main-header-display":"","ast-hfb-above-header-display":"","ast-hfb-below-header-display":"","ast-hfb-mobile-header-display":"","site-post-title":"","ast-breadcrumbs-content":"","ast-featured-img":"","footer-sml-layout":"","theme-transparent-header-meta":"","adv-header-id-meta":"","stick-header-meta":"","header-above-stick-meta":"","header-main-stick-meta":"","header-below-stick-meta":"","astra-migrate-meta-layouts":"set","ast-page-background-enabled":"default","ast-page-background-meta":{"desktop":{"background-color":"var(--ast-global-color-4)","background-image":"","background-repeat":"repeat","background-position":"center center","background-size":"auto","background-attachment":"scroll","background-type":"","background-media":"","overlay-type":"","overlay-color":"","overlay-opacity":"","overlay-gradient":""},"tablet":{"background-color":"","background-image":"","background-repeat":"repeat","background-position":"center center","background-size":"auto","background-attachment":"scroll","background-type":"","background-media":"","overlay-type":"","overlay-color":"","overlay-opacity":"","overlay-gradient":""},"mobile":{"background-color":"","background-image":"","background-repeat":"repeat","background-position":"center center","background-size":"auto","background-attachment":"scroll","background-type":"","background-media":"","overlay-type":"","overlay-color":"","overlay-opacity":"","overlay-gradient":""}},"ast-content-background-meta":{"desktop":{"background-color":"var(--ast-global-color-5)","background-image":"","background-repeat":"repeat","background-position":"center center","background-size":"auto","background-attachment":"scroll","background-type":"","background-media":"","overlay-type":"","overlay-color":"","overlay-opacity":"","overlay-gradient":""},"tablet":{"background-color":"var(--ast-global-color-5)","background-image":"","background-repeat":"repeat","background-position":"center center","background-size":"auto","background-attachment":"scroll","background-type":"","background-media":"","overlay-type":"","overlay-color":"","overlay-opacity":"","overlay-gradient":""},"mobile":{"background-color":"var(--ast-global-color-5)","background-image":"","background-repeat":"repeat","background-position":"center center","background-size":"auto","background-attachment":"scroll","background-type":"","background-media":"","overlay-type":"","overlay-color":"","overlay-opacity":"","overlay-gradient":""}},"footnotes":""},"categories":[1,8,2,4],"tags":[151,40,44],"class_list":["post-16456","post","type-post","status-publish","format-standard","has-post-thumbnail","hentry","category-general","category-i4","category-petits","category-portada","tag-alumnes","tag-escola","tag-infantil"],"post_mailing_queue_ids":[],"_links":{"self":[{"href":"https:\/\/agora.xtec.cat\/ceip-taquigraf-garriga\/wp-json\/wp\/v2\/posts\/16456","targetHints":{"allow":["GET"]}}],"collection":[{"href":"https:\/\/agora.xtec.cat\/ceip-taquigraf-garriga\/wp-json\/wp\/v2\/posts"}],"about":[{"href":"https:\/\/agora.xtec.cat\/ceip-taquigraf-garriga\/wp-json\/wp\/v2\/types\/post"}],"author":[{"embeddable":true,"href":"https:\/\/agora.xtec.cat\/ceip-taquigraf-garriga\/wp-json\/wp\/v2\/users\/4"}],"replies":[{"embeddable":true,"href":"https:\/\/agora.xtec.cat\/ceip-taquigraf-garriga\/wp-json\/wp\/v2\/comments?post=16456"}],"version-history":[{"count":2,"href":"https:\/\/agora.xtec.cat\/ceip-taquigraf-garriga\/wp-json\/wp\/v2\/posts\/16456\/revisions"}],"predecessor-version":[{"id":16459,"href":"https:\/\/agora.xtec.cat\/ceip-taquigraf-garriga\/wp-json\/wp\/v2\/posts\/16456\/revisions\/16459"}],"wp:featuredmedia":[{"embeddable":true,"href":"https:\/\/agora.xtec.cat\/ceip-taquigraf-garriga\/wp-json\/wp\/v2\/media\/16457"}],"wp:attachment":[{"href":"https:\/\/agora.xtec.cat\/ceip-taquigraf-garriga\/wp-json\/wp\/v2\/media?parent=16456"}],"wp:term":[{"taxonomy":"category","embeddable":true,"href":"https:\/\/agora.xtec.cat\/ceip-taquigraf-garriga\/wp-json\/wp\/v2\/categories?post=16456"},{"taxonomy":"post_tag","embeddable":true,"href":"https:\/\/agora.xtec.cat\/ceip-taquigraf-garriga\/wp-json\/wp\/v2\/tags?post=16456"}],"curies":[{"name":"wp","href":"https:\/\/api.w.org\/{rel}","templated":true}]}}