{"id":16395,"date":"2026-01-29T06:54:52","date_gmt":"2026-01-29T05:54:52","guid":{"rendered":"https:\/\/agora.xtec.cat\/ceip-taquigraf-garriga\/?p=16395"},"modified":"2026-01-30T07:33:47","modified_gmt":"2026-01-30T06:33:47","slug":"veus-de-la-memoria-camins-de-pau","status":"publish","type":"post","link":"https:\/\/agora.xtec.cat\/ceip-taquigraf-garriga\/general\/veus-de-la-memoria-camins-de-pau\/","title":{"rendered":"Veus de la mem\u00f2ria. Camins de Pau."},"content":{"rendered":"\n<figure class=\"wp-block-image alignfull size-full\"><a href=\"https:\/\/www.canva.com\/design\/DAG_hnH-IjQ\/4V28i6_xiBq4GGW5YQOsQA\/view?utm_content=DAG_hnH-IjQ&amp;utm_campaign=designshare&amp;utm_medium=link2&amp;utm_source=uniquelinks&amp;utlId=h03dc62e82b\"><img loading=\"lazy\" decoding=\"async\" width=\"546\" height=\"306\" src=\"https:\/\/agora.xtec.cat\/ceip-taquigraf-garriga\/wp-content\/uploads\/usu853\/2026\/01\/veus-de-la-memoria.jpg\" alt=\"\" class=\"wp-image-16396\" srcset=\"https:\/\/agora.xtec.cat\/ceip-taquigraf-garriga\/wp-content\/uploads\/usu853\/2026\/01\/veus-de-la-memoria.jpg 546w, https:\/\/agora.xtec.cat\/ceip-taquigraf-garriga\/wp-content\/uploads\/usu853\/2026\/01\/veus-de-la-memoria-300x168.jpg 300w\" sizes=\"auto, (max-width: 546px) 100vw, 546px\" \/><\/a><\/figure>\n\n\n\n<p>L&#8217;alumnat de 5\u00e8 de la nostra escola ha participat en el projecte municipal de &#8220;Camins de Pau&#8221;.<\/p>\n\n\n\n<p>Ha estat un llarg cam\u00ed d&#8217;emocions i aprenentatges que els ha fet reflexionar i aprendre sobre els per\u00edodes de guerra i postguerra i el fenomen dels camps de refugiats.<\/p>\n\n\n\n<p>Han estat moltes les entitats i persones que els han acompanyat en aquest viatge.<\/p>\n\n\n\n<p>Us volem convidar, divendres 30 de gener, dia escolar de la no-viol\u00e8ncia i la pau (DENIP) a veure l&#8217;acte final a la Pla\u00e7a del Centre a partir de les 10 h. Ser\u00e0 un acte molt emotiu que servir\u00e0 de conclusi\u00f3 al llarg viatge a trav\u00e9s del temps.<\/p>\n","protected":false},"excerpt":{"rendered":"<p>L&#8217;alumnat de 5\u00e8 de la nostra escola ha participat en el projecte municipal de &#8220;Camins de Pau&#8221;. Ha estat un llarg cam\u00ed d&#8217;emocions i aprenentatges que els ha fet reflexionar i aprendre sobre els per\u00edodes de guerra i postguerra i el fenomen dels camps de refugiats. Han estat moltes les entitats i persones que els [&hellip;]<\/p>\n","protected":false},"author":3,"featured_media":16396,"comment_status":"open","ping_status":"open","sticky":false,"template":"","format":"standard","meta":{"_bbp_topic_count":0,"_bbp_reply_count":0,"_bbp_total_topic_count":0,"_bbp_total_reply_count":0,"_bbp_voice_count":0,"_bbp_anonymous_reply_count":0,"_bbp_topic_count_hidden":0,"_bbp_reply_count_hidden":0,"_bbp_forum_subforum_count":0,"site-sidebar-layout":"default","site-content-layout":"","ast-site-content-layout":"default","site-content-style":"default","site-sidebar-style":"default","ast-global-header-display":"","ast-banner-title-visibility":"","ast-main-header-display":"","ast-hfb-above-header-display":"","ast-hfb-below-header-display":"","ast-hfb-mobile-header-display":"","site-post-title":"","ast-breadcrumbs-content":"","ast-featured-img":"","footer-sml-layout":"","theme-transparent-header-meta":"","adv-header-id-meta":"","stick-header-meta":"","header-above-stick-meta":"","header-main-stick-meta":"","header-below-stick-meta":"","astra-migrate-meta-layouts":"set","ast-page-background-enabled":"default","ast-page-background-meta":{"desktop":{"background-color":"var(--ast-global-color-4)","background-image":"","background-repeat":"repeat","background-position":"center center","background-size":"auto","background-attachment":"scroll","background-type":"","background-media":"","overlay-type":"","overlay-color":"","overlay-opacity":"","overlay-gradient":""},"tablet":{"background-color":"","background-image":"","background-repeat":"repeat","background-position":"center center","background-size":"auto","background-attachment":"scroll","background-type":"","background-media":"","overlay-type":"","overlay-color":"","overlay-opacity":"","overlay-gradient":""},"mobile":{"background-color":"","background-image":"","background-repeat":"repeat","background-position":"center center","background-size":"auto","background-attachment":"scroll","background-type":"","background-media":"","overlay-type":"","overlay-color":"","overlay-opacity":"","overlay-gradient":""}},"ast-content-background-meta":{"desktop":{"background-color":"var(--ast-global-color-5)","background-image":"","background-repeat":"repeat","background-position":"center center","background-size":"auto","background-attachment":"scroll","background-type":"","background-media":"","overlay-type":"","overlay-color":"","overlay-opacity":"","overlay-gradient":""},"tablet":{"background-color":"var(--ast-global-color-5)","background-image":"","background-repeat":"repeat","background-position":"center center","background-size":"auto","background-attachment":"scroll","background-type":"","background-media":"","overlay-type":"","overlay-color":"","overlay-opacity":"","overlay-gradient":""},"mobile":{"background-color":"var(--ast-global-color-5)","background-image":"","background-repeat":"repeat","background-position":"center center","background-size":"auto","background-attachment":"scroll","background-type":"","background-media":"","overlay-type":"","overlay-color":"","overlay-opacity":"","overlay-gradient":""}},"footnotes":""},"categories":[14,1,288,4],"tags":[],"class_list":["post-16395","post","type-post","status-publish","format-standard","has-post-thumbnail","hentry","category-5e","category-general","category-grans","category-portada"],"post_mailing_queue_ids":[],"_links":{"self":[{"href":"https:\/\/agora.xtec.cat\/ceip-taquigraf-garriga\/wp-json\/wp\/v2\/posts\/16395","targetHints":{"allow":["GET"]}}],"collection":[{"href":"https:\/\/agora.xtec.cat\/ceip-taquigraf-garriga\/wp-json\/wp\/v2\/posts"}],"about":[{"href":"https:\/\/agora.xtec.cat\/ceip-taquigraf-garriga\/wp-json\/wp\/v2\/types\/post"}],"author":[{"embeddable":true,"href":"https:\/\/agora.xtec.cat\/ceip-taquigraf-garriga\/wp-json\/wp\/v2\/users\/3"}],"replies":[{"embeddable":true,"href":"https:\/\/agora.xtec.cat\/ceip-taquigraf-garriga\/wp-json\/wp\/v2\/comments?post=16395"}],"version-history":[{"count":5,"href":"https:\/\/agora.xtec.cat\/ceip-taquigraf-garriga\/wp-json\/wp\/v2\/posts\/16395\/revisions"}],"predecessor-version":[{"id":16429,"href":"https:\/\/agora.xtec.cat\/ceip-taquigraf-garriga\/wp-json\/wp\/v2\/posts\/16395\/revisions\/16429"}],"wp:featuredmedia":[{"embeddable":true,"href":"https:\/\/agora.xtec.cat\/ceip-taquigraf-garriga\/wp-json\/wp\/v2\/media\/16396"}],"wp:attachment":[{"href":"https:\/\/agora.xtec.cat\/ceip-taquigraf-garriga\/wp-json\/wp\/v2\/media?parent=16395"}],"wp:term":[{"taxonomy":"category","embeddable":true,"href":"https:\/\/agora.xtec.cat\/ceip-taquigraf-garriga\/wp-json\/wp\/v2\/categories?post=16395"},{"taxonomy":"post_tag","embeddable":true,"href":"https:\/\/agora.xtec.cat\/ceip-taquigraf-garriga\/wp-json\/wp\/v2\/tags?post=16395"}],"curies":[{"name":"wp","href":"https:\/\/api.w.org\/{rel}","templated":true}]}}