{"id":16041,"date":"2025-06-04T13:33:17","date_gmt":"2025-06-04T11:33:17","guid":{"rendered":"https:\/\/agora.xtec.cat\/ceip-taquigraf-garriga\/?p=16041"},"modified":"2025-06-04T13:33:18","modified_gmt":"2025-06-04T11:33:18","slug":"colonies-6e","status":"publish","type":"post","link":"https:\/\/agora.xtec.cat\/ceip-taquigraf-garriga\/portada\/colonies-6e\/","title":{"rendered":"Col\u00f2nies 6\u00e8"},"content":{"rendered":"\n<div class=\"wp-block-getwid-images-slider has-arrows-inside has-dots-inside has-images-center has-cropped-images\"><div class=\"wp-block-getwid-images-slider__wrapper\" data-effect=\"slide\" data-slides-show=\"1\" data-slides-show-laptop=\"1\" data-slides-show-tablet=\"1\" data-slides-show-mobile=\"1\" data-slides-scroll=\"1\" data-autoplay=\"false\" data-pause-hover=\"false\" data-autoplay-speed=\"6000\" data-infinite=\"true\" data-animation-speed=\"800\" data-center-mode=\"false\" data-variable-width=\"false\" data-arrows=\"inside\" data-dots=\"inside\" data-spacing=\"none\"><div class=\"wp-block-getwid-images-slider__item\"><figure><img loading=\"lazy\" decoding=\"async\" width=\"1536\" height=\"2048\" src=\"https:\/\/agora.xtec.cat\/ceip-taquigraf-garriga\/wp-content\/uploads\/usu853\/2025\/06\/IMG_3546_compressed-1.jpg\" data-id=\"16051\" data-link=\"https:\/\/agora.xtec.cat\/ceip-taquigraf-garriga\/img_3546_compressed-1\/\" data-original-link=\"https:\/\/agora.xtec.cat\/ceip-taquigraf-garriga\/wp-content\/uploads\/usu853\/2025\/06\/IMG_3546_compressed-1.jpg\" class=\"wp-block-getwid-images-slider__image wp-image-16051\" srcset=\"https:\/\/agora.xtec.cat\/ceip-taquigraf-garriga\/wp-content\/uploads\/usu853\/2025\/06\/IMG_3546_compressed-1.jpg 1536w, https:\/\/agora.xtec.cat\/ceip-taquigraf-garriga\/wp-content\/uploads\/usu853\/2025\/06\/IMG_3546_compressed-1-225x300.jpg 225w, https:\/\/agora.xtec.cat\/ceip-taquigraf-garriga\/wp-content\/uploads\/usu853\/2025\/06\/IMG_3546_compressed-1-768x1024.jpg 768w, https:\/\/agora.xtec.cat\/ceip-taquigraf-garriga\/wp-content\/uploads\/usu853\/2025\/06\/IMG_3546_compressed-1-1152x1536.jpg 1152w\" sizes=\"auto, (max-width: 1536px) 100vw, 1536px\" \/><\/figure><\/div><div class=\"wp-block-getwid-images-slider__item\"><figure><img loading=\"lazy\" decoding=\"async\" width=\"1536\" height=\"2048\" src=\"https:\/\/agora.xtec.cat\/ceip-taquigraf-garriga\/wp-content\/uploads\/usu853\/2025\/06\/IMG_3565_compressed-1.jpg\" data-id=\"16050\" data-link=\"https:\/\/agora.xtec.cat\/ceip-taquigraf-garriga\/img_3565_compressed-1\/\" data-original-link=\"https:\/\/agora.xtec.cat\/ceip-taquigraf-garriga\/wp-content\/uploads\/usu853\/2025\/06\/IMG_3565_compressed-1.jpg\" class=\"wp-block-getwid-images-slider__image wp-image-16050\" srcset=\"https:\/\/agora.xtec.cat\/ceip-taquigraf-garriga\/wp-content\/uploads\/usu853\/2025\/06\/IMG_3565_compressed-1.jpg 1536w, https:\/\/agora.xtec.cat\/ceip-taquigraf-garriga\/wp-content\/uploads\/usu853\/2025\/06\/IMG_3565_compressed-1-225x300.jpg 225w, https:\/\/agora.xtec.cat\/ceip-taquigraf-garriga\/wp-content\/uploads\/usu853\/2025\/06\/IMG_3565_compressed-1-768x1024.jpg 768w, https:\/\/agora.xtec.cat\/ceip-taquigraf-garriga\/wp-content\/uploads\/usu853\/2025\/06\/IMG_3565_compressed-1-1152x1536.jpg 1152w\" sizes=\"auto, (max-width: 1536px) 100vw, 1536px\" \/><\/figure><\/div><div class=\"wp-block-getwid-images-slider__item\"><figure><img loading=\"lazy\" decoding=\"async\" width=\"2048\" height=\"1538\" src=\"https:\/\/agora.xtec.cat\/ceip-taquigraf-garriga\/wp-content\/uploads\/usu853\/2025\/06\/IMG_3576_compressed.jpg\" data-id=\"16049\" data-link=\"https:\/\/agora.xtec.cat\/ceip-taquigraf-garriga\/img_3576_compressed\/\" data-original-link=\"https:\/\/agora.xtec.cat\/ceip-taquigraf-garriga\/wp-content\/uploads\/usu853\/2025\/06\/IMG_3576_compressed.jpg\" class=\"wp-block-getwid-images-slider__image wp-image-16049\" srcset=\"https:\/\/agora.xtec.cat\/ceip-taquigraf-garriga\/wp-content\/uploads\/usu853\/2025\/06\/IMG_3576_compressed.jpg 2048w, https:\/\/agora.xtec.cat\/ceip-taquigraf-garriga\/wp-content\/uploads\/usu853\/2025\/06\/IMG_3576_compressed-300x225.jpg 300w, https:\/\/agora.xtec.cat\/ceip-taquigraf-garriga\/wp-content\/uploads\/usu853\/2025\/06\/IMG_3576_compressed-1024x769.jpg 1024w, https:\/\/agora.xtec.cat\/ceip-taquigraf-garriga\/wp-content\/uploads\/usu853\/2025\/06\/IMG_3576_compressed-768x577.jpg 768w, https:\/\/agora.xtec.cat\/ceip-taquigraf-garriga\/wp-content\/uploads\/usu853\/2025\/06\/IMG_3576_compressed-1536x1154.jpg 1536w, https:\/\/agora.xtec.cat\/ceip-taquigraf-garriga\/wp-content\/uploads\/usu853\/2025\/06\/IMG_3576_compressed-200x150.jpg 200w\" sizes=\"auto, (max-width: 2048px) 100vw, 2048px\" \/><\/figure><\/div><div class=\"wp-block-getwid-images-slider__item\"><figure><img loading=\"lazy\" decoding=\"async\" width=\"1920\" height=\"2560\" src=\"https:\/\/agora.xtec.cat\/ceip-taquigraf-garriga\/wp-content\/uploads\/usu853\/2025\/06\/IMG_3544-scaled.jpg\" data-id=\"16047\" data-link=\"https:\/\/agora.xtec.cat\/ceip-taquigraf-garriga\/img_3544\/\" data-original-link=\"https:\/\/agora.xtec.cat\/ceip-taquigraf-garriga\/wp-content\/uploads\/usu853\/2025\/06\/IMG_3544-scaled.jpg\" class=\"wp-block-getwid-images-slider__image wp-image-16047\" srcset=\"https:\/\/agora.xtec.cat\/ceip-taquigraf-garriga\/wp-content\/uploads\/usu853\/2025\/06\/IMG_3544-scaled.jpg 1920w, https:\/\/agora.xtec.cat\/ceip-taquigraf-garriga\/wp-content\/uploads\/usu853\/2025\/06\/IMG_3544-225x300.jpg 225w, https:\/\/agora.xtec.cat\/ceip-taquigraf-garriga\/wp-content\/uploads\/usu853\/2025\/06\/IMG_3544-768x1024.jpg 768w, https:\/\/agora.xtec.cat\/ceip-taquigraf-garriga\/wp-content\/uploads\/usu853\/2025\/06\/IMG_3544-1152x1536.jpg 1152w, https:\/\/agora.xtec.cat\/ceip-taquigraf-garriga\/wp-content\/uploads\/usu853\/2025\/06\/IMG_3544-1536x2048.jpg 1536w\" sizes=\"auto, (max-width: 1920px) 100vw, 1920px\" \/><\/figure><\/div><div class=\"wp-block-getwid-images-slider__item\"><figure><img loading=\"lazy\" decoding=\"async\" width=\"2048\" height=\"1937\" src=\"https:\/\/agora.xtec.cat\/ceip-taquigraf-garriga\/wp-content\/uploads\/usu853\/2025\/06\/colonies_under_2mb-1.jpg\" data-id=\"16045\" data-link=\"https:\/\/agora.xtec.cat\/ceip-taquigraf-garriga\/colonies_under_2mb-2\/\" data-original-link=\"https:\/\/agora.xtec.cat\/ceip-taquigraf-garriga\/wp-content\/uploads\/usu853\/2025\/06\/colonies_under_2mb-1.jpg\" class=\"wp-block-getwid-images-slider__image wp-image-16045\" srcset=\"https:\/\/agora.xtec.cat\/ceip-taquigraf-garriga\/wp-content\/uploads\/usu853\/2025\/06\/colonies_under_2mb-1.jpg 2048w, https:\/\/agora.xtec.cat\/ceip-taquigraf-garriga\/wp-content\/uploads\/usu853\/2025\/06\/colonies_under_2mb-1-300x284.jpg 300w, https:\/\/agora.xtec.cat\/ceip-taquigraf-garriga\/wp-content\/uploads\/usu853\/2025\/06\/colonies_under_2mb-1-1024x969.jpg 1024w, https:\/\/agora.xtec.cat\/ceip-taquigraf-garriga\/wp-content\/uploads\/usu853\/2025\/06\/colonies_under_2mb-1-768x726.jpg 768w, https:\/\/agora.xtec.cat\/ceip-taquigraf-garriga\/wp-content\/uploads\/usu853\/2025\/06\/colonies_under_2mb-1-1536x1453.jpg 1536w\" sizes=\"auto, (max-width: 2048px) 100vw, 2048px\" \/><\/figure><\/div><div class=\"wp-block-getwid-images-slider__item\"><figure><img loading=\"lazy\" decoding=\"async\" width=\"2040\" height=\"1530\" src=\"https:\/\/agora.xtec.cat\/ceip-taquigraf-garriga\/wp-content\/uploads\/usu853\/2025\/06\/WhatsApp-Image-2025-06-04-at-13.24.34.jpeg\" data-id=\"16053\" data-link=\"https:\/\/agora.xtec.cat\/ceip-taquigraf-garriga\/?attachment_id=16053\" data-original-link=\"https:\/\/agora.xtec.cat\/ceip-taquigraf-garriga\/wp-content\/uploads\/usu853\/2025\/06\/WhatsApp-Image-2025-06-04-at-13.24.34.jpeg\" class=\"wp-block-getwid-images-slider__image wp-image-16053\" srcset=\"https:\/\/agora.xtec.cat\/ceip-taquigraf-garriga\/wp-content\/uploads\/usu853\/2025\/06\/WhatsApp-Image-2025-06-04-at-13.24.34.jpeg 2040w, https:\/\/agora.xtec.cat\/ceip-taquigraf-garriga\/wp-content\/uploads\/usu853\/2025\/06\/WhatsApp-Image-2025-06-04-at-13.24.34-300x225.jpeg 300w, https:\/\/agora.xtec.cat\/ceip-taquigraf-garriga\/wp-content\/uploads\/usu853\/2025\/06\/WhatsApp-Image-2025-06-04-at-13.24.34-1024x768.jpeg 1024w, https:\/\/agora.xtec.cat\/ceip-taquigraf-garriga\/wp-content\/uploads\/usu853\/2025\/06\/WhatsApp-Image-2025-06-04-at-13.24.34-768x576.jpeg 768w, https:\/\/agora.xtec.cat\/ceip-taquigraf-garriga\/wp-content\/uploads\/usu853\/2025\/06\/WhatsApp-Image-2025-06-04-at-13.24.34-1536x1152.jpeg 1536w, https:\/\/agora.xtec.cat\/ceip-taquigraf-garriga\/wp-content\/uploads\/usu853\/2025\/06\/WhatsApp-Image-2025-06-04-at-13.24.34-200x150.jpeg 200w\" sizes=\"auto, (max-width: 2040px) 100vw, 2040px\" \/><\/figure><\/div><div class=\"wp-block-getwid-images-slider__item\"><figure><img loading=\"lazy\" decoding=\"async\" width=\"1600\" height=\"1200\" src=\"https:\/\/agora.xtec.cat\/ceip-taquigraf-garriga\/wp-content\/uploads\/usu853\/2025\/06\/WhatsApp-Image-2025-06-04-at-13.28.13.jpeg\" data-id=\"16054\" data-link=\"https:\/\/agora.xtec.cat\/ceip-taquigraf-garriga\/?attachment_id=16054\" data-original-link=\"https:\/\/agora.xtec.cat\/ceip-taquigraf-garriga\/wp-content\/uploads\/usu853\/2025\/06\/WhatsApp-Image-2025-06-04-at-13.28.13.jpeg\" class=\"wp-block-getwid-images-slider__image wp-image-16054\" srcset=\"https:\/\/agora.xtec.cat\/ceip-taquigraf-garriga\/wp-content\/uploads\/usu853\/2025\/06\/WhatsApp-Image-2025-06-04-at-13.28.13.jpeg 1600w, https:\/\/agora.xtec.cat\/ceip-taquigraf-garriga\/wp-content\/uploads\/usu853\/2025\/06\/WhatsApp-Image-2025-06-04-at-13.28.13-300x225.jpeg 300w, https:\/\/agora.xtec.cat\/ceip-taquigraf-garriga\/wp-content\/uploads\/usu853\/2025\/06\/WhatsApp-Image-2025-06-04-at-13.28.13-1024x768.jpeg 1024w, https:\/\/agora.xtec.cat\/ceip-taquigraf-garriga\/wp-content\/uploads\/usu853\/2025\/06\/WhatsApp-Image-2025-06-04-at-13.28.13-768x576.jpeg 768w, https:\/\/agora.xtec.cat\/ceip-taquigraf-garriga\/wp-content\/uploads\/usu853\/2025\/06\/WhatsApp-Image-2025-06-04-at-13.28.13-1536x1152.jpeg 1536w, https:\/\/agora.xtec.cat\/ceip-taquigraf-garriga\/wp-content\/uploads\/usu853\/2025\/06\/WhatsApp-Image-2025-06-04-at-13.28.13-200x150.jpeg 200w\" sizes=\"auto, (max-width: 1600px) 100vw, 1600px\" \/><\/figure><\/div><div class=\"wp-block-getwid-images-slider__item\"><figure><img loading=\"lazy\" decoding=\"async\" width=\"2040\" height=\"1530\" src=\"https:\/\/agora.xtec.cat\/ceip-taquigraf-garriga\/wp-content\/uploads\/usu853\/2025\/06\/WhatsApp-Image-2025-06-04-at-13.28.27.jpeg\" data-id=\"16055\" data-link=\"https:\/\/agora.xtec.cat\/ceip-taquigraf-garriga\/?attachment_id=16055\" data-original-link=\"https:\/\/agora.xtec.cat\/ceip-taquigraf-garriga\/wp-content\/uploads\/usu853\/2025\/06\/WhatsApp-Image-2025-06-04-at-13.28.27.jpeg\" class=\"wp-block-getwid-images-slider__image wp-image-16055\" srcset=\"https:\/\/agora.xtec.cat\/ceip-taquigraf-garriga\/wp-content\/uploads\/usu853\/2025\/06\/WhatsApp-Image-2025-06-04-at-13.28.27.jpeg 2040w, https:\/\/agora.xtec.cat\/ceip-taquigraf-garriga\/wp-content\/uploads\/usu853\/2025\/06\/WhatsApp-Image-2025-06-04-at-13.28.27-300x225.jpeg 300w, https:\/\/agora.xtec.cat\/ceip-taquigraf-garriga\/wp-content\/uploads\/usu853\/2025\/06\/WhatsApp-Image-2025-06-04-at-13.28.27-1024x768.jpeg 1024w, https:\/\/agora.xtec.cat\/ceip-taquigraf-garriga\/wp-content\/uploads\/usu853\/2025\/06\/WhatsApp-Image-2025-06-04-at-13.28.27-768x576.jpeg 768w, https:\/\/agora.xtec.cat\/ceip-taquigraf-garriga\/wp-content\/uploads\/usu853\/2025\/06\/WhatsApp-Image-2025-06-04-at-13.28.27-1536x1152.jpeg 1536w, https:\/\/agora.xtec.cat\/ceip-taquigraf-garriga\/wp-content\/uploads\/usu853\/2025\/06\/WhatsApp-Image-2025-06-04-at-13.28.27-200x150.jpeg 200w\" sizes=\"auto, (max-width: 2040px) 100vw, 2040px\" \/><\/figure><\/div><\/div><\/div>\n\n\n\n<p>Els passats dies 28, 29 i 30 de maig, l&#8217;alumnat de sis\u00e8 va anar de col\u00f2nies a l&#8217;Estartit, al camping la Sirena. Es van allotjar en bungalows i van fer diferents activitats d&#8217;aigua com snorkel, surf i activitats de platja com volley platja. <\/p>\n\n\n\n<p>Tamb\u00e9 van gaudir de la piscina i de tir amb arc, aix\u00ed com jocs de nit els dos dies. Sens dubte va ser una experi\u00e8ncia que recordaran durant tota la vida.<\/p>\n\n\n\n<p>Us desitgem molta sort en aquesta nova etapa que obriu, el pas a l&#8217;institut. Conven\u00e7udes que ho fareu molt b\u00e9 si us hi esforceu de valent.<\/p>\n\n\n\n<p><\/p>\n","protected":false},"excerpt":{"rendered":"<p>Els passats dies 28, 29 i 30 de maig, l&#8217;alumnat de sis\u00e8 va anar de col\u00f2nies a l&#8217;Estartit, al camping la Sirena. Es van allotjar en bungalows i van fer diferents activitats d&#8217;aigua com snorkel, surf i activitats de platja com volley platja. Tamb\u00e9 van gaudir de la piscina i de tir amb arc, aix\u00ed [&hellip;]<\/p>\n","protected":false},"author":1,"featured_media":16054,"comment_status":"open","ping_status":"open","sticky":false,"template":"","format":"standard","meta":{"_bbp_topic_count":0,"_bbp_reply_count":0,"_bbp_total_topic_count":0,"_bbp_total_reply_count":0,"_bbp_voice_count":0,"_bbp_anonymous_reply_count":0,"_bbp_topic_count_hidden":0,"_bbp_reply_count_hidden":0,"_bbp_forum_subforum_count":0,"site-sidebar-layout":"default","site-content-layout":"","ast-site-content-layout":"","site-content-style":"default","site-sidebar-style":"default","ast-global-header-display":"","ast-banner-title-visibility":"","ast-main-header-display":"","ast-hfb-above-header-display":"","ast-hfb-below-header-display":"","ast-hfb-mobile-header-display":"","site-post-title":"","ast-breadcrumbs-content":"","ast-featured-img":"","footer-sml-layout":"","theme-transparent-header-meta":"","adv-header-id-meta":"","stick-header-meta":"","header-above-stick-meta":"","header-main-stick-meta":"","header-below-stick-meta":"","astra-migrate-meta-layouts":"default","ast-page-background-enabled":"default","ast-page-background-meta":{"desktop":{"background-color":"var(--ast-global-color-4)","background-image":"","background-repeat":"repeat","background-position":"center center","background-size":"auto","background-attachment":"scroll","background-type":"","background-media":"","overlay-type":"","overlay-color":"","overlay-opacity":"","overlay-gradient":""},"tablet":{"background-color":"","background-image":"","background-repeat":"repeat","background-position":"center center","background-size":"auto","background-attachment":"scroll","background-type":"","background-media":"","overlay-type":"","overlay-color":"","overlay-opacity":"","overlay-gradient":""},"mobile":{"background-color":"","background-image":"","background-repeat":"repeat","background-position":"center center","background-size":"auto","background-attachment":"scroll","background-type":"","background-media":"","overlay-type":"","overlay-color":"","overlay-opacity":"","overlay-gradient":""}},"ast-content-background-meta":{"desktop":{"background-color":"var(--ast-global-color-5)","background-image":"","background-repeat":"repeat","background-position":"center center","background-size":"auto","background-attachment":"scroll","background-type":"","background-media":"","overlay-type":"","overlay-color":"","overlay-opacity":"","overlay-gradient":""},"tablet":{"background-color":"var(--ast-global-color-5)","background-image":"","background-repeat":"repeat","background-position":"center center","background-size":"auto","background-attachment":"scroll","background-type":"","background-media":"","overlay-type":"","overlay-color":"","overlay-opacity":"","overlay-gradient":""},"mobile":{"background-color":"var(--ast-global-color-5)","background-image":"","background-repeat":"repeat","background-position":"center center","background-size":"auto","background-attachment":"scroll","background-type":"","background-media":"","overlay-type":"","overlay-color":"","overlay-opacity":"","overlay-gradient":""}},"footnotes":""},"categories":[142,190,288,4],"tags":[151,468,40,43],"class_list":["post-16041","post","type-post","status-publish","format-standard","has-post-thumbnail","hentry","category-6e-primaria","category-families","category-grans","category-portada","tag-alumnes","tag-comunitat-grans","tag-escola","tag-primaria"],"post_mailing_queue_ids":[],"_links":{"self":[{"href":"https:\/\/agora.xtec.cat\/ceip-taquigraf-garriga\/wp-json\/wp\/v2\/posts\/16041","targetHints":{"allow":["GET"]}}],"collection":[{"href":"https:\/\/agora.xtec.cat\/ceip-taquigraf-garriga\/wp-json\/wp\/v2\/posts"}],"about":[{"href":"https:\/\/agora.xtec.cat\/ceip-taquigraf-garriga\/wp-json\/wp\/v2\/types\/post"}],"author":[{"embeddable":true,"href":"https:\/\/agora.xtec.cat\/ceip-taquigraf-garriga\/wp-json\/wp\/v2\/users\/1"}],"replies":[{"embeddable":true,"href":"https:\/\/agora.xtec.cat\/ceip-taquigraf-garriga\/wp-json\/wp\/v2\/comments?post=16041"}],"version-history":[{"count":3,"href":"https:\/\/agora.xtec.cat\/ceip-taquigraf-garriga\/wp-json\/wp\/v2\/posts\/16041\/revisions"}],"predecessor-version":[{"id":16056,"href":"https:\/\/agora.xtec.cat\/ceip-taquigraf-garriga\/wp-json\/wp\/v2\/posts\/16041\/revisions\/16056"}],"wp:featuredmedia":[{"embeddable":true,"href":"https:\/\/agora.xtec.cat\/ceip-taquigraf-garriga\/wp-json\/wp\/v2\/media\/16054"}],"wp:attachment":[{"href":"https:\/\/agora.xtec.cat\/ceip-taquigraf-garriga\/wp-json\/wp\/v2\/media?parent=16041"}],"wp:term":[{"taxonomy":"category","embeddable":true,"href":"https:\/\/agora.xtec.cat\/ceip-taquigraf-garriga\/wp-json\/wp\/v2\/categories?post=16041"},{"taxonomy":"post_tag","embeddable":true,"href":"https:\/\/agora.xtec.cat\/ceip-taquigraf-garriga\/wp-json\/wp\/v2\/tags?post=16041"}],"curies":[{"name":"wp","href":"https:\/\/api.w.org\/{rel}","templated":true}]}}