{"id":16007,"date":"2025-05-19T16:09:52","date_gmt":"2025-05-19T14:09:52","guid":{"rendered":"https:\/\/agora.xtec.cat\/ceip-taquigraf-garriga\/?p=16007"},"modified":"2025-07-29T08:33:03","modified_gmt":"2025-07-29T06:33:03","slug":"la-magia-de-la-foscor","status":"publish","type":"post","link":"https:\/\/agora.xtec.cat\/ceip-taquigraf-garriga\/general\/la-magia-de-la-foscor\/","title":{"rendered":"La M\u00c0GIA de la FOSCOR"},"content":{"rendered":"\n<figure class=\"wp-block-embed aligncenter is-type-video is-provider-youtube wp-block-embed-youtube wp-embed-aspect-16-9 wp-has-aspect-ratio\"><div class=\"wp-block-embed__wrapper\">\n<div class=\"ast-oembed-container \" style=\"height: 100%;\"><iframe loading=\"lazy\" title=\"LABORATORI DE LECTURA   OMBRES\" width=\"500\" height=\"281\" src=\"https:\/\/www.youtube.com\/embed\/HWCjxsY_ifk?feature=oembed\" frameborder=\"0\" allow=\"accelerometer; autoplay; clipboard-write; encrypted-media; gyroscope; picture-in-picture; web-share\" referrerpolicy=\"strict-origin-when-cross-origin\" allowfullscreen><\/iframe><\/div>\n<\/div><\/figure>\n\n\n\n<p class=\"has-text-align-center has-black-color has-text-color has-link-color has-medium-font-size wp-elements-2c915eb773274f91cdba1af6268d98f2\">Durant uns dies, el<strong> LABORATORI de CI\u00c8NCIES <\/strong>s\u2019ha convertit en un espai m\u00e0gic i misteri\u00f3s\u2026<\/p>\n\n\n\n<p class=\"has-text-align-center has-black-color has-text-color has-link-color has-medium-font-size wp-elements-db39459b5b9ef87b078ae534fca62bb0\"><br>A les fosques, nom\u00e9s amb la llum dels nostres lots, hem seguit les ombres dels contes per descobrir hist\u00f2ries amagades i deixar volar la nostra imaginaci\u00f3.<\/p>\n\n\n\n<p class=\"has-text-align-center has-luminous-vivid-amber-color has-text-color has-link-color has-medium-font-size wp-elements-bb7b66c83ec589a0cc36ecc567ca3651\"><br><strong>Amb el laboratori de lectura OMBRES, els m\u00e9s petits han viscut una experi\u00e8ncia plena de fantasia, llum i creativitat.<\/strong><\/p>\n\n\n\n<p class=\"has-small-font-size\">LaboratorideLectura #Ombres #BibliotecaETG #EscolaTaqu\u00edgrafGarriga #LecturaAmbLlum #Imaginaci\u00f3EnAcci\u00f3 #EscolaP\u00fablica #LlegirEnsFaLliures #BibliotecaEscolar #LecturaAmbEmocions #LlegirEnsFaLliures #Llegir\u00c9sRecordar #ImpulsALaLectura<\/p>\n","protected":false},"excerpt":{"rendered":"<p>Durant uns dies, el LABORATORI de CI\u00c8NCIES s\u2019ha convertit en un espai m\u00e0gic i misteri\u00f3s\u2026 A les fosques, nom\u00e9s amb la llum dels nostres lots, hem seguit les ombres dels contes per descobrir hist\u00f2ries amagades i deixar volar la nostra imaginaci\u00f3. Amb el laboratori de lectura OMBRES, els m\u00e9s petits han viscut una experi\u00e8ncia plena [&hellip;]<\/p>\n","protected":false},"author":22,"featured_media":16165,"comment_status":"open","ping_status":"open","sticky":false,"template":"","format":"standard","meta":{"_bbp_topic_count":0,"_bbp_reply_count":0,"_bbp_total_topic_count":0,"_bbp_total_reply_count":0,"_bbp_voice_count":0,"_bbp_anonymous_reply_count":0,"_bbp_topic_count_hidden":0,"_bbp_reply_count_hidden":0,"_bbp_forum_subforum_count":0,"site-sidebar-layout":"default","site-content-layout":"","ast-site-content-layout":"default","site-content-style":"default","site-sidebar-style":"default","ast-global-header-display":"","ast-banner-title-visibility":"","ast-main-header-display":"","ast-hfb-above-header-display":"","ast-hfb-below-header-display":"","ast-hfb-mobile-header-display":"","site-post-title":"","ast-breadcrumbs-content":"","ast-featured-img":"","footer-sml-layout":"","theme-transparent-header-meta":"","adv-header-id-meta":"","stick-header-meta":"","header-above-stick-meta":"","header-main-stick-meta":"","header-below-stick-meta":"","astra-migrate-meta-layouts":"set","ast-page-background-enabled":"default","ast-page-background-meta":{"desktop":{"background-color":"var(--ast-global-color-4)","background-image":"","background-repeat":"repeat","background-position":"center center","background-size":"auto","background-attachment":"scroll","background-type":"","background-media":"","overlay-type":"","overlay-color":"","overlay-opacity":"","overlay-gradient":""},"tablet":{"background-color":"","background-image":"","background-repeat":"repeat","background-position":"center center","background-size":"auto","background-attachment":"scroll","background-type":"","background-media":"","overlay-type":"","overlay-color":"","overlay-opacity":"","overlay-gradient":""},"mobile":{"background-color":"","background-image":"","background-repeat":"repeat","background-position":"center center","background-size":"auto","background-attachment":"scroll","background-type":"","background-media":"","overlay-type":"","overlay-color":"","overlay-opacity":"","overlay-gradient":""}},"ast-content-background-meta":{"desktop":{"background-color":"var(--ast-global-color-5)","background-image":"","background-repeat":"repeat","background-position":"center center","background-size":"auto","background-attachment":"scroll","background-type":"","background-media":"","overlay-type":"","overlay-color":"","overlay-opacity":"","overlay-gradient":""},"tablet":{"background-color":"var(--ast-global-color-5)","background-image":"","background-repeat":"repeat","background-position":"center center","background-size":"auto","background-attachment":"scroll","background-type":"","background-media":"","overlay-type":"","overlay-color":"","overlay-opacity":"","overlay-gradient":""},"mobile":{"background-color":"var(--ast-global-color-5)","background-image":"","background-repeat":"repeat","background-position":"center center","background-size":"auto","background-attachment":"scroll","background-type":"","background-media":"","overlay-type":"","overlay-color":"","overlay-opacity":"","overlay-gradient":""}},"footnotes":""},"categories":[10,11,1,3,8,9,231,196,2,4],"tags":[151,225,78,382,346,40,92,94,44,460,181,329,311,43],"class_list":["post-16007","post","type-post","status-publish","format-standard","has-post-thumbnail","hentry","category-1r","category-2n","category-general","category-i3","category-i4","category-i5","category-lectura","category-mitjans","category-petits","category-portada","tag-alumnes","tag-bibliopati","tag-biblioteca","tag-biblioteca-escolar","tag-biblioteca-municipal-desparreguera","tag-escola","tag-esparreguera","tag-families","tag-infantil","tag-laboratori-de-lectura","tag-lectoescriptura","tag-lectura","tag-llegir","tag-primaria"],"post_mailing_queue_ids":[],"_links":{"self":[{"href":"https:\/\/agora.xtec.cat\/ceip-taquigraf-garriga\/wp-json\/wp\/v2\/posts\/16007","targetHints":{"allow":["GET"]}}],"collection":[{"href":"https:\/\/agora.xtec.cat\/ceip-taquigraf-garriga\/wp-json\/wp\/v2\/posts"}],"about":[{"href":"https:\/\/agora.xtec.cat\/ceip-taquigraf-garriga\/wp-json\/wp\/v2\/types\/post"}],"author":[{"embeddable":true,"href":"https:\/\/agora.xtec.cat\/ceip-taquigraf-garriga\/wp-json\/wp\/v2\/users\/22"}],"replies":[{"embeddable":true,"href":"https:\/\/agora.xtec.cat\/ceip-taquigraf-garriga\/wp-json\/wp\/v2\/comments?post=16007"}],"version-history":[{"count":4,"href":"https:\/\/agora.xtec.cat\/ceip-taquigraf-garriga\/wp-json\/wp\/v2\/posts\/16007\/revisions"}],"predecessor-version":[{"id":16166,"href":"https:\/\/agora.xtec.cat\/ceip-taquigraf-garriga\/wp-json\/wp\/v2\/posts\/16007\/revisions\/16166"}],"wp:featuredmedia":[{"embeddable":true,"href":"https:\/\/agora.xtec.cat\/ceip-taquigraf-garriga\/wp-json\/wp\/v2\/media\/16165"}],"wp:attachment":[{"href":"https:\/\/agora.xtec.cat\/ceip-taquigraf-garriga\/wp-json\/wp\/v2\/media?parent=16007"}],"wp:term":[{"taxonomy":"category","embeddable":true,"href":"https:\/\/agora.xtec.cat\/ceip-taquigraf-garriga\/wp-json\/wp\/v2\/categories?post=16007"},{"taxonomy":"post_tag","embeddable":true,"href":"https:\/\/agora.xtec.cat\/ceip-taquigraf-garriga\/wp-json\/wp\/v2\/tags?post=16007"}],"curies":[{"name":"wp","href":"https:\/\/api.w.org\/{rel}","templated":true}]}}