{"id":16003,"date":"2025-05-19T15:58:30","date_gmt":"2025-05-19T13:58:30","guid":{"rendered":"https:\/\/agora.xtec.cat\/ceip-taquigraf-garriga\/?p=16003"},"modified":"2025-07-29T08:30:00","modified_gmt":"2025-07-29T06:30:00","slug":"els-tresors-den-francesco","status":"publish","type":"post","link":"https:\/\/agora.xtec.cat\/ceip-taquigraf-garriga\/general\/els-tresors-den-francesco\/","title":{"rendered":"Els tresors d\u2019en Francesco"},"content":{"rendered":"\n<p class=\"has-drop-cap has-black-color has-text-color has-link-color has-medium-font-size wp-elements-ec2011ed26e49fd30221f0478504bfc0\" style=\"font-style:normal;font-weight:500\">Durant unes setmanes, la nostra Biblioteca s\u2019ha omplert de records, emocions i hist\u00f2ries que hi viuen dins d\u2019unes capses molt especials.<br>Amb el laboratori de lectura <strong>ENCAIXEM RECORDS<\/strong>, inspirat en <strong>El diari de les capses de llumins<\/strong> de Paul Fleischman, hem viatjat a la inf\u00e0ncia de Francesco a trav\u00e9s dels seus records.<\/p>\n\n\n\n<p class=\"has-text-align-center has-luminous-vivid-orange-color has-text-color has-link-color has-medium-font-size wp-elements-b6acefe1c06a09e60d07c1917ac19567\"><strong>Gr\u00e0cies, Francesco, per compartir amb nosaltres els teus tresors i ensenyar-nos que llegir tamb\u00e9 \u00e9s recordar.<\/strong><\/p>\n\n\n\n<p class=\"has-small-font-size\">EncaixemRecords #LaboratorideLectura #BibliotecaETG #EscolaP\u00fablica #EscolaTaqu\u00edgrafGarriga #ElDiariDeLesCapsesDeLlumins #LecturaAmbEmocions #BibliotecaEscolar #LlegirEnsFaLliures #Llegir\u00c9sRecordar #ImpulsALaLectura<\/p>\n\n\n\n<figure class=\"wp-block-embed aligncenter is-type-video is-provider-youtube wp-block-embed-youtube wp-embed-aspect-16-9 wp-has-aspect-ratio\"><div class=\"wp-block-embed__wrapper\">\n<div class=\"ast-oembed-container \" style=\"height: 100%;\"><iframe loading=\"lazy\" title=\"Encaixem Records\" width=\"500\" height=\"281\" src=\"https:\/\/www.youtube.com\/embed\/a09Fu6gydZw?feature=oembed\" frameborder=\"0\" allow=\"accelerometer; autoplay; clipboard-write; encrypted-media; gyroscope; picture-in-picture; web-share\" referrerpolicy=\"strict-origin-when-cross-origin\" allowfullscreen><\/iframe><\/div>\n<\/div><\/figure>\n\n\n\n<p><\/p>\n","protected":false},"excerpt":{"rendered":"<p>Durant unes setmanes, la nostra Biblioteca s\u2019ha omplert de records, emocions i hist\u00f2ries que hi viuen dins d\u2019unes capses molt especials.Amb el laboratori de lectura ENCAIXEM RECORDS, inspirat en El diari de les capses de llumins de Paul Fleischman, hem viatjat a la inf\u00e0ncia de Francesco a trav\u00e9s dels seus records. Gr\u00e0cies, Francesco, per compartir [&hellip;]<\/p>\n","protected":false},"author":22,"featured_media":16081,"comment_status":"open","ping_status":"open","sticky":false,"template":"","format":"standard","meta":{"_bbp_topic_count":0,"_bbp_reply_count":0,"_bbp_total_topic_count":0,"_bbp_total_reply_count":0,"_bbp_voice_count":0,"_bbp_anonymous_reply_count":0,"_bbp_topic_count_hidden":0,"_bbp_reply_count_hidden":0,"_bbp_forum_subforum_count":0,"site-sidebar-layout":"default","site-content-layout":"","ast-site-content-layout":"default","site-content-style":"default","site-sidebar-style":"default","ast-global-header-display":"","ast-banner-title-visibility":"","ast-main-header-display":"","ast-hfb-above-header-display":"","ast-hfb-below-header-display":"","ast-hfb-mobile-header-display":"","site-post-title":"","ast-breadcrumbs-content":"","ast-featured-img":"","footer-sml-layout":"","theme-transparent-header-meta":"","adv-header-id-meta":"","stick-header-meta":"","header-above-stick-meta":"","header-main-stick-meta":"","header-below-stick-meta":"","astra-migrate-meta-layouts":"set","ast-page-background-enabled":"default","ast-page-background-meta":{"desktop":{"background-color":"var(--ast-global-color-4)","background-image":"","background-repeat":"repeat","background-position":"center center","background-size":"auto","background-attachment":"scroll","background-type":"","background-media":"","overlay-type":"","overlay-color":"","overlay-opacity":"","overlay-gradient":""},"tablet":{"background-color":"","background-image":"","background-repeat":"repeat","background-position":"center center","background-size":"auto","background-attachment":"scroll","background-type":"","background-media":"","overlay-type":"","overlay-color":"","overlay-opacity":"","overlay-gradient":""},"mobile":{"background-color":"","background-image":"","background-repeat":"repeat","background-position":"center center","background-size":"auto","background-attachment":"scroll","background-type":"","background-media":"","overlay-type":"","overlay-color":"","overlay-opacity":"","overlay-gradient":""}},"ast-content-background-meta":{"desktop":{"background-color":"var(--ast-global-color-5)","background-image":"","background-repeat":"repeat","background-position":"center center","background-size":"auto","background-attachment":"scroll","background-type":"","background-media":"","overlay-type":"","overlay-color":"","overlay-opacity":"","overlay-gradient":""},"tablet":{"background-color":"var(--ast-global-color-5)","background-image":"","background-repeat":"repeat","background-position":"center center","background-size":"auto","background-attachment":"scroll","background-type":"","background-media":"","overlay-type":"","overlay-color":"","overlay-opacity":"","overlay-gradient":""},"mobile":{"background-color":"var(--ast-global-color-5)","background-image":"","background-repeat":"repeat","background-position":"center center","background-size":"auto","background-attachment":"scroll","background-type":"","background-media":"","overlay-type":"","overlay-color":"","overlay-opacity":"","overlay-gradient":""}},"footnotes":""},"categories":[12,13,14,142,1,288,231,4],"tags":[151,225,78,382,346,40,92,460,329,43],"class_list":["post-16003","post","type-post","status-publish","format-standard","has-post-thumbnail","hentry","category-3r","category-4t","category-5e","category-6e-primaria","category-general","category-grans","category-lectura","category-portada","tag-alumnes","tag-bibliopati","tag-biblioteca","tag-biblioteca-escolar","tag-biblioteca-municipal-desparreguera","tag-escola","tag-esparreguera","tag-laboratori-de-lectura","tag-lectura","tag-primaria"],"post_mailing_queue_ids":[],"_links":{"self":[{"href":"https:\/\/agora.xtec.cat\/ceip-taquigraf-garriga\/wp-json\/wp\/v2\/posts\/16003","targetHints":{"allow":["GET"]}}],"collection":[{"href":"https:\/\/agora.xtec.cat\/ceip-taquigraf-garriga\/wp-json\/wp\/v2\/posts"}],"about":[{"href":"https:\/\/agora.xtec.cat\/ceip-taquigraf-garriga\/wp-json\/wp\/v2\/types\/post"}],"author":[{"embeddable":true,"href":"https:\/\/agora.xtec.cat\/ceip-taquigraf-garriga\/wp-json\/wp\/v2\/users\/22"}],"replies":[{"embeddable":true,"href":"https:\/\/agora.xtec.cat\/ceip-taquigraf-garriga\/wp-json\/wp\/v2\/comments?post=16003"}],"version-history":[{"count":5,"href":"https:\/\/agora.xtec.cat\/ceip-taquigraf-garriga\/wp-json\/wp\/v2\/posts\/16003\/revisions"}],"predecessor-version":[{"id":16164,"href":"https:\/\/agora.xtec.cat\/ceip-taquigraf-garriga\/wp-json\/wp\/v2\/posts\/16003\/revisions\/16164"}],"wp:featuredmedia":[{"embeddable":true,"href":"https:\/\/agora.xtec.cat\/ceip-taquigraf-garriga\/wp-json\/wp\/v2\/media\/16081"}],"wp:attachment":[{"href":"https:\/\/agora.xtec.cat\/ceip-taquigraf-garriga\/wp-json\/wp\/v2\/media?parent=16003"}],"wp:term":[{"taxonomy":"category","embeddable":true,"href":"https:\/\/agora.xtec.cat\/ceip-taquigraf-garriga\/wp-json\/wp\/v2\/categories?post=16003"},{"taxonomy":"post_tag","embeddable":true,"href":"https:\/\/agora.xtec.cat\/ceip-taquigraf-garriga\/wp-json\/wp\/v2\/tags?post=16003"}],"curies":[{"name":"wp","href":"https:\/\/api.w.org\/{rel}","templated":true}]}}