{"id":15897,"date":"2025-03-11T23:52:14","date_gmt":"2025-03-11T22:52:14","guid":{"rendered":"https:\/\/agora.xtec.cat\/ceip-taquigraf-garriga\/?p=15897"},"modified":"2025-03-20T06:59:00","modified_gmt":"2025-03-20T05:59:00","slug":"dona-veus-que-inspiren","status":"publish","type":"post","link":"https:\/\/agora.xtec.cat\/ceip-taquigraf-garriga\/general\/dona-veus-que-inspiren\/","title":{"rendered":"&#8220;DONA: VEUS QUE INSPIREN&#8221;"},"content":{"rendered":"\n<figure class=\"wp-block-video\"><video controls src=\"https:\/\/agora.xtec.cat\/ceip-taquigraf-garriga\/wp-content\/uploads\/usu853\/2025\/03\/DONA.mp4\"><\/video><\/figure>\n\n\n\n<p>A la biblioteca de l\u2019escola, hem creat un espai especial per retre homenatge a totes les dones que, amb la seva for\u00e7a, valentia i talent, han deixat empremta al m\u00f3n. Mares, \u00e0vies, esportistes, escriptores, nenes, cient\u00edfiques\u2026 Cada una d\u2019elles t\u00e9 una hist\u00f2ria per explicar i un llegat per compartir!<br>Veniu a descobrir l\u2019exposici\u00f3 <strong>&#8220;DONA&#8221;<\/strong>, un recorregut ple d\u2019inspiraci\u00f3, igualtat i reconeixement. Us convidem a visitar-la, explorar-la i deixar-vos sorprendre!<\/p>\n\n\n\n<p class=\"has-text-align-center has-vivid-purple-color has-text-color has-link-color has-medium-font-size wp-elements-7b6a8bf4d829393e42f89a92319c0af7\"><br><strong>Perqu\u00e8 totes les veus compten i totes les hist\u00f2ries mereixen <\/strong><\/p>\n\n\n\n<p class=\"has-text-align-center has-vivid-purple-color has-text-color has-link-color has-medium-font-size wp-elements-89b39bcf0bd5eff8c9636cd2fc922f1d\"><strong>ser LLEGIDES i ESCOLTADES.<\/strong><\/p>\n\n\n\n<h1 class=\"wp-block-heading has-small-font-size\">Exposici\u00f3DONA #VeusQueInspiren #8M #DiaDeLaDona #Igualtat #BibliotecaQueEduca #Educaci\u00f3P\u00fablica #Eduquemambvalors<\/h1>\n","protected":false},"excerpt":{"rendered":"<p>A la biblioteca de l\u2019escola, hem creat un espai especial per retre homenatge a totes les dones que, amb la seva for\u00e7a, valentia i talent, han deixat empremta al m\u00f3n. Mares, \u00e0vies, esportistes, escriptores, nenes, cient\u00edfiques\u2026 Cada una d\u2019elles t\u00e9 una hist\u00f2ria per explicar i un llegat per compartir!Veniu a descobrir l\u2019exposici\u00f3 &#8220;DONA&#8221;, un recorregut [&hellip;]<\/p>\n","protected":false},"author":22,"featured_media":0,"comment_status":"open","ping_status":"open","sticky":false,"template":"","format":"standard","meta":{"_bbp_topic_count":0,"_bbp_reply_count":0,"_bbp_total_topic_count":0,"_bbp_total_reply_count":0,"_bbp_voice_count":0,"_bbp_anonymous_reply_count":0,"_bbp_topic_count_hidden":0,"_bbp_reply_count_hidden":0,"_bbp_forum_subforum_count":0,"site-sidebar-layout":"default","site-content-layout":"","ast-site-content-layout":"","site-content-style":"default","site-sidebar-style":"default","ast-global-header-display":"","ast-banner-title-visibility":"","ast-main-header-display":"","ast-hfb-above-header-display":"","ast-hfb-below-header-display":"","ast-hfb-mobile-header-display":"","site-post-title":"","ast-breadcrumbs-content":"","ast-featured-img":"","footer-sml-layout":"","theme-transparent-header-meta":"","adv-header-id-meta":"","stick-header-meta":"","header-above-stick-meta":"","header-main-stick-meta":"","header-below-stick-meta":"","astra-migrate-meta-layouts":"default","ast-page-background-enabled":"default","ast-page-background-meta":{"desktop":{"background-color":"var(--ast-global-color-4)","background-image":"","background-repeat":"repeat","background-position":"center center","background-size":"auto","background-attachment":"scroll","background-type":"","background-media":"","overlay-type":"","overlay-color":"","overlay-opacity":"","overlay-gradient":""},"tablet":{"background-color":"","background-image":"","background-repeat":"repeat","background-position":"center center","background-size":"auto","background-attachment":"scroll","background-type":"","background-media":"","overlay-type":"","overlay-color":"","overlay-opacity":"","overlay-gradient":""},"mobile":{"background-color":"","background-image":"","background-repeat":"repeat","background-position":"center center","background-size":"auto","background-attachment":"scroll","background-type":"","background-media":"","overlay-type":"","overlay-color":"","overlay-opacity":"","overlay-gradient":""}},"ast-content-background-meta":{"desktop":{"background-color":"var(--ast-global-color-5)","background-image":"","background-repeat":"repeat","background-position":"center center","background-size":"auto","background-attachment":"scroll","background-type":"","background-media":"","overlay-type":"","overlay-color":"","overlay-opacity":"","overlay-gradient":""},"tablet":{"background-color":"var(--ast-global-color-5)","background-image":"","background-repeat":"repeat","background-position":"center center","background-size":"auto","background-attachment":"scroll","background-type":"","background-media":"","overlay-type":"","overlay-color":"","overlay-opacity":"","overlay-gradient":""},"mobile":{"background-color":"var(--ast-global-color-5)","background-image":"","background-repeat":"repeat","background-position":"center center","background-size":"auto","background-attachment":"scroll","background-type":"","background-media":"","overlay-type":"","overlay-color":"","overlay-opacity":"","overlay-gradient":""}},"footnotes":""},"categories":[10,11,12,13,14,142,190,1,288,3,8,9,231,196,2,4],"tags":[151,78,382,168,113,40,92,94,457,44,329,311,43],"class_list":["post-15897","post","type-post","status-publish","format-standard","hentry","category-1r","category-2n","category-3r","category-4t","category-5e","category-6e-primaria","category-families","category-general","category-grans","category-i3","category-i4","category-i5","category-lectura","category-mitjans","category-petits","category-portada","tag-alumnes","tag-biblioteca","tag-biblioteca-escolar","tag-cicle-inicial","tag-cicle-superior","tag-escola","tag-esparreguera","tag-families","tag-gaudir-llegint","tag-infantil","tag-lectura","tag-llegir","tag-primaria"],"post_mailing_queue_ids":[],"_links":{"self":[{"href":"https:\/\/agora.xtec.cat\/ceip-taquigraf-garriga\/wp-json\/wp\/v2\/posts\/15897","targetHints":{"allow":["GET"]}}],"collection":[{"href":"https:\/\/agora.xtec.cat\/ceip-taquigraf-garriga\/wp-json\/wp\/v2\/posts"}],"about":[{"href":"https:\/\/agora.xtec.cat\/ceip-taquigraf-garriga\/wp-json\/wp\/v2\/types\/post"}],"author":[{"embeddable":true,"href":"https:\/\/agora.xtec.cat\/ceip-taquigraf-garriga\/wp-json\/wp\/v2\/users\/22"}],"replies":[{"embeddable":true,"href":"https:\/\/agora.xtec.cat\/ceip-taquigraf-garriga\/wp-json\/wp\/v2\/comments?post=15897"}],"version-history":[{"count":2,"href":"https:\/\/agora.xtec.cat\/ceip-taquigraf-garriga\/wp-json\/wp\/v2\/posts\/15897\/revisions"}],"predecessor-version":[{"id":15922,"href":"https:\/\/agora.xtec.cat\/ceip-taquigraf-garriga\/wp-json\/wp\/v2\/posts\/15897\/revisions\/15922"}],"wp:attachment":[{"href":"https:\/\/agora.xtec.cat\/ceip-taquigraf-garriga\/wp-json\/wp\/v2\/media?parent=15897"}],"wp:term":[{"taxonomy":"category","embeddable":true,"href":"https:\/\/agora.xtec.cat\/ceip-taquigraf-garriga\/wp-json\/wp\/v2\/categories?post=15897"},{"taxonomy":"post_tag","embeddable":true,"href":"https:\/\/agora.xtec.cat\/ceip-taquigraf-garriga\/wp-json\/wp\/v2\/tags?post=15897"}],"curies":[{"name":"wp","href":"https:\/\/api.w.org\/{rel}","templated":true}]}}