{"id":15880,"date":"2025-03-04T21:55:45","date_gmt":"2025-03-04T20:55:45","guid":{"rendered":"https:\/\/agora.xtec.cat\/ceip-taquigraf-garriga\/?p=15880"},"modified":"2025-03-20T06:59:51","modified_gmt":"2025-03-20T05:59:51","slug":"encara-sentim-la-forca-de-camins-de-pau","status":"publish","type":"post","link":"https:\/\/agora.xtec.cat\/ceip-taquigraf-garriga\/general\/encara-sentim-la-forca-de-camins-de-pau\/","title":{"rendered":"ENCARA SENTIM LA FOR\u00c7A DE CAMINS de PAU"},"content":{"rendered":"\n<figure class=\"wp-block-video\"><video controls src=\"https:\/\/agora.xtec.cat\/ceip-taquigraf-garriga\/wp-content\/uploads\/usu853\/2025\/03\/CAMINS-DE-PAU.mp4\"><\/video><\/figure>\n\n\n\n<p class=\"has-medium-font-size\">El 30 de gener, els alumnes de cinqu\u00e8 de totes les escoles del poble ens vam unir per celebrar <strong>CAMINS de PAU<\/strong> . Encara ens emocionem en recordar aquell dia tan especial, ple de reflexi\u00f3 i sentiment.<\/p>\n\n\n\n<p class=\"has-medium-font-size\">Amb la nostra AUCA , vam donar veu al patiment de les persones que han hagut de fugir de casa seva a causa de la guerra. Compartint les nostres cartes i expressant-nos a trav\u00e9s de l\u2019art, vam sentir-nos m\u00e9s units que mai en un mateix prop\u00f2sit: <strong>NO OBLIDAR, PER EVITAR QUE TORNI A PASSAR .<\/strong><\/p>\n\n\n\n<p class=\"has-text-align-center has-light-green-cyan-color has-text-color has-link-color has-medium-font-size wp-elements-7b42179b0223f3f49d376f5fe11f6728\"><strong>EL RECORD D&#8217;AQUELL DIA ENCARA ENS ACOMPANYA.<\/strong><\/p>\n\n\n\n<p class=\"has-small-font-size\">CaminsDePau #MaiM\u00e9s #UnimForces #PauPerAlM\u00f3n #Mem\u00f2riaHist\u00f2rica #EscolaAmbValors #Esparreguera# #escolataquigrafgarriga# #etg# #comunitatdegrans# #cinqu\u00e8# #educaci\u00f3p\u00fablica# #ensenyament# #llengua# #aprenemgaudint# #aprendre\u00e9sdivertit# #BombesDeTintaILl\u00e0grimes #Educaci\u00f3 #Hist\u00f2ria #Cinqu\u00e8DePrim\u00e0ria #Escola #AprendreDelPassat<\/p>\n\n\n\n<h1 class=\"wp-block-heading\"><\/h1>\n","protected":false},"excerpt":{"rendered":"<p>El 30 de gener, els alumnes de cinqu\u00e8 de totes les escoles del poble ens vam unir per celebrar CAMINS de PAU . Encara ens emocionem en recordar aquell dia tan especial, ple de reflexi\u00f3 i sentiment. Amb la nostra AUCA , vam donar veu al patiment de les persones que han hagut de fugir [&hellip;]<\/p>\n","protected":false},"author":22,"featured_media":0,"comment_status":"open","ping_status":"open","sticky":false,"template":"","format":"standard","meta":{"_bbp_topic_count":0,"_bbp_reply_count":0,"_bbp_total_topic_count":0,"_bbp_total_reply_count":0,"_bbp_voice_count":0,"_bbp_anonymous_reply_count":0,"_bbp_topic_count_hidden":0,"_bbp_reply_count_hidden":0,"_bbp_forum_subforum_count":0,"site-sidebar-layout":"default","site-content-layout":"","ast-site-content-layout":"","site-content-style":"default","site-sidebar-style":"default","ast-global-header-display":"","ast-banner-title-visibility":"","ast-main-header-display":"","ast-hfb-above-header-display":"","ast-hfb-below-header-display":"","ast-hfb-mobile-header-display":"","site-post-title":"","ast-breadcrumbs-content":"","ast-featured-img":"","footer-sml-layout":"","theme-transparent-header-meta":"","adv-header-id-meta":"","stick-header-meta":"","header-above-stick-meta":"","header-main-stick-meta":"","header-below-stick-meta":"","astra-migrate-meta-layouts":"default","ast-page-background-enabled":"default","ast-page-background-meta":{"desktop":{"background-color":"var(--ast-global-color-4)","background-image":"","background-repeat":"repeat","background-position":"center center","background-size":"auto","background-attachment":"scroll","background-type":"","background-media":"","overlay-type":"","overlay-color":"","overlay-opacity":"","overlay-gradient":""},"tablet":{"background-color":"","background-image":"","background-repeat":"repeat","background-position":"center center","background-size":"auto","background-attachment":"scroll","background-type":"","background-media":"","overlay-type":"","overlay-color":"","overlay-opacity":"","overlay-gradient":""},"mobile":{"background-color":"","background-image":"","background-repeat":"repeat","background-position":"center center","background-size":"auto","background-attachment":"scroll","background-type":"","background-media":"","overlay-type":"","overlay-color":"","overlay-opacity":"","overlay-gradient":""}},"ast-content-background-meta":{"desktop":{"background-color":"var(--ast-global-color-5)","background-image":"","background-repeat":"repeat","background-position":"center center","background-size":"auto","background-attachment":"scroll","background-type":"","background-media":"","overlay-type":"","overlay-color":"","overlay-opacity":"","overlay-gradient":""},"tablet":{"background-color":"var(--ast-global-color-5)","background-image":"","background-repeat":"repeat","background-position":"center center","background-size":"auto","background-attachment":"scroll","background-type":"","background-media":"","overlay-type":"","overlay-color":"","overlay-opacity":"","overlay-gradient":""},"mobile":{"background-color":"var(--ast-global-color-5)","background-image":"","background-repeat":"repeat","background-position":"center center","background-size":"auto","background-attachment":"scroll","background-type":"","background-media":"","overlay-type":"","overlay-color":"","overlay-opacity":"","overlay-gradient":""}},"footnotes":""},"categories":[14,1,288,4],"tags":[151,448,440,438,429,447,40,92,445,388,446,43],"class_list":["post-15880","post","type-post","status-publish","format-standard","hentry","category-5e","category-general","category-grans","category-portada","tag-alumnes","tag-aprendre-gaudint","tag-caminsdepau","tag-cinque","tag-comunitat-de-grans","tag-educar-amb-valors","tag-escola","tag-esparreguera","tag-memoriahistorica","tag-pau","tag-pau-per-al-mon","tag-primaria"],"post_mailing_queue_ids":[],"_links":{"self":[{"href":"https:\/\/agora.xtec.cat\/ceip-taquigraf-garriga\/wp-json\/wp\/v2\/posts\/15880","targetHints":{"allow":["GET"]}}],"collection":[{"href":"https:\/\/agora.xtec.cat\/ceip-taquigraf-garriga\/wp-json\/wp\/v2\/posts"}],"about":[{"href":"https:\/\/agora.xtec.cat\/ceip-taquigraf-garriga\/wp-json\/wp\/v2\/types\/post"}],"author":[{"embeddable":true,"href":"https:\/\/agora.xtec.cat\/ceip-taquigraf-garriga\/wp-json\/wp\/v2\/users\/22"}],"replies":[{"embeddable":true,"href":"https:\/\/agora.xtec.cat\/ceip-taquigraf-garriga\/wp-json\/wp\/v2\/comments?post=15880"}],"version-history":[{"count":5,"href":"https:\/\/agora.xtec.cat\/ceip-taquigraf-garriga\/wp-json\/wp\/v2\/posts\/15880\/revisions"}],"predecessor-version":[{"id":15923,"href":"https:\/\/agora.xtec.cat\/ceip-taquigraf-garriga\/wp-json\/wp\/v2\/posts\/15880\/revisions\/15923"}],"wp:attachment":[{"href":"https:\/\/agora.xtec.cat\/ceip-taquigraf-garriga\/wp-json\/wp\/v2\/media?parent=15880"}],"wp:term":[{"taxonomy":"category","embeddable":true,"href":"https:\/\/agora.xtec.cat\/ceip-taquigraf-garriga\/wp-json\/wp\/v2\/categories?post=15880"},{"taxonomy":"post_tag","embeddable":true,"href":"https:\/\/agora.xtec.cat\/ceip-taquigraf-garriga\/wp-json\/wp\/v2\/tags?post=15880"}],"curies":[{"name":"wp","href":"https:\/\/api.w.org\/{rel}","templated":true}]}}