{"id":15738,"date":"2024-11-22T23:49:06","date_gmt":"2024-11-22T22:49:06","guid":{"rendered":"https:\/\/agora.xtec.cat\/ceip-taquigraf-garriga\/?p=15738"},"modified":"2024-11-22T23:52:54","modified_gmt":"2024-11-22T22:52:54","slug":"%f0%9f%8c%8d-dia-mundial-de-la-infancia-%f0%9f%8c%8d","status":"publish","type":"post","link":"https:\/\/agora.xtec.cat\/ceip-taquigraf-garriga\/general\/%f0%9f%8c%8d-dia-mundial-de-la-infancia-%f0%9f%8c%8d\/","title":{"rendered":"\ud83c\udf0d DIA MUNDIAL DE LA INF\u00c0NCIA \ud83c\udf0d"},"content":{"rendered":"<p style=\"text-align: center;\">\ud83c\udf0d <strong>DIA MUNDIAL DE LA INF\u00c0NCIA<\/strong> \ud83c\udf0d<\/p>\n<p style=\"text-align: left;\">El 20 de novembre \u00e9s el Dia Mundial de la Inf\u00e0ncia, una jornada dedicada a reflexionar sobre els drets de tots els<strong> NENS i NENES<\/strong> del m\u00f3n.<br \/>\nLes NOIES i NOIS de 5\u00e8 hem fet una tert\u00falia al voltant d&#8217;aquest dia i hem dissenyat i creat cartells per donar-hi visibilitat al nostres <strong>DRETS<\/strong>.<\/p>\n<p style=\"text-align: center;\"><strong>&#8220;Tots els nens i nenes tenen dret a ser feli\u00e7os i a viure en pau i cal seguir treballant per construir un M\u00d3N millor per a ELLES i ELLS&#8221;<\/strong><\/p>\n<div class=\"ast-oembed-container \" style=\"height: 100%;\"><iframe loading=\"lazy\" title=\"\ud83c\udf0d DIA MUNDIAL DE LA INF\u00c0NCIA \ud83c\udf0d\" width=\"500\" height=\"281\" src=\"https:\/\/www.youtube.com\/embed\/wNV8K8wMC8Y?feature=oembed\" frameborder=\"0\" allow=\"accelerometer; autoplay; clipboard-write; encrypted-media; gyroscope; picture-in-picture; web-share\" referrerpolicy=\"strict-origin-when-cross-origin\" allowfullscreen><\/iframe><\/div>\n","protected":false},"excerpt":{"rendered":"<p>\ud83c\udf0d DIA MUNDIAL DE LA INF\u00c0NCIA \ud83c\udf0d El 20 de novembre \u00e9s el Dia Mundial de la Inf\u00e0ncia, una jornada dedicada a reflexionar sobre els drets de tots els NENS i NENES del m\u00f3n. Les NOIES i NOIS de 5\u00e8 hem fet una tert\u00falia al voltant d&#8217;aquest dia i hem dissenyat i creat cartells per [&hellip;]<\/p>\n","protected":false},"author":22,"featured_media":0,"comment_status":"open","ping_status":"closed","sticky":false,"template":"","format":"standard","meta":{"_bbp_topic_count":0,"_bbp_reply_count":0,"_bbp_total_topic_count":0,"_bbp_total_reply_count":0,"_bbp_voice_count":0,"_bbp_anonymous_reply_count":0,"_bbp_topic_count_hidden":0,"_bbp_reply_count_hidden":0,"_bbp_forum_subforum_count":0,"site-sidebar-layout":"default","site-content-layout":"","ast-site-content-layout":"","site-content-style":"default","site-sidebar-style":"default","ast-global-header-display":"","ast-banner-title-visibility":"","ast-main-header-display":"","ast-hfb-above-header-display":"","ast-hfb-below-header-display":"","ast-hfb-mobile-header-display":"","site-post-title":"","ast-breadcrumbs-content":"","ast-featured-img":"","footer-sml-layout":"","theme-transparent-header-meta":"","adv-header-id-meta":"","stick-header-meta":"","header-above-stick-meta":"","header-main-stick-meta":"","header-below-stick-meta":"","astra-migrate-meta-layouts":"default","ast-page-background-enabled":"default","ast-page-background-meta":{"desktop":{"background-color":"var(--ast-global-color-4)","background-image":"","background-repeat":"repeat","background-position":"center center","background-size":"auto","background-attachment":"scroll","background-type":"","background-media":"","overlay-type":"","overlay-color":"","overlay-opacity":"","overlay-gradient":""},"tablet":{"background-color":"","background-image":"","background-repeat":"repeat","background-position":"center center","background-size":"auto","background-attachment":"scroll","background-type":"","background-media":"","overlay-type":"","overlay-color":"","overlay-opacity":"","overlay-gradient":""},"mobile":{"background-color":"","background-image":"","background-repeat":"repeat","background-position":"center center","background-size":"auto","background-attachment":"scroll","background-type":"","background-media":"","overlay-type":"","overlay-color":"","overlay-opacity":"","overlay-gradient":""}},"ast-content-background-meta":{"desktop":{"background-color":"var(--ast-global-color-5)","background-image":"","background-repeat":"repeat","background-position":"center center","background-size":"auto","background-attachment":"scroll","background-type":"","background-media":"","overlay-type":"","overlay-color":"","overlay-opacity":"","overlay-gradient":""},"tablet":{"background-color":"var(--ast-global-color-5)","background-image":"","background-repeat":"repeat","background-position":"center center","background-size":"auto","background-attachment":"scroll","background-type":"","background-media":"","overlay-type":"","overlay-color":"","overlay-opacity":"","overlay-gradient":""},"mobile":{"background-color":"var(--ast-global-color-5)","background-image":"","background-repeat":"repeat","background-position":"center center","background-size":"auto","background-attachment":"scroll","background-type":"","background-media":"","overlay-type":"","overlay-color":"","overlay-opacity":"","overlay-gradient":""}},"footnotes":""},"categories":[14,190,1,288,4],"tags":[65,151,113,430,40,92,94,106,85,434,433,432,431,43,389],"class_list":["post-15738","post","type-post","status-publish","format-standard","hentry","category-5e","category-families","category-general","category-grans","category-portada","tag-5e","tag-alumnes","tag-cicle-superior","tag-drets","tag-escola","tag-esparreguera","tag-families","tag-infants","tag-llengua","tag-nenes","tag-nens","tag-noies","tag-nois","tag-primaria","tag-respecte"],"post_mailing_queue_ids":[],"_links":{"self":[{"href":"https:\/\/agora.xtec.cat\/ceip-taquigraf-garriga\/wp-json\/wp\/v2\/posts\/15738","targetHints":{"allow":["GET"]}}],"collection":[{"href":"https:\/\/agora.xtec.cat\/ceip-taquigraf-garriga\/wp-json\/wp\/v2\/posts"}],"about":[{"href":"https:\/\/agora.xtec.cat\/ceip-taquigraf-garriga\/wp-json\/wp\/v2\/types\/post"}],"author":[{"embeddable":true,"href":"https:\/\/agora.xtec.cat\/ceip-taquigraf-garriga\/wp-json\/wp\/v2\/users\/22"}],"replies":[{"embeddable":true,"href":"https:\/\/agora.xtec.cat\/ceip-taquigraf-garriga\/wp-json\/wp\/v2\/comments?post=15738"}],"version-history":[{"count":4,"href":"https:\/\/agora.xtec.cat\/ceip-taquigraf-garriga\/wp-json\/wp\/v2\/posts\/15738\/revisions"}],"predecessor-version":[{"id":15742,"href":"https:\/\/agora.xtec.cat\/ceip-taquigraf-garriga\/wp-json\/wp\/v2\/posts\/15738\/revisions\/15742"}],"wp:attachment":[{"href":"https:\/\/agora.xtec.cat\/ceip-taquigraf-garriga\/wp-json\/wp\/v2\/media?parent=15738"}],"wp:term":[{"taxonomy":"category","embeddable":true,"href":"https:\/\/agora.xtec.cat\/ceip-taquigraf-garriga\/wp-json\/wp\/v2\/categories?post=15738"},{"taxonomy":"post_tag","embeddable":true,"href":"https:\/\/agora.xtec.cat\/ceip-taquigraf-garriga\/wp-json\/wp\/v2\/tags?post=15738"}],"curies":[{"name":"wp","href":"https:\/\/api.w.org\/{rel}","templated":true}]}}