{"id":15557,"date":"2024-04-23T17:42:37","date_gmt":"2024-04-23T15:42:37","guid":{"rendered":"https:\/\/agora.xtec.cat\/ceip-taquigraf-garriga\/?p=15557"},"modified":"2024-04-25T17:52:55","modified_gmt":"2024-04-25T15:52:55","slug":"un-regal-molt-especial","status":"publish","type":"post","link":"https:\/\/agora.xtec.cat\/ceip-taquigraf-garriga\/portada\/un-regal-molt-especial\/","title":{"rendered":"UN REGAL MOLT ESPECIAL"},"content":{"rendered":"<p>&#8220;<a href=\"https:\/\/drive.google.com\/file\/d\/1QuVFXE50Vp04WxthW8Aix0cIenpDLF2j\/view?usp=sharing\">Mini relatos de 1 minuto.<\/a>&#8221; \u00e9s un petit llibre de relats molt breus elaborat pels nens i nenes de 2n, amb l&#8217;objectiu de regalar-lo als seus companys i companyes de 1r i ajudar-los, d&#8217;aquesta manera, en el seu proc\u00e9s d&#8217;adquisici\u00f3 de la lecto-escriptura.<\/p>\n<p>I quin millor dia per a fer aquest preci\u00f3s regal que el dia de Sant Jordi? I \u00e9s que, com ja sabeu, el dia 23 d&#8217;abril esdev\u00e9 una diada molt especial, plena de llegenda, de m\u00e0gia i d&#8217;olor de rosa; d&#8217;amor i d&#8217;estima; i d&#8217;il\u00b7lusi\u00f3.\u00a0 Per\u00f2 tamb\u00e9 \u00e9s un dia, el 23 d&#8217;abril, ple de lletres, de llibres i de literatura.<\/p>\n<p>Aix\u00ed que, per aix\u00f2, ens plau compartir ara amb tots i totes vosaltres la nostra creaci\u00f3, i desitgem de tot cor que us agradi.<\/p>\n<p>Si voleu llegir-ho, premeu <a href=\"https:\/\/drive.google.com\/file\/d\/1QuVFXE50Vp04WxthW8Aix0cIenpDLF2j\/view?usp=sharing\">aqu\u00ed<\/a>.<\/p>\n<p>I us desitgem un feli\u00e7 Sant Jordi a tots i a totes.<\/p>\n<p style=\"text-align: center;\"><a href=\"https:\/\/agora.xtec.cat\/ceip-taquigraf-garriga\/wp-content\/uploads\/usu853\/2024\/04\/mini_relatos.jpg\"><img loading=\"lazy\" decoding=\"async\" class=\"alignnone size-full wp-image-15560\" src=\"https:\/\/agora.xtec.cat\/ceip-taquigraf-garriga\/wp-content\/uploads\/usu853\/2024\/04\/mini_relatos.jpg\" alt=\"\" width=\"490\" height=\"689\" srcset=\"https:\/\/agora.xtec.cat\/ceip-taquigraf-garriga\/wp-content\/uploads\/usu853\/2024\/04\/mini_relatos.jpg 490w, https:\/\/agora.xtec.cat\/ceip-taquigraf-garriga\/wp-content\/uploads\/usu853\/2024\/04\/mini_relatos-213x300.jpg 213w\" sizes=\"auto, (max-width: 490px) 100vw, 490px\" \/><\/a><\/p>\n","protected":false},"excerpt":{"rendered":"<p>&#8220;Mini relatos de 1 minuto.&#8221; \u00e9s un petit llibre de relats molt breus elaborat pels nens i nenes de 2n, amb l&#8217;objectiu de regalar-lo als seus companys i companyes de 1r i ajudar-los, d&#8217;aquesta manera, en el seu proc\u00e9s d&#8217;adquisici\u00f3 de la lecto-escriptura. I quin millor dia per a fer aquest preci\u00f3s regal que el [&hellip;]<\/p>\n","protected":false},"author":502,"featured_media":15560,"comment_status":"open","ping_status":"closed","sticky":false,"template":"","format":"standard","meta":{"_bbp_topic_count":0,"_bbp_reply_count":0,"_bbp_total_topic_count":0,"_bbp_total_reply_count":0,"_bbp_voice_count":0,"_bbp_anonymous_reply_count":0,"_bbp_topic_count_hidden":0,"_bbp_reply_count_hidden":0,"_bbp_forum_subforum_count":0,"site-sidebar-layout":"default","site-content-layout":"","ast-site-content-layout":"","site-content-style":"default","site-sidebar-style":"default","ast-global-header-display":"","ast-banner-title-visibility":"","ast-main-header-display":"","ast-hfb-above-header-display":"","ast-hfb-below-header-display":"","ast-hfb-mobile-header-display":"","site-post-title":"","ast-breadcrumbs-content":"","ast-featured-img":"","footer-sml-layout":"","theme-transparent-header-meta":"","adv-header-id-meta":"","stick-header-meta":"","header-above-stick-meta":"","header-main-stick-meta":"","header-below-stick-meta":"","astra-migrate-meta-layouts":"default","ast-page-background-enabled":"default","ast-page-background-meta":{"desktop":{"background-color":"var(--ast-global-color-4)","background-image":"","background-repeat":"repeat","background-position":"center center","background-size":"auto","background-attachment":"scroll","background-type":"","background-media":"","overlay-type":"","overlay-color":"","overlay-opacity":"","overlay-gradient":""},"tablet":{"background-color":"","background-image":"","background-repeat":"repeat","background-position":"center center","background-size":"auto","background-attachment":"scroll","background-type":"","background-media":"","overlay-type":"","overlay-color":"","overlay-opacity":"","overlay-gradient":""},"mobile":{"background-color":"","background-image":"","background-repeat":"repeat","background-position":"center center","background-size":"auto","background-attachment":"scroll","background-type":"","background-media":"","overlay-type":"","overlay-color":"","overlay-opacity":"","overlay-gradient":""}},"ast-content-background-meta":{"desktop":{"background-color":"var(--ast-global-color-5)","background-image":"","background-repeat":"repeat","background-position":"center center","background-size":"auto","background-attachment":"scroll","background-type":"","background-media":"","overlay-type":"","overlay-color":"","overlay-opacity":"","overlay-gradient":""},"tablet":{"background-color":"var(--ast-global-color-5)","background-image":"","background-repeat":"repeat","background-position":"center center","background-size":"auto","background-attachment":"scroll","background-type":"","background-media":"","overlay-type":"","overlay-color":"","overlay-opacity":"","overlay-gradient":""},"mobile":{"background-color":"var(--ast-global-color-5)","background-image":"","background-repeat":"repeat","background-position":"center center","background-size":"auto","background-attachment":"scroll","background-type":"","background-media":"","overlay-type":"","overlay-color":"","overlay-opacity":"","overlay-gradient":""}},"footnotes":""},"categories":[11,231,196,4],"tags":[],"class_list":["post-15557","post","type-post","status-publish","format-standard","has-post-thumbnail","hentry","category-2n","category-lectura","category-mitjans","category-portada"],"post_mailing_queue_ids":[],"_links":{"self":[{"href":"https:\/\/agora.xtec.cat\/ceip-taquigraf-garriga\/wp-json\/wp\/v2\/posts\/15557","targetHints":{"allow":["GET"]}}],"collection":[{"href":"https:\/\/agora.xtec.cat\/ceip-taquigraf-garriga\/wp-json\/wp\/v2\/posts"}],"about":[{"href":"https:\/\/agora.xtec.cat\/ceip-taquigraf-garriga\/wp-json\/wp\/v2\/types\/post"}],"author":[{"embeddable":true,"href":"https:\/\/agora.xtec.cat\/ceip-taquigraf-garriga\/wp-json\/wp\/v2\/users\/502"}],"replies":[{"embeddable":true,"href":"https:\/\/agora.xtec.cat\/ceip-taquigraf-garriga\/wp-json\/wp\/v2\/comments?post=15557"}],"version-history":[{"count":4,"href":"https:\/\/agora.xtec.cat\/ceip-taquigraf-garriga\/wp-json\/wp\/v2\/posts\/15557\/revisions"}],"predecessor-version":[{"id":15562,"href":"https:\/\/agora.xtec.cat\/ceip-taquigraf-garriga\/wp-json\/wp\/v2\/posts\/15557\/revisions\/15562"}],"wp:featuredmedia":[{"embeddable":true,"href":"https:\/\/agora.xtec.cat\/ceip-taquigraf-garriga\/wp-json\/wp\/v2\/media\/15560"}],"wp:attachment":[{"href":"https:\/\/agora.xtec.cat\/ceip-taquigraf-garriga\/wp-json\/wp\/v2\/media?parent=15557"}],"wp:term":[{"taxonomy":"category","embeddable":true,"href":"https:\/\/agora.xtec.cat\/ceip-taquigraf-garriga\/wp-json\/wp\/v2\/categories?post=15557"},{"taxonomy":"post_tag","embeddable":true,"href":"https:\/\/agora.xtec.cat\/ceip-taquigraf-garriga\/wp-json\/wp\/v2\/tags?post=15557"}],"curies":[{"name":"wp","href":"https:\/\/api.w.org\/{rel}","templated":true}]}}