{"id":15358,"date":"2023-12-01T20:24:55","date_gmt":"2023-12-01T19:24:55","guid":{"rendered":"https:\/\/agora.xtec.cat\/ceip-taquigraf-garriga\/?p=15358"},"modified":"2023-12-01T20:28:16","modified_gmt":"2023-12-01T19:28:16","slug":"el-tio-ja-es-aqui","status":"publish","type":"post","link":"https:\/\/agora.xtec.cat\/ceip-taquigraf-garriga\/portada\/el-tio-ja-es-aqui\/","title":{"rendered":"EL TI\u00d3 JA \u00c9S AQU\u00cd!"},"content":{"rendered":"<p>Salutacions fam\u00edlies!<\/p>\n<p>Arribat el desembre iniciem una \u00e8poca de m\u00e0gia i d&#8217;il\u00b7lusi\u00f3 a l&#8217;escola, plena de moments emocionants amb els quals crearem, tots plegats i plegades, records meravellosos.<\/p>\n<p>L&#8217;aventura de l&#8217;\u00faltim mes de l&#8217;any comen\u00e7a, a la comunitat de mitjans, amb l&#8217;estrena del calendari d&#8217;advent. Aquest calendari ens proposar\u00e0, dia a dia i a mesura que passin les setmanes, tot un seguit d&#8217;accions que ens ajudaran a omplir d&#8217;al\u00b7legria i de bons moments aquest final de trimestre.<\/p>\n<p>Avui, dia 1 de desembre, hem obert amb neguit i algunes papallones a la panxa el primer sobre del calendari d&#8217;advent i, sabeu quina \u00e9s la proposta que ens ha fet?<\/p>\n<p style=\"text-align: center;\"><strong>SORTIR A BUSCAR EL TI\u00d3!<\/strong><\/p>\n<p>Com podreu imaginar, no ens hem pogut estar de sortir pels voltants de l&#8217;escola a la recerca del ti\u00f3. La troballa no ens ha fet esperar gaire <span style=\"font-family: inherit; font-size: 1em;\">i ja tenim el nostre ti\u00f3 a la comunitat.<\/span><\/p>\n<p><a href=\"https:\/\/agora.xtec.cat\/ceip-taquigraf-garriga\/wp-content\/uploads\/usu853\/2023\/12\/Trobada_tio.png\"><img loading=\"lazy\" decoding=\"async\" class=\"size-full wp-image-15360 aligncenter\" src=\"https:\/\/agora.xtec.cat\/ceip-taquigraf-garriga\/wp-content\/uploads\/usu853\/2023\/12\/Trobada_tio.png\" alt=\"\" width=\"361\" height=\"381\" srcset=\"https:\/\/agora.xtec.cat\/ceip-taquigraf-garriga\/wp-content\/uploads\/usu853\/2023\/12\/Trobada_tio.png 361w, https:\/\/agora.xtec.cat\/ceip-taquigraf-garriga\/wp-content\/uploads\/usu853\/2023\/12\/Trobada_tio-284x300.png 284w\" sizes=\"auto, (max-width: 361px) 100vw, 361px\" \/><\/a><\/p>\n<p><span style=\"font-family: inherit; font-size: 1em;\">Els propers dies ens esfor\u00e7arem a mantenir-lo ben calentet i alimentat.<\/span><\/p>\n<p><a href=\"https:\/\/agora.xtec.cat\/ceip-taquigraf-garriga\/wp-content\/uploads\/usu853\/2023\/12\/Calendari.png\"><img loading=\"lazy\" decoding=\"async\" class=\"alignnone size-large wp-image-15361\" src=\"https:\/\/agora.xtec.cat\/ceip-taquigraf-garriga\/wp-content\/uploads\/usu853\/2023\/12\/Calendari-1024x576.png\" alt=\"\" width=\"1024\" height=\"576\" srcset=\"https:\/\/agora.xtec.cat\/ceip-taquigraf-garriga\/wp-content\/uploads\/usu853\/2023\/12\/Calendari-1024x576.png 1024w, https:\/\/agora.xtec.cat\/ceip-taquigraf-garriga\/wp-content\/uploads\/usu853\/2023\/12\/Calendari-300x169.png 300w, https:\/\/agora.xtec.cat\/ceip-taquigraf-garriga\/wp-content\/uploads\/usu853\/2023\/12\/Calendari-768x432.png 768w, https:\/\/agora.xtec.cat\/ceip-taquigraf-garriga\/wp-content\/uploads\/usu853\/2023\/12\/Calendari.png 1504w\" sizes=\"auto, (max-width: 1024px) 100vw, 1024px\" \/><\/a><\/p>\n<p>Gr\u00e0cies per deixar que cuidem de tu, estimat ti\u00f3!<\/p>\n","protected":false},"excerpt":{"rendered":"<p>Salutacions fam\u00edlies! Arribat el desembre iniciem una \u00e8poca de m\u00e0gia i d&#8217;il\u00b7lusi\u00f3 a l&#8217;escola, plena de moments emocionants amb els quals crearem, tots plegats i plegades, records meravellosos. L&#8217;aventura de l&#8217;\u00faltim mes de l&#8217;any comen\u00e7a, a la comunitat de mitjans, amb l&#8217;estrena del calendari d&#8217;advent. Aquest calendari ens proposar\u00e0, dia a dia i a mesura [&hellip;]<\/p>\n","protected":false},"author":502,"featured_media":15360,"comment_status":"open","ping_status":"closed","sticky":false,"template":"","format":"standard","meta":{"_bbp_topic_count":0,"_bbp_reply_count":0,"_bbp_total_topic_count":0,"_bbp_total_reply_count":0,"_bbp_voice_count":0,"_bbp_anonymous_reply_count":0,"_bbp_topic_count_hidden":0,"_bbp_reply_count_hidden":0,"_bbp_forum_subforum_count":0,"site-sidebar-layout":"default","site-content-layout":"","ast-site-content-layout":"","site-content-style":"default","site-sidebar-style":"default","ast-global-header-display":"","ast-banner-title-visibility":"","ast-main-header-display":"","ast-hfb-above-header-display":"","ast-hfb-below-header-display":"","ast-hfb-mobile-header-display":"","site-post-title":"","ast-breadcrumbs-content":"","ast-featured-img":"","footer-sml-layout":"","theme-transparent-header-meta":"","adv-header-id-meta":"","stick-header-meta":"","header-above-stick-meta":"","header-main-stick-meta":"","header-below-stick-meta":"","astra-migrate-meta-layouts":"default","ast-page-background-enabled":"default","ast-page-background-meta":{"desktop":{"background-color":"var(--ast-global-color-4)","background-image":"","background-repeat":"repeat","background-position":"center center","background-size":"auto","background-attachment":"scroll","background-type":"","background-media":"","overlay-type":"","overlay-color":"","overlay-opacity":"","overlay-gradient":""},"tablet":{"background-color":"","background-image":"","background-repeat":"repeat","background-position":"center center","background-size":"auto","background-attachment":"scroll","background-type":"","background-media":"","overlay-type":"","overlay-color":"","overlay-opacity":"","overlay-gradient":""},"mobile":{"background-color":"","background-image":"","background-repeat":"repeat","background-position":"center center","background-size":"auto","background-attachment":"scroll","background-type":"","background-media":"","overlay-type":"","overlay-color":"","overlay-opacity":"","overlay-gradient":""}},"ast-content-background-meta":{"desktop":{"background-color":"var(--ast-global-color-5)","background-image":"","background-repeat":"repeat","background-position":"center center","background-size":"auto","background-attachment":"scroll","background-type":"","background-media":"","overlay-type":"","overlay-color":"","overlay-opacity":"","overlay-gradient":""},"tablet":{"background-color":"var(--ast-global-color-5)","background-image":"","background-repeat":"repeat","background-position":"center center","background-size":"auto","background-attachment":"scroll","background-type":"","background-media":"","overlay-type":"","overlay-color":"","overlay-opacity":"","overlay-gradient":""},"mobile":{"background-color":"var(--ast-global-color-5)","background-image":"","background-repeat":"repeat","background-position":"center center","background-size":"auto","background-attachment":"scroll","background-type":"","background-media":"","overlay-type":"","overlay-color":"","overlay-opacity":"","overlay-gradient":""}},"footnotes":""},"categories":[10,11,12,4],"tags":[71,95,82,418,349],"class_list":["post-15358","post","type-post","status-publish","format-standard","has-post-thumbnail","hentry","category-1r","category-2n","category-3r","category-portada","tag-1r","tag-2n","tag-3r","tag-mitjans","tag-portada"],"post_mailing_queue_ids":[],"_links":{"self":[{"href":"https:\/\/agora.xtec.cat\/ceip-taquigraf-garriga\/wp-json\/wp\/v2\/posts\/15358","targetHints":{"allow":["GET"]}}],"collection":[{"href":"https:\/\/agora.xtec.cat\/ceip-taquigraf-garriga\/wp-json\/wp\/v2\/posts"}],"about":[{"href":"https:\/\/agora.xtec.cat\/ceip-taquigraf-garriga\/wp-json\/wp\/v2\/types\/post"}],"author":[{"embeddable":true,"href":"https:\/\/agora.xtec.cat\/ceip-taquigraf-garriga\/wp-json\/wp\/v2\/users\/502"}],"replies":[{"embeddable":true,"href":"https:\/\/agora.xtec.cat\/ceip-taquigraf-garriga\/wp-json\/wp\/v2\/comments?post=15358"}],"version-history":[{"count":2,"href":"https:\/\/agora.xtec.cat\/ceip-taquigraf-garriga\/wp-json\/wp\/v2\/posts\/15358\/revisions"}],"predecessor-version":[{"id":15363,"href":"https:\/\/agora.xtec.cat\/ceip-taquigraf-garriga\/wp-json\/wp\/v2\/posts\/15358\/revisions\/15363"}],"wp:featuredmedia":[{"embeddable":true,"href":"https:\/\/agora.xtec.cat\/ceip-taquigraf-garriga\/wp-json\/wp\/v2\/media\/15360"}],"wp:attachment":[{"href":"https:\/\/agora.xtec.cat\/ceip-taquigraf-garriga\/wp-json\/wp\/v2\/media?parent=15358"}],"wp:term":[{"taxonomy":"category","embeddable":true,"href":"https:\/\/agora.xtec.cat\/ceip-taquigraf-garriga\/wp-json\/wp\/v2\/categories?post=15358"},{"taxonomy":"post_tag","embeddable":true,"href":"https:\/\/agora.xtec.cat\/ceip-taquigraf-garriga\/wp-json\/wp\/v2\/tags?post=15358"}],"curies":[{"name":"wp","href":"https:\/\/api.w.org\/{rel}","templated":true}]}}