{"id":15325,"date":"2023-11-20T10:53:24","date_gmt":"2023-11-20T09:53:24","guid":{"rendered":"https:\/\/agora.xtec.cat\/ceip-taquigraf-garriga\/?p=15325"},"modified":"2023-11-20T10:53:24","modified_gmt":"2023-11-20T09:53:24","slug":"la-tecnologia-a-laula-de-matematiques","status":"publish","type":"post","link":"https:\/\/agora.xtec.cat\/ceip-taquigraf-garriga\/innovamat\/la-tecnologia-a-laula-de-matematiques\/","title":{"rendered":"La tecnologia a l&#8217;aula de matem\u00e0tiques"},"content":{"rendered":"<div class=\"elementor-element elementor-element-039bbee elementor-widget elementor-widget-table-of-contents\" data-id=\"039bbee\" data-element_type=\"widget\" data-settings=\"{&quot;headings_by_tags&quot;:[&quot;h2&quot;,&quot;h3&quot;],&quot;exclude_headings_by_selector&quot;:[],&quot;marker_view&quot;:&quot;numbers&quot;,&quot;hierarchical_view&quot;:&quot;yes&quot;,&quot;min_height&quot;:{&quot;unit&quot;:&quot;px&quot;,&quot;size&quot;:&quot;&quot;,&quot;sizes&quot;:[]},&quot;min_height_tablet&quot;:{&quot;unit&quot;:&quot;px&quot;,&quot;size&quot;:&quot;&quot;,&quot;sizes&quot;:[]},&quot;min_height_mobile&quot;:{&quot;unit&quot;:&quot;px&quot;,&quot;size&quot;:&quot;&quot;,&quot;sizes&quot;:[]}}\" data-widget_type=\"table-of-contents.default\">\n<div class=\"elementor-widget-container\">\n<div class=\"elementor-toc__header\"><\/div>\n<div id=\"elementor-toc__039bbee\" class=\"elementor-toc__body\">\n<div class=\"elementor-toc__list-item-text-wrapper\"><\/div>\n<\/div>\n<\/div>\n<\/div>\n<div class=\"elementor-element elementor-element-dcd2f16 elementor-widget elementor-widget-text-editor\" data-id=\"dcd2f16\" data-element_type=\"widget\" data-widget_type=\"text-editor.default\">\n<div class=\"elementor-widget-container\">\n<p>Actualment, un c\u00famul de circumst\u00e0ncies ha fet que el debat sobre els beneficis o els perjudicis de<strong>\u00a0l\u2019\u00fas de la tecnologia a les aules<\/strong>\u00a0hagi guanyat cert protagonisme. Per\u00f2 qu\u00e8 diu la recerca educativa sobre l\u2019\u00fas de la tecnologia a les aules? L\u2019haur\u00edem de continuar fent servir? Per qu\u00e8 i en quins moments?<\/p>\n<p>El debat sobre aquestes tres preguntes segueix obert. No obstant aix\u00f2, investigacions en aquest \u00e0mbit indiquen que\u00a0<strong>el factor m\u00e9s determinant no \u00e9s la incorporaci\u00f3 de la tecnologia en si mateixa, sin\u00f3 com la fem servir<\/strong>. Com comenta Audrey Azoulay, directora de la Unesco, \u00abla revoluci\u00f3 digital cont\u00e9 un potencial incommensurable, per\u00f2, de la mateixa manera que s\u2019ha advertit sobre com s\u2019ha de regular a la societat, s\u2019ha de prestar una atenci\u00f3 similar a la manera en qu\u00e8 es fa servir en el context de l\u2019educaci\u00f3.\u00a0<strong>El seu \u00fas ha de millorar les experi\u00e8ncies d\u2019aprenentatge, i augmentar el benestar dels alumnes i els docents<\/strong>, no disminuir-lo.\u00bb<\/p>\n<p>A Innovamat hem dedicat temps a reflexionar sobre el paper de la tecnologia a l\u2019aula, sospesant amb cura els seus beneficis i riscos. A la nostra proposta educativa, els docents fan servir la tecnologia tant en la preparaci\u00f3 de les sessions com a suport durant la seva realitzaci\u00f3. Pel que fa als alumnes, fem que la facin servir un cop a la setmana, durant la pr\u00e0ctica sistem\u00e0tica. Aquesta pr\u00e0ctica consisteix a fer un conjunt de tasques per consolidar el coneixement constru\u00eft a classe, amb l\u2019objectiu de trobar l\u2019equilibri que permeti aprofitar els avantatges de la tecnologia sense interferir en la integritat d\u2019una experi\u00e8ncia educativa completa i significativa.<\/p>\n<\/div>\n<\/div>\n<div class=\"elementor-element elementor-element-85648ab elementor-widget elementor-widget-gallery\" data-id=\"85648ab\" data-element_type=\"widget\" data-settings=\"{&quot;columns&quot;:2,&quot;lazyload&quot;:&quot;yes&quot;,&quot;gallery_layout&quot;:&quot;grid&quot;,&quot;columns_tablet&quot;:2,&quot;columns_mobile&quot;:1,&quot;gap&quot;:{&quot;unit&quot;:&quot;px&quot;,&quot;size&quot;:10,&quot;sizes&quot;:[]},&quot;gap_tablet&quot;:{&quot;unit&quot;:&quot;px&quot;,&quot;size&quot;:10,&quot;sizes&quot;:[]},&quot;gap_mobile&quot;:{&quot;unit&quot;:&quot;px&quot;,&quot;size&quot;:10,&quot;sizes&quot;:[]},&quot;link_to&quot;:&quot;file&quot;,&quot;aspect_ratio&quot;:&quot;3:2&quot;,&quot;overlay_background&quot;:&quot;yes&quot;,&quot;content_hover_animation&quot;:&quot;fade-in&quot;}\" data-widget_type=\"gallery.default\">\n<div class=\"elementor-widget-container\">\n<div class=\"elementor-gallery__container e-gallery-container e-gallery-grid e-gallery--ltr e-gallery--lazyload\">\n<div class=\"e-gallery-image elementor-gallery-item__image e-gallery-image-loaded\" role=\"img\" data-thumbnail=\"https:\/\/blog.innovamat.com\/wp-content\/uploads\/2023\/11\/PRI-Madrid-Dehesa-Humanes-17-300x200.jpg\" data-width=\"300\" data-height=\"200\" aria-label=\"Alumnas haciendo pr\u00e1ctica sistem\u00e1tica\"><\/div>\n<div class=\"elementor-gallery-item__overlay\"><\/div>\n<div class=\"e-gallery-image elementor-gallery-item__image e-gallery-image-loaded\" role=\"img\" data-thumbnail=\"https:\/\/blog.innovamat.com\/wp-content\/uploads\/2023\/11\/applet_group_4-1-300x200.jpg\" data-width=\"300\" data-height=\"200\" aria-label=\"applet saltos en la l\u00ednia num\u00e9rica\"><\/div>\n<div class=\"elementor-gallery-item__overlay\"><\/div>\n<\/div>\n<\/div>\n<\/div>\n<div class=\"elementor-element elementor-element-086024a elementor-widget elementor-widget-heading\" data-id=\"086024a\" data-element_type=\"widget\" data-widget_type=\"heading.default\">\n<div class=\"elementor-widget-container\"><span id=\"elementor-toc__heading-anchor-0\" class=\"elementor-menu-anchor \"><\/span><\/p>\n<h2 class=\"elementor-heading-title elementor-size-default\">Beneficis de la tecnologia a l&#8217;aula<\/h2>\n<\/div>\n<\/div>\n<div class=\"elementor-element elementor-element-e8a950c elementor-widget elementor-widget-text-editor\" data-id=\"e8a950c\" data-element_type=\"widget\" data-widget_type=\"text-editor.default\">\n<div class=\"elementor-widget-container\">\n<p>Aix\u00ed doncs, la pregunta clau \u00e9s: les eines educatives tecnol\u00f2giques s\u00f3n veritablement valuoses per a l\u2019aprenentatge? A continuaci\u00f3, detallem alguns dels seus beneficis principals:<\/p>\n<\/div>\n<\/div>\n<div class=\"elementor-element elementor-element-d0a6a86 elementor-widget elementor-widget-text-editor\" data-id=\"d0a6a86\" data-element_type=\"widget\" data-widget_type=\"text-editor.default\">\n<div class=\"elementor-widget-container\">\n<ul>\n<li><strong>Una eina al servei del docent<\/strong>: La tecnologia pot potenciar l\u2019experi\u00e8ncia d\u2019aprenentatge sempre que es faci servir de manera adequada i sota el guiatge dels educadors. El rol del docent \u00e9s fonamental, no nom\u00e9s a l\u2019hora de facilitar la construcci\u00f3 del coneixement matem\u00e0tic a trav\u00e9s de la conversa, la manipulaci\u00f3 i l\u2019experimentaci\u00f3, sin\u00f3 tamb\u00e9 per\u00a0<a href=\"https:\/\/blog.innovamat.com\/matematiques-practica-digital\/\" target=\"_blank\" rel=\"noopener\">fomentar la pr\u00e0ctica sistem\u00e0tica a l\u2019aula de matem\u00e0tiques<\/a>, promovent una actitud activa entre els alumnes davant les activitats que se\u2019ls presenten; \u00e9s a dir, que la pr\u00e0ctica els convidi a pensar, raonar i aplicar all\u00f2 que aprenen a classe.<\/li>\n<\/ul>\n<div><\/div>\n<ul>\n<li><strong>Explotar les possibilitats de l\u2019entorn digital<\/strong>: La tecnologia ens ofereix la possibilitat de practicar continguts dif\u00edcils de presentar en paper, com ara la visualitzaci\u00f3 3D, l\u2019estimaci\u00f3 dels angles o la localitzaci\u00f3 de nombres racionals sobre la recta num\u00e8rica. A m\u00e9s, permet regular de manera senzilla el factor temps, que \u00e9s important per treballar habilitats com la flu\u00efdesa en el c\u00e0lcul.<\/li>\n<\/ul>\n<div><\/div>\n<ul>\n<li><strong>Individualitzaci\u00f3 de la seq\u00fc\u00e8ncia did\u00e0ctica<\/strong>: La tecnologia facilita poder adaptar la presentaci\u00f3 de continguts a cada alumne, tenint en compte les necessitats i el ritme d\u2019aprenentatge. No sempre \u00e9s possible gestionar un grup de 25 o 30 alumnes, oferir activitats individualitzades per a cadasc\u00fa, i alhora observar-los i proporcionar-los l\u2019ajuda que necessiten.<a href=\"https:\/\/blog.innovamat.com\/valor-didactic-practica-digital\/\" target=\"_blank\" rel=\"noopener\">\u00a0En aquest article podeu veure el valor did\u00e0ctic de la nostra Pr\u00e0ctica digital<\/a>\u00a0i com s\u2019adapta a les necessitats de cada infant.<\/li>\n<\/ul>\n<div><\/div>\n<ul>\n<li><strong>Resposta immediata i de qualitat<\/strong>: L\u2019\u00fas d\u2019eines tecnol\u00f2giques permet donar un retorn a l\u2019alumne immediatament despr\u00e9s que completi la tasca. Aix\u00ed, \u00e9s conscient del seu progr\u00e9s sense haver d\u2019esperar a completar totes les activitats. Per exemple, a l\u2019App Innovamat, si un alumne dona una resposta err\u00f2nia, no ens limitem a corregir-la, sin\u00f3 que el guiem perqu\u00e8 descobreixi el motiu de l\u2019error. Per\u00f2 en les nostres activitats digitals no nom\u00e9s hi ha aquest tipus de retorns; tamb\u00e9 hi hem incl\u00f2s consells o pistes que els alumnes poden sol\u00b7licitar quan no saben com resoldre la situaci\u00f3.\u00a0<a href=\"https:\/\/blog.innovamat.com\/innovamat-practica-digital-sessio\/\" target=\"_blank\" rel=\"noopener\">Aqu\u00ed trobareu un exemple de com \u00e9s una sessi\u00f3 de Pr\u00e0ctica digital amb la nostra aplicaci\u00f3.<\/a><\/li>\n<\/ul>\n<div><\/div>\n<ul>\n<li><strong>Prendre decisions basades en el progr\u00e9s de l\u2019alumnat<\/strong>: La tecnologia ens permet con\u00e8ixer els nivells de consolidaci\u00f3 dels objectius d\u2019aprenentatge de cadascun dels alumnes a trav\u00e9s de les activitats que ha fet. Aix\u00f2 permet que els docents duguin una\u00a0<a href=\"https:\/\/blog.innovamat.com\/avaluacio-matematiques\/\" target=\"_blank\" rel=\"noopener\">avaluaci\u00f3 cont\u00ednua dels seus alumnes<\/a>\u00a0i, d\u2019aquesta manera, poden oferir els recursos que necessita cadascun, ja sigui per refor\u00e7ar algun aspecte o per aprofundir en d\u2019altres que ja ha consolidat.<\/li>\n<\/ul>\n<\/div>\n<\/div>\n<div class=\"elementor-element elementor-element-fcf4038 elementor-widget elementor-widget-gallery\" data-id=\"fcf4038\" data-element_type=\"widget\" data-settings=\"{&quot;columns&quot;:2,&quot;lazyload&quot;:&quot;yes&quot;,&quot;gallery_layout&quot;:&quot;grid&quot;,&quot;columns_tablet&quot;:2,&quot;columns_mobile&quot;:1,&quot;gap&quot;:{&quot;unit&quot;:&quot;px&quot;,&quot;size&quot;:10,&quot;sizes&quot;:[]},&quot;gap_tablet&quot;:{&quot;unit&quot;:&quot;px&quot;,&quot;size&quot;:10,&quot;sizes&quot;:[]},&quot;gap_mobile&quot;:{&quot;unit&quot;:&quot;px&quot;,&quot;size&quot;:10,&quot;sizes&quot;:[]},&quot;link_to&quot;:&quot;file&quot;,&quot;aspect_ratio&quot;:&quot;3:2&quot;,&quot;overlay_background&quot;:&quot;yes&quot;,&quot;content_hover_animation&quot;:&quot;fade-in&quot;}\" data-widget_type=\"gallery.default\">\n<div class=\"elementor-widget-container\">\n<div class=\"elementor-gallery__container e-gallery-container e-gallery-grid e-gallery--ltr e-gallery--lazyload\">\n<div class=\"e-gallery-image elementor-gallery-item__image e-gallery-image-loaded\" role=\"img\" data-thumbnail=\"https:\/\/blog.innovamat.com\/wp-content\/uploads\/2023\/11\/Presentacions-LabAve-cat-300x198.png\" data-width=\"300\" data-height=\"198\" aria-label=\"Dibujo alumnos descubriendo y experimentando\"><\/div>\n<div class=\"elementor-gallery-item__overlay\"><\/div>\n<div class=\"e-gallery-image elementor-gallery-item__image e-gallery-image-loaded\" role=\"img\" data-thumbnail=\"https:\/\/blog.innovamat.com\/wp-content\/uploads\/2023\/11\/Capcalera-blog-tecnologia-300x150.png\" data-width=\"300\" data-height=\"150\" aria-label=\"\"><\/div>\n<div class=\"elementor-gallery-item__overlay\"><\/div>\n<\/div>\n<\/div>\n<\/div>\n<div class=\"elementor-element elementor-element-a191091 elementor-widget elementor-widget-heading\" data-id=\"a191091\" data-element_type=\"widget\" data-widget_type=\"heading.default\">\n<div class=\"elementor-widget-container\"><span id=\"elementor-toc__heading-anchor-1\" class=\"elementor-menu-anchor \"><\/span><\/p>\n<h2 class=\"elementor-heading-title elementor-size-default\">Els riscos d&#8217;un entorn nou<\/h2>\n<\/div>\n<\/div>\n<div class=\"elementor-element elementor-element-22f014f elementor-widget elementor-widget-text-editor\" data-id=\"22f014f\" data-element_type=\"widget\" data-widget_type=\"text-editor.default\">\n<div class=\"elementor-widget-container\">\n<p>Fer servir la tecnologia de forma passiva, sense una visi\u00f3 pedag\u00f2gica o did\u00e0ctica fonamentada, o sense acompanyament, comporta alguns riscos que cal tenir en compte:<\/p>\n<ul>\n<li><strong>L\u2019impacte en la concentraci\u00f3<\/strong>: Sovint, la tecnologia va acompanyada de m\u00faltiples distraccions. Les notificacions constants als dispositius personals o l\u2019acc\u00e9s a les xarxes socials interfereixen de manera directa en el nivell de concentraci\u00f3. Conscients d\u2019aquest risc, hem ideat la nostra Pr\u00e0ctica digital perqu\u00e8 es pugui fer sense interrupcions en l\u2019entorn escolar, sota la supervisi\u00f3 dels docents. En cas que es faci a casa, recomanem fer servir preferentment una tauleta o ordinador, desactivar les notificacions del dispositiu en els moments d\u2019\u00fas de l\u2019app i que un adult en supervisi l\u2019\u00fas.<\/li>\n<\/ul>\n<div><\/div>\n<ul>\n<li><strong>Temps d\u2019exposici\u00f3<\/strong>: De vegades el problema no \u00e9s qu\u00e8 fem amb la pantalla, sin\u00f3 el temps que hi dediquem i qu\u00e8 deixem de fer per fer-la servir. Molts dels productes digitals estan dissenyats amb la intenci\u00f3 que l\u2019usuari es converteixi en dependent del seu \u00fas. La nostra app ha estat dissenyada amb una mirada did\u00e0ctica, que vol evitar els elements que puguin generar depend\u00e8ncia. A m\u00e9s, tenint en compte que la sobreexposici\u00f3 als dispositius digitals no \u00e9s recomanable, la nostra aplicaci\u00f3 est\u00e0 pensada perqu\u00e8 es faci a l\u2019aula nom\u00e9s una hora a la setmana, en els casos de prim\u00e0ria i secund\u00e0ria, i 15 minuts setmanals, en el cas d\u2019infantil.<\/li>\n<\/ul>\n<div><\/div>\n<ul>\n<li><strong>Replicar sense afegir-hi valor<\/strong>: Reproduir el mateix que es feia a classe, per\u00f2 en format digital, no implica una millora en el proc\u00e9s d\u2019aprenentatge. No es tracta de passar el contingut dels llibres de text a un PDF, ja que aquesta substituci\u00f3 no aporta res de nou. A m\u00e9s, fer servir aquestes eines fa que s\u2019hi sumi el fet de gestionar incid\u00e8ncies t\u00e8cniques, treballar amb dispositius que es queden sense bateria, i la necessitat de proporcionar acompanyament i formaci\u00f3 per adaptar-se a nous programaris i les seves actualitzacions.<\/li>\n<\/ul>\n<div><\/div>\n<ul>\n<li><strong>Virtualitzar excessivament l\u2019educaci\u00f3<\/strong>: L\u2019aprenentatge que es produeix a trav\u00e9s del di\u00e0leg, la manipulaci\u00f3, la col\u00b7laboraci\u00f3 i el descobriment s\u2019aconsegueix de manera m\u00e9s natural en l\u2019entorn f\u00edsic d\u2019una classe. I com que en som conscients,\u00a0<a href=\"https:\/\/blog.innovamat.com\/aprenentatge-matematiques-setmana-classe-innovamat\/\" target=\"_blank\" rel=\"noopener\">la Pr\u00e0ctica digital de la nostra proposta<\/a>\u00a0nom\u00e9s representa una petita part de tot el proc\u00e9s d\u2019aprenentatge. I \u00e9s que, des d\u2019Innovamat, considerem que la interacci\u00f3 directa entre alumnes i docents, la possibilitat de participar en activitats pr\u00e0ctiques, el treball en equip i el desenvolupament d\u2019habilitats socials s\u00f3n components fonamentals que brinda la presencialitat, sobretot en etapes d\u2019educaci\u00f3 obligat\u00f2ria. Per descomptat, poden existir circumst\u00e0ncies excepcionals en qu\u00e8 l\u2019educaci\u00f3 a dist\u00e0ncia sigui l\u2019\u00fanica opci\u00f3 viable, com quan vam viure la pand\u00e8mia; per\u00f2 fins i tot en aquestes circumst\u00e0ncies, el nostre objectiu \u00e9s promoure un aprenentatge competencial, a trav\u00e9s d\u2019activitats riques (un exemple d\u2019aix\u00f2\u00a0<a href=\"https:\/\/blog.innovamat.com\/que-son-les-actrivitats\/\" target=\"_blank\" rel=\"noopener\">\u00e9s la proposta d\u2019activitats en tres fases<\/a>, dissenyades per poder-se fer des de casa).<\/li>\n<\/ul>\n<\/div>\n<\/div>\n<div class=\"elementor-element elementor-element-7c984df elementor-widget elementor-widget-heading\" data-id=\"7c984df\" data-element_type=\"widget\" data-widget_type=\"heading.default\">\n<div class=\"elementor-widget-container\"><span id=\"elementor-toc__heading-anchor-2\" class=\"elementor-menu-anchor \"><\/span><\/p>\n<h2 class=\"elementor-heading-title elementor-size-default\">La tecnologia al servei de l&#8217;aprenentatge de les matem\u00e0tiques<\/h2>\n<\/div>\n<\/div>\n<div class=\"elementor-element elementor-element-46ad943 elementor-widget elementor-widget-text-editor\" data-id=\"46ad943\" data-element_type=\"widget\" data-widget_type=\"text-editor.default\">\n<div class=\"elementor-widget-container\">\n<p>El debat sobre l\u2019\u00fas de la tecnologia en el context de l\u2019educaci\u00f3 encara no ha acabat. El repte principal \u00e9s trobar la millor manera d\u2019integrar-la a l\u2019aula. Com hem analitzat, en el cas de l\u2019aprenentatge de les matem\u00e0tiques, els seus beneficis ens poden ajudar a individualitzar l\u2019aprenentatge \u2015proporcionant aix\u00ed una experi\u00e8ncia m\u00e9s personalitzada, que exploti les possibilitats de l\u2019entorn digital\u2015, a donar un retorn ajustat a les necessitats de cada alumne i a donar m\u00e9s visi\u00f3 al professorat de l\u2019evoluci\u00f3 del seu grup. No obstant aix\u00f2, si no es fa servir de manera adequada, ja hem vist que hi ha riscos. A Innovamat, acceptem el repte i proposem un \u00fas responsable de la tecnologia, potenciant-ne les virtuts i acompanyant els docents en la seva aplicaci\u00f3 a l\u2019aula de matem\u00e0tiques.<\/p>\n<\/div>\n<\/div>\n<div class=\"elementor-element elementor-element-6128f4b elementor-widget elementor-widget-image\" data-id=\"6128f4b\" data-element_type=\"widget\" data-widget_type=\"image.default\">\n<div class=\"elementor-widget-container\"><img loading=\"lazy\" decoding=\"async\" class=\"attachment-large size-large wp-image-24917\" src=\"https:\/\/blog.innovamat.com\/wp-content\/uploads\/2023\/11\/capcalera-article-tecnologia-1-1024x512.jpg\" sizes=\"auto, (max-width: 1024px) 100vw, 1024px\" srcset=\"https:\/\/blog.innovamat.com\/wp-content\/uploads\/2023\/11\/capcalera-article-tecnologia-1-1024x512.jpg 1024w, https:\/\/blog.innovamat.com\/wp-content\/uploads\/2023\/11\/capcalera-article-tecnologia-1-300x150.jpg 300w, https:\/\/blog.innovamat.com\/wp-content\/uploads\/2023\/11\/capcalera-article-tecnologia-1-768x384.jpg 768w, https:\/\/blog.innovamat.com\/wp-content\/uploads\/2023\/11\/capcalera-article-tecnologia-1.jpg 1200w\" alt=\"Diferentes actividades de Innovamat\" width=\"1024\" height=\"512\" \/><\/div>\n<\/div>\n<div class=\"elementor-element elementor-element-5ea328f elementor-widget elementor-widget-heading\" data-id=\"5ea328f\" data-element_type=\"widget\" data-widget_type=\"heading.default\">\n<div class=\"elementor-widget-container\"><span id=\"elementor-toc__heading-anchor-3\" class=\"elementor-menu-anchor \"><\/span><\/p>\n<h2 class=\"elementor-heading-title elementor-size-default\">Refer\u00e8ncies<\/h2>\n<\/div>\n<\/div>\n<div class=\"elementor-element elementor-element-524828d elementor-widget elementor-widget-text-editor\" data-id=\"524828d\" data-element_type=\"widget\" data-widget_type=\"text-editor.default\">\n<div class=\"elementor-widget-container\">\n<p>Bradley, D. (2019) Screen Time and the Brain. Harvard Medical School. https:\/\/hms.harvard.edu\/news\/screen-time-brain<\/p>\n<p>Desmurget, M. (2020). La Fabrique du cr\u00e9tin digital. POINTS.<\/p>\n<p>GEM Report UNESCO. (2023). Global Education Monitoring Report 2023: Technology in education: A tool on whose terms? (1a ed.). GEM Report UNESCO.\u00a0 https:\/\/doi.org\/10.54676\/UZQV8501<\/p>\n<p>Hassinger-Das, B., Zosh, J. M., Hansen, N., Talarowski, M., Zmich, K., Golinkoff, R. M., &amp; Hirsh-Pasek, K. (2020). Play-and-learn spaces: Leveraging library spaces to promote caregiver and child interaction. Library &amp; Information Science Research, 42(1), 101002. https:\/\/doi.org\/10.1016\/j.lisr.2020.101002<\/p>\n<p>Higgins, S., Xiao, Z., &amp; Katsipataki, M. (2012). The Impact of Digital Technology on Learning: A Summary for the Education Endowment Foundation. Full Report. En Education Endowment Foundation. Education Endowment Foundation. https:\/\/eric.ed.gov\/?id=ED612174<\/p>\n<p>Kirkwood, A., &amp; Price, L. (2013). Examining some assumptions and limitations of research on the effects of emerging technologies for teaching and learning in higher education. British Journal of Educational Technology, 44(4), 536-543. https:\/\/doi.org\/10.1111\/bjet.12049<\/p>\n<p>Lei, J., &amp; Zhao, Y. (2007). Technology uses and student achievement: A longitudinal study. Computers &amp; Education, 49(2), 284-296. https:\/\/doi.org\/10.1016\/j.compedu.2005.06.013<\/p>\n<\/div>\n<\/div>\n","protected":false},"excerpt":{"rendered":"<p>Actualment, un c\u00famul de circumst\u00e0ncies ha fet que el debat sobre els beneficis o els perjudicis de\u00a0l\u2019\u00fas de la tecnologia a les aules\u00a0hagi guanyat cert protagonisme. Per\u00f2 qu\u00e8 diu la recerca educativa sobre l\u2019\u00fas de la tecnologia a les aules? L\u2019haur\u00edem de continuar fent servir? Per qu\u00e8 i en quins moments? El debat sobre aquestes [&hellip;]<\/p>\n","protected":false},"author":3,"featured_media":15326,"comment_status":"open","ping_status":"closed","sticky":false,"template":"","format":"standard","meta":{"_bbp_topic_count":0,"_bbp_reply_count":0,"_bbp_total_topic_count":0,"_bbp_total_reply_count":0,"_bbp_voice_count":0,"_bbp_anonymous_reply_count":0,"_bbp_topic_count_hidden":0,"_bbp_reply_count_hidden":0,"_bbp_forum_subforum_count":0,"site-sidebar-layout":"default","site-content-layout":"","ast-site-content-layout":"","site-content-style":"default","site-sidebar-style":"default","ast-global-header-display":"","ast-banner-title-visibility":"","ast-main-header-display":"","ast-hfb-above-header-display":"","ast-hfb-below-header-display":"","ast-hfb-mobile-header-display":"","site-post-title":"","ast-breadcrumbs-content":"","ast-featured-img":"","footer-sml-layout":"","theme-transparent-header-meta":"","adv-header-id-meta":"","stick-header-meta":"","header-above-stick-meta":"","header-main-stick-meta":"","header-below-stick-meta":"","astra-migrate-meta-layouts":"default","ast-page-background-enabled":"default","ast-page-background-meta":{"desktop":{"background-color":"var(--ast-global-color-4)","background-image":"","background-repeat":"repeat","background-position":"center center","background-size":"auto","background-attachment":"scroll","background-type":"","background-media":"","overlay-type":"","overlay-color":"","overlay-opacity":"","overlay-gradient":""},"tablet":{"background-color":"","background-image":"","background-repeat":"repeat","background-position":"center center","background-size":"auto","background-attachment":"scroll","background-type":"","background-media":"","overlay-type":"","overlay-color":"","overlay-opacity":"","overlay-gradient":""},"mobile":{"background-color":"","background-image":"","background-repeat":"repeat","background-position":"center center","background-size":"auto","background-attachment":"scroll","background-type":"","background-media":"","overlay-type":"","overlay-color":"","overlay-opacity":"","overlay-gradient":""}},"ast-content-background-meta":{"desktop":{"background-color":"var(--ast-global-color-5)","background-image":"","background-repeat":"repeat","background-position":"center center","background-size":"auto","background-attachment":"scroll","background-type":"","background-media":"","overlay-type":"","overlay-color":"","overlay-opacity":"","overlay-gradient":""},"tablet":{"background-color":"var(--ast-global-color-5)","background-image":"","background-repeat":"repeat","background-position":"center center","background-size":"auto","background-attachment":"scroll","background-type":"","background-media":"","overlay-type":"","overlay-color":"","overlay-opacity":"","overlay-gradient":""},"mobile":{"background-color":"var(--ast-global-color-5)","background-image":"","background-repeat":"repeat","background-position":"center center","background-size":"auto","background-attachment":"scroll","background-type":"","background-media":"","overlay-type":"","overlay-color":"","overlay-opacity":"","overlay-gradient":""}},"footnotes":""},"categories":[414],"tags":[],"class_list":["post-15325","post","type-post","status-publish","format-standard","has-post-thumbnail","hentry","category-innovamat"],"post_mailing_queue_ids":[],"_links":{"self":[{"href":"https:\/\/agora.xtec.cat\/ceip-taquigraf-garriga\/wp-json\/wp\/v2\/posts\/15325","targetHints":{"allow":["GET"]}}],"collection":[{"href":"https:\/\/agora.xtec.cat\/ceip-taquigraf-garriga\/wp-json\/wp\/v2\/posts"}],"about":[{"href":"https:\/\/agora.xtec.cat\/ceip-taquigraf-garriga\/wp-json\/wp\/v2\/types\/post"}],"author":[{"embeddable":true,"href":"https:\/\/agora.xtec.cat\/ceip-taquigraf-garriga\/wp-json\/wp\/v2\/users\/3"}],"replies":[{"embeddable":true,"href":"https:\/\/agora.xtec.cat\/ceip-taquigraf-garriga\/wp-json\/wp\/v2\/comments?post=15325"}],"version-history":[{"count":1,"href":"https:\/\/agora.xtec.cat\/ceip-taquigraf-garriga\/wp-json\/wp\/v2\/posts\/15325\/revisions"}],"predecessor-version":[{"id":15327,"href":"https:\/\/agora.xtec.cat\/ceip-taquigraf-garriga\/wp-json\/wp\/v2\/posts\/15325\/revisions\/15327"}],"wp:featuredmedia":[{"embeddable":true,"href":"https:\/\/agora.xtec.cat\/ceip-taquigraf-garriga\/wp-json\/wp\/v2\/media\/15326"}],"wp:attachment":[{"href":"https:\/\/agora.xtec.cat\/ceip-taquigraf-garriga\/wp-json\/wp\/v2\/media?parent=15325"}],"wp:term":[{"taxonomy":"category","embeddable":true,"href":"https:\/\/agora.xtec.cat\/ceip-taquigraf-garriga\/wp-json\/wp\/v2\/categories?post=15325"},{"taxonomy":"post_tag","embeddable":true,"href":"https:\/\/agora.xtec.cat\/ceip-taquigraf-garriga\/wp-json\/wp\/v2\/tags?post=15325"}],"curies":[{"name":"wp","href":"https:\/\/api.w.org\/{rel}","templated":true}]}}