{"id":15309,"date":"2023-11-20T10:36:36","date_gmt":"2023-11-20T09:36:36","guid":{"rendered":"https:\/\/agora.xtec.cat\/ceip-taquigraf-garriga\/?p=15309"},"modified":"2023-11-20T10:36:36","modified_gmt":"2023-11-20T09:36:36","slug":"bmathheroes","status":"publish","type":"post","link":"https:\/\/agora.xtec.cat\/ceip-taquigraf-garriga\/innovamat\/bmathheroes\/","title":{"rendered":"#bmathheroes"},"content":{"rendered":"<p class=\"has-text-align-left has-huge-font-size\"><strong>Benvinguts a #bmatheroes<\/strong><\/p>\n<p>Els nostres companys de\u00a0<a href=\"https:\/\/innovamat.com\/ca\/bmath-descarregues\/\"><strong>bmath<\/strong><\/a>\u00a0han vingut a presentar-nos els experiments m\u00e9s esbojarrats per fer en fam\u00edlia! Cada\u00a0<strong>dijous a les 18:00h\u00a0<\/strong>en Jordi i en Bernat es posaran davant la c\u00e0mera per fer-nos experimentar i aprendre ci\u00e8ncies junts.<\/p>\n<div class=\"wp-block-image\"><\/div>\n<p>Els experiments estan enfocats a infants de prim\u00e0ria, majorit\u00e0riament, per\u00f2 tots i totes aprendrem i ens divertirem!<\/p>\n<p>A continuaci\u00f3 trobareu els v\u00eddeos dels experiments i l\u2019explicaci\u00f3 de com dur-los a terme. Aix\u00ed podreu recuperar-los en qualsevol moment!<\/p>\n<p><strong>#bmatheroes 1 \u2013 La mat\u00e8ria<\/strong><\/p>\n<p>Descobrim diverses propietats de la mat\u00e8ria, tant les que s\u00f3n observables a simple vista (la forma, el pes, la textura, etc.) com una que no (la densitat). Ja teniu la bata a punt? Som-hi!<\/p>\n<p class=\"has-text-align-center\">\u27a1\ufe0f\u00a0<a href=\"https:\/\/www.youtube.com\/watch?v=vRpi6MgXAKM\">V\u00eddeo<\/a>\u00a0\u2b05\ufe0f<br \/>\n\u27a1\ufe0f\u00a0<a href=\"https:\/\/drive.google.com\/file\/d\/1OmWwPchhvij67ziLYpMtPY2SEwFTtafQ\/view\">Materials i explicaci\u00f3<\/a>\u00a0\u2b05\ufe0f<\/p>\n<p><strong>#bmatheroes 2 \u2013 El foc<\/strong><\/p>\n<p>Descobrim quins tres elements s\u00f3n essencials per poder fer foc i els manipularem un a un per veure com influeixen en la flama.<\/p>\n<p class=\"has-text-align-center\">\u27a1\ufe0f\u00a0<a href=\"https:\/\/www.youtube.com\/watch?v=hRaDHjkVcQg\">V\u00eddeo<\/a>\u00a0\u2b05\ufe0f<br \/>\n\u27a1\ufe0f\u00a0<a href=\"https:\/\/drive.google.com\/file\/d\/1GPPuOrUAa4GbMcLH6FbN98JugOOe3CT1\/view\">Materials que necessitarem<\/a>\u00a0\u2b05\ufe0f<\/p>\n<p><strong>#bmatheroes 3 \u2013 La m\u00e0gia de l\u2019aigua<\/strong><\/p>\n<p>Descobrim les propietats m\u00e9s sorprenents dels l\u00edquids a partir d\u2019experimentar amb la tensi\u00f3 superficial de l\u2019aigua i la hidrof\u00f2bia de l\u2019oli.<\/p>\n<p class=\"has-text-align-center\">\u27a1\ufe0f\u00a0<a href=\"https:\/\/www.youtube.com\/watch?v=ZvmIakKF-FI\">V\u00eddeo<\/a>\u00a0\u2b05\ufe0f<br \/>\n\u27a1\ufe0f\u00a0<a href=\"https:\/\/drive.google.com\/file\/d\/175qauQ21jwqHIJxgvVcvx17jl2FsnZ4N\/view\">Materials i explicaci\u00f3<\/a>\u00a0\u2b05\ufe0f<\/p>\n<p><strong>#bmatheroes 4 \u2013 Corrents de convecci\u00f3<\/strong><\/p>\n<p>Sab\u00edeu que quan barregem aigua freda i calenta es creen uns corrents naturals interns per a portar la seva temperatura a l\u2019equilibri? Mitjan\u00e7ant colorant i les idees del Bernat i en Jordi, ho experimentarem!<\/p>\n<p class=\"has-text-align-center\">\u27a1\ufe0f\u00a0<a href=\"https:\/\/www.youtube.com\/watch?v=5A3xT6XAKuE\">V\u00eddeo<\/a>\u00a0\u2b05\ufe0f<br \/>\n\u27a1\ufe0f\u00a0<a href=\"https:\/\/drive.google.com\/file\/d\/1XCGbfhORvW_6-8gOnHLA-JKMvjuA1j7-\/view\">Materials i explicaci\u00f3<\/a>\u2b05\ufe0f<\/p>\n<p><strong>#bmatheroes 5 \u2013 Materials i construccions<\/strong><\/p>\n<p>El Bernat i en Jordi ens ensenyen quant resistent pot arribar a ser un full de paper i altres propietats dels materials molt interessants.<\/p>\n<p class=\"has-text-align-center\">\u27a1\ufe0f\u00a0<a href=\"https:\/\/www.youtube.com\/watch?v=MUT3VXcW9zQ\">V\u00eddeo<\/a>\u00a0\u2b05\ufe0f<br \/>\n\u27a1\ufe0f\u00a0<a href=\"https:\/\/drive.google.com\/file\/d\/1M2kwifH0BnNdPuD5eRmnGMFSY8czQs5B\/view\">Materials que necessitarem<\/a>\u00a0\u2b05\ufe0f<\/p>\n<p><strong>#bmatheroes 6 \u2013 Les formes de l\u2019aire<\/strong><\/p>\n<p>\u00bfVoleu con\u00e8ixer algunes propietats de l\u2019aire i construir un llan\u00e7ador d\u2019anelles de fum? D\u2019aquesta manera podrem visualitzar el comportament del vent. En Bernat i en Jordi us esperen!<\/p>\n<p class=\"has-text-align-center\">\u27a1\ufe0f\u00a0<a href=\"https:\/\/youtu.be\/4LaHMWmjp-M\">V\u00eddeo<\/a>\u00a0\u2b05\ufe0f<br \/>\n\u27a1\ufe0f\u00a0<a href=\"https:\/\/drive.google.com\/file\/d\/1fVCEqX7pNcyW-02EeG41w4GPwdyb99Lz\/view\">Materials que necessitarem<\/a>\u00a0\u2b05\ufe0f<\/p>\n<p><strong>#bmatheroes 7 \u2013 La for\u00e7a de les bombolles<\/strong><\/p>\n<p>El Jordi i el Bernat ens mostren com les bombolles poden exercir for\u00e7a i com interaccionen entre elles.<\/p>\n<p class=\"has-text-align-center\">\u00a0\u27a1\ufe0f\u00a0<a href=\"https:\/\/www.youtube.com\/watch?v=uDFBB2edj8s\">Video<\/a>\u00a0\u2b05\ufe0f<br \/>\n\u27a1\ufe0f\u00a0<a href=\"https:\/\/drive.google.com\/open?id=1MxKTa15HdklpUcJeQlECWpO9VfD0UiRF\">Materials que necessitarem<\/a>\u00a0\u2b05\ufe0f<\/p>\n<p><strong>#bmatheroes 8 \u2013 El pH<\/strong><\/p>\n<p>Veurem com la col llombarda \u00e9s sensible a l\u2019acidesa del seu medi i actua com a indicador de pH i com els diferents l\u00edquids canvien de color! Preparades cient\u00edfiques?<\/p>\n<p class=\"has-text-align-center\">\u00a0\u27a1\ufe0f\u00a0<a href=\"https:\/\/youtu.be\/LgHUwPUAdHY\">Enlla\u00e7 al directe<\/a>\u00a0\u2b05\ufe0f<br \/>\n\u27a1\ufe0f\u00a0<a href=\"https:\/\/drive.google.com\/file\/d\/1OQFHhqqXBDy82-RjYwyXLybJ5uzggG6K\/view?usp=sharing\">Materials que necessitarem<\/a>\u00a0\u2b05\ufe0f<\/p>\n<p><strong>#bmatheroes 9 \u2013\u00a0<\/strong><em>Dijous 28 de maig a les 18:00h.<\/em><\/p>\n<p>El Jordi i el Bernat ens sorprenen amb un nou experiment per aprendre i divertir-nos!<\/p>\n<p class=\"has-text-align-center\">\u00a0\u27a1\ufe0f\u00a0<a href=\"https:\/\/www.youtube.com\/watch?v=DV8G06q-_6s\">Enlla\u00e7 al directe<\/a>\u00a0\u2b05\ufe0f<br \/>\n\u27a1\ufe0f\u00a0<a href=\"https:\/\/drive.google.com\/file\/d\/1QxXTd0V0x1AqZfcO--OGhnHKx3JOhiMK\/view\">Materials que necessitarem<\/a>\u00a0\u2b05\ufe0f<\/p>\n","protected":false},"excerpt":{"rendered":"<p>Benvinguts a #bmatheroes Els nostres companys de\u00a0bmath\u00a0han vingut a presentar-nos els experiments m\u00e9s esbojarrats per fer en fam\u00edlia! Cada\u00a0dijous a les 18:00h\u00a0en Jordi i en Bernat es posaran davant la c\u00e0mera per fer-nos experimentar i aprendre ci\u00e8ncies junts. Els experiments estan enfocats a infants de prim\u00e0ria, majorit\u00e0riament, per\u00f2 tots i totes aprendrem i ens divertirem! [&hellip;]<\/p>\n","protected":false},"author":3,"featured_media":15310,"comment_status":"open","ping_status":"closed","sticky":false,"template":"","format":"standard","meta":{"_bbp_topic_count":0,"_bbp_reply_count":0,"_bbp_total_topic_count":0,"_bbp_total_reply_count":0,"_bbp_voice_count":0,"_bbp_anonymous_reply_count":0,"_bbp_topic_count_hidden":0,"_bbp_reply_count_hidden":0,"_bbp_forum_subforum_count":0,"site-sidebar-layout":"default","site-content-layout":"","ast-site-content-layout":"","site-content-style":"default","site-sidebar-style":"default","ast-global-header-display":"","ast-banner-title-visibility":"","ast-main-header-display":"","ast-hfb-above-header-display":"","ast-hfb-below-header-display":"","ast-hfb-mobile-header-display":"","site-post-title":"","ast-breadcrumbs-content":"","ast-featured-img":"","footer-sml-layout":"","theme-transparent-header-meta":"","adv-header-id-meta":"","stick-header-meta":"","header-above-stick-meta":"","header-main-stick-meta":"","header-below-stick-meta":"","astra-migrate-meta-layouts":"default","ast-page-background-enabled":"default","ast-page-background-meta":{"desktop":{"background-color":"var(--ast-global-color-4)","background-image":"","background-repeat":"repeat","background-position":"center center","background-size":"auto","background-attachment":"scroll","background-type":"","background-media":"","overlay-type":"","overlay-color":"","overlay-opacity":"","overlay-gradient":""},"tablet":{"background-color":"","background-image":"","background-repeat":"repeat","background-position":"center center","background-size":"auto","background-attachment":"scroll","background-type":"","background-media":"","overlay-type":"","overlay-color":"","overlay-opacity":"","overlay-gradient":""},"mobile":{"background-color":"","background-image":"","background-repeat":"repeat","background-position":"center center","background-size":"auto","background-attachment":"scroll","background-type":"","background-media":"","overlay-type":"","overlay-color":"","overlay-opacity":"","overlay-gradient":""}},"ast-content-background-meta":{"desktop":{"background-color":"var(--ast-global-color-5)","background-image":"","background-repeat":"repeat","background-position":"center center","background-size":"auto","background-attachment":"scroll","background-type":"","background-media":"","overlay-type":"","overlay-color":"","overlay-opacity":"","overlay-gradient":""},"tablet":{"background-color":"var(--ast-global-color-5)","background-image":"","background-repeat":"repeat","background-position":"center center","background-size":"auto","background-attachment":"scroll","background-type":"","background-media":"","overlay-type":"","overlay-color":"","overlay-opacity":"","overlay-gradient":""},"mobile":{"background-color":"var(--ast-global-color-5)","background-image":"","background-repeat":"repeat","background-position":"center center","background-size":"auto","background-attachment":"scroll","background-type":"","background-media":"","overlay-type":"","overlay-color":"","overlay-opacity":"","overlay-gradient":""}},"footnotes":""},"categories":[414],"tags":[415],"class_list":["post-15309","post","type-post","status-publish","format-standard","has-post-thumbnail","hentry","category-innovamat","tag-bmath"],"post_mailing_queue_ids":[],"_links":{"self":[{"href":"https:\/\/agora.xtec.cat\/ceip-taquigraf-garriga\/wp-json\/wp\/v2\/posts\/15309","targetHints":{"allow":["GET"]}}],"collection":[{"href":"https:\/\/agora.xtec.cat\/ceip-taquigraf-garriga\/wp-json\/wp\/v2\/posts"}],"about":[{"href":"https:\/\/agora.xtec.cat\/ceip-taquigraf-garriga\/wp-json\/wp\/v2\/types\/post"}],"author":[{"embeddable":true,"href":"https:\/\/agora.xtec.cat\/ceip-taquigraf-garriga\/wp-json\/wp\/v2\/users\/3"}],"replies":[{"embeddable":true,"href":"https:\/\/agora.xtec.cat\/ceip-taquigraf-garriga\/wp-json\/wp\/v2\/comments?post=15309"}],"version-history":[{"count":1,"href":"https:\/\/agora.xtec.cat\/ceip-taquigraf-garriga\/wp-json\/wp\/v2\/posts\/15309\/revisions"}],"predecessor-version":[{"id":15311,"href":"https:\/\/agora.xtec.cat\/ceip-taquigraf-garriga\/wp-json\/wp\/v2\/posts\/15309\/revisions\/15311"}],"wp:featuredmedia":[{"embeddable":true,"href":"https:\/\/agora.xtec.cat\/ceip-taquigraf-garriga\/wp-json\/wp\/v2\/media\/15310"}],"wp:attachment":[{"href":"https:\/\/agora.xtec.cat\/ceip-taquigraf-garriga\/wp-json\/wp\/v2\/media?parent=15309"}],"wp:term":[{"taxonomy":"category","embeddable":true,"href":"https:\/\/agora.xtec.cat\/ceip-taquigraf-garriga\/wp-json\/wp\/v2\/categories?post=15309"},{"taxonomy":"post_tag","embeddable":true,"href":"https:\/\/agora.xtec.cat\/ceip-taquigraf-garriga\/wp-json\/wp\/v2\/tags?post=15309"}],"curies":[{"name":"wp","href":"https:\/\/api.w.org\/{rel}","templated":true}]}}