{"id":15253,"date":"2023-11-03T09:42:52","date_gmt":"2023-11-03T08:42:52","guid":{"rendered":"https:\/\/agora.xtec.cat\/ceip-taquigraf-garriga\/?p=15253"},"modified":"2023-11-19T15:39:31","modified_gmt":"2023-11-19T14:39:31","slug":"eleccions-al-consell-escolar-3","status":"publish","type":"post","link":"https:\/\/agora.xtec.cat\/ceip-taquigraf-garriga\/general\/eleccions-al-consell-escolar-3\/","title":{"rendered":"ELECCIONS AL CONSELL ESCOLAR"},"content":{"rendered":"<p>El passat dilluns 30 d&#8217;octubre es van convoca les eleccions al consell escolar per renovar la meitat de representants del sector de fam\u00edlies i mestres.<\/p>\n<p>Les fam\u00edlies podeu participar en aquest proc\u00e9s de dues maneres, o b\u00e9 presentant-vos com a candidats o candidates per formar-ne part i\/o votant a les eleccions del proper dia 23 de novembre.<\/p>\n<p><strong>Per qu\u00e8 \u00e9s important que les fam\u00edlies participem en les eleccions al consell escolar?<\/strong><\/p>\n<div class=\"col-xs-12 columna_esquerra\">\n<div class=\"cos_bloc basic_text_peq pd-15\">\n<p>L\u2019equip de professionals dels centres i les fam\u00edlies compartim un objectiu: l\u2019\u00e8xit social i personal dels fills i de les filles. Les decisions que es prenen al consell escolar s\u00f3n clau per al funcionament i la millora del centre i, per tant, tamb\u00e9 per a l\u2019\u00e8xit educatiu de tot l\u2019alumnat. \u00c9s per aquest motiu que la participaci\u00f3 i implicaci\u00f3 dels pares i mares en les eleccions al consell escolar \u00e9s tan important.<\/p>\n<p>Quan les fam\u00edlies participeu en les eleccions, doneu suport al vostre candidat o candidata i hi delegueu la vostra veu i vot. Aix\u00ed feu arribar les vostres opinions i aportacions. Per tant, \u00e9s important que participeu en les eleccions al consell escolar pels motius seg\u00fcents:<\/p>\n<ul>\n<li>Sou els responsables de la formaci\u00f3 dels vostres fills i filles i \u00e9s important tenir una bona representaci\u00f3 al consell escolar que us informi i faci arribar la vostra veu.<\/li>\n<li>Les fam\u00edlies i els equips de docents compartim un mateix objectiu: l\u2019\u00e8xit acad\u00e8mic, social i personal dels fills i filles. Per aix\u00f2 hem de ser capa\u00e7os de treballar de manera conjunta i decidir a qu\u00e8 ens comprometem per aconseguir-ho.<\/li>\n<li>Les fam\u00edlies teniu el dret de participar de manera democr\u00e0tica en l\u2019organitzaci\u00f3 del centre. Aquesta \u00e9s una manera de valorar l\u2019escola i tamb\u00e9 contribu\u00efu que el vostre fill o filla la valori.<\/li>\n<li>L\u2019\u00e8xit educatiu del vostre fill o filla tamb\u00e9 dep\u00e8n del funcionament i el clima de centre. Implicar-vos en el seguiment i l\u2019avaluaci\u00f3 d\u2019aquest funcionament \u00e9s implicar-vos en el seu desenvolupament i creixement personal.<\/li>\n<li>\u00c9s la manera de fer arribar la vostra veu en temes que us poden preocupar, com activitats extraescolars o\u00a0 l\u2019alimentaci\u00f3 en el menjador escolar.<\/li>\n<li>\u00c9s important tenir una escola oberta a l\u2019entorn, que col\u00b7labori amb els altres centres i les diferents entitats i que entre tots pugueu fer del vostre municipi, barri o poble un entorn m\u00e9s educatiu i cohesionat. El consell escolar decideix quines han de ser aquestes relacions.<\/li>\n<\/ul>\n<p><strong>CALENDARI D\u2019ACTUACIONS<\/strong><\/p>\n<table width=\"792\">\n<tbody>\n<tr>\n<td width=\"154\">30\/10<\/td>\n<td width=\"638\">Convocat\u00f2ria de les eleccions i publicaci\u00f3 del cens electoral.<\/td>\n<\/tr>\n<tr>\n<td width=\"154\">2-7\/11<\/td>\n<td width=\"638\">Reclamacions al cens electoral.<\/td>\n<\/tr>\n<tr>\n<td width=\"154\">6\/11<\/td>\n<td width=\"638\">SORTEIG per tal de designar els membres vocals de les meses Electorals<\/td>\n<\/tr>\n<tr>\n<td width=\"154\">10\/11<\/td>\n<td width=\"638\">Constituci\u00f3 de les meses electorals.<\/p>\n<p>Resoluci\u00f3 de les reclamacions i aprovaci\u00f3 del cens definitiu<\/td>\n<\/tr>\n<tr>\n<td width=\"154\"><strong>13\/11<\/strong><\/td>\n<td width=\"638\"><strong>Publicaci\u00f3 del cens definitiu<\/strong><\/td>\n<\/tr>\n<tr>\n<td width=\"154\"><strong>Fins el 17\/11<\/strong><\/td>\n<td width=\"638\"><strong>Presentaci\u00f3 candidatures.<\/strong><\/td>\n<\/tr>\n<tr>\n<td width=\"154\"><strong>20\/11<\/strong><\/td>\n<td width=\"638\"><strong>Publicaci\u00f3 candidatures.<\/strong><\/td>\n<\/tr>\n<tr>\n<td width=\"154\">Fins el 17\/11<\/td>\n<td width=\"638\">Els candidats poden donar a con\u00e8ixer les seves propostes.<\/td>\n<\/tr>\n<tr>\n<td width=\"154\"><strong>23\/11<\/strong><\/td>\n<td width=\"638\"><strong>Elecci\u00f3 pares i mares.<\/strong><\/td>\n<\/tr>\n<tr>\n<td width=\"154\"><strong>22\/11<\/strong><\/td>\n<td width=\"638\"><strong>Elecci\u00f3 de professors.<\/strong><\/td>\n<\/tr>\n<tr>\n<td width=\"154\">&nbsp;<\/p>\n<p>Fins el 30\/11<\/td>\n<td width=\"638\">Notificaci\u00f3 del representant de l\u2019Ajuntament i de l\u2019AMPA<\/td>\n<\/tr>\n<tr>\n<td width=\"154\">Abans del 19\/12<\/td>\n<td width=\"638\">Constituci\u00f3 del Consell Escolar resultant.<\/td>\n<\/tr>\n<tr>\n<td width=\"154\">M\u00e0xim 30 dies, des de la constituci\u00f3 del Consell Escolar resultant<\/td>\n<td width=\"638\">Constituci\u00f3 de les comissions previstes al Decret 102\/2010 de 3 d\u2019agost, d\u2019autonomia dels centres educatius, i en les normes d\u2019organitzaci\u00f3 i funcionament del centre.<\/p>\n<p>&nbsp;<\/td>\n<\/tr>\n<tr>\n<td width=\"154\">&nbsp;<\/p>\n<p>Fins el 20\/12<\/td>\n<td width=\"638\">La direcci\u00f3 del centre p\u00fablic i la titularitat del centre privat concertat ha de trametre als Serveis Territorials c\u00f2pia autenticada de l\u2019acta de constituci\u00f3 del consell escolar resultant dels proc\u00e9s electoral, i informar de les dades de participaci\u00f3 electoral, en un termini no m\u00e9s enll\u00e0 de l\u2019\u00faltim dia lectiu del m\u00e9s de desembre.<\/td>\n<\/tr>\n<\/tbody>\n<\/table>\n<p><strong>REPRESENTANTS A RENOVAR<\/strong><\/p>\n<table style=\"border-collapse: collapse; width: 67.0683%;\">\n<tbody>\n<tr>\n<td style=\"width: 34.3373%; text-align: center;\"><strong>FAM\u00cdLIES<\/strong><\/td>\n<td style=\"width: 32.731%; text-align: center;\"><strong>MESTRES<\/strong><\/td>\n<\/tr>\n<tr>\n<td style=\"width: 34.3373%;\">MERC\u00c8 BADIA RIVAS<\/td>\n<td style=\"width: 32.731%;\">MARIA LORENA GRAU SANTOS<\/td>\n<\/tr>\n<tr>\n<td style=\"width: 34.3373%;\">MARIA BEGO\u00d1A RUBIO TORTOSA<\/td>\n<td style=\"width: 32.731%;\">ANNA CARLA MART\u00cdNEZ C\u00c1LIZ<\/td>\n<\/tr>\n<tr>\n<td style=\"width: 34.3373%;\">RAQUEL MOLINA ANT\u00d3N<\/td>\n<td style=\"width: 32.731%;\">CELIA PACHECO FLORES<\/td>\n<\/tr>\n<\/tbody>\n<\/table>\n<p>&nbsp;<\/p>\n<\/div>\n<\/div>\n","protected":false},"excerpt":{"rendered":"<p>El passat dilluns 30 d&#8217;octubre es van convoca les eleccions al consell escolar per renovar la meitat de representants del sector de fam\u00edlies i mestres. Les fam\u00edlies podeu participar en aquest proc\u00e9s de dues maneres, o b\u00e9 presentant-vos com a candidats o candidates per formar-ne part i\/o votant a les eleccions del proper dia 23 [&hellip;]<\/p>\n","protected":false},"author":4,"featured_media":0,"comment_status":"open","ping_status":"closed","sticky":false,"template":"","format":"standard","meta":{"_bbp_topic_count":0,"_bbp_reply_count":0,"_bbp_total_topic_count":0,"_bbp_total_reply_count":0,"_bbp_voice_count":0,"_bbp_anonymous_reply_count":0,"_bbp_topic_count_hidden":0,"_bbp_reply_count_hidden":0,"_bbp_forum_subforum_count":0,"site-sidebar-layout":"default","site-content-layout":"","ast-site-content-layout":"","site-content-style":"default","site-sidebar-style":"default","ast-global-header-display":"","ast-banner-title-visibility":"","ast-main-header-display":"","ast-hfb-above-header-display":"","ast-hfb-below-header-display":"","ast-hfb-mobile-header-display":"","site-post-title":"","ast-breadcrumbs-content":"","ast-featured-img":"","footer-sml-layout":"","theme-transparent-header-meta":"","adv-header-id-meta":"","stick-header-meta":"","header-above-stick-meta":"","header-main-stick-meta":"","header-below-stick-meta":"","astra-migrate-meta-layouts":"default","ast-page-background-enabled":"default","ast-page-background-meta":{"desktop":{"background-color":"var(--ast-global-color-4)","background-image":"","background-repeat":"repeat","background-position":"center center","background-size":"auto","background-attachment":"scroll","background-type":"","background-media":"","overlay-type":"","overlay-color":"","overlay-opacity":"","overlay-gradient":""},"tablet":{"background-color":"","background-image":"","background-repeat":"repeat","background-position":"center center","background-size":"auto","background-attachment":"scroll","background-type":"","background-media":"","overlay-type":"","overlay-color":"","overlay-opacity":"","overlay-gradient":""},"mobile":{"background-color":"","background-image":"","background-repeat":"repeat","background-position":"center center","background-size":"auto","background-attachment":"scroll","background-type":"","background-media":"","overlay-type":"","overlay-color":"","overlay-opacity":"","overlay-gradient":""}},"ast-content-background-meta":{"desktop":{"background-color":"var(--ast-global-color-5)","background-image":"","background-repeat":"repeat","background-position":"center center","background-size":"auto","background-attachment":"scroll","background-type":"","background-media":"","overlay-type":"","overlay-color":"","overlay-opacity":"","overlay-gradient":""},"tablet":{"background-color":"var(--ast-global-color-5)","background-image":"","background-repeat":"repeat","background-position":"center center","background-size":"auto","background-attachment":"scroll","background-type":"","background-media":"","overlay-type":"","overlay-color":"","overlay-opacity":"","overlay-gradient":""},"mobile":{"background-color":"var(--ast-global-color-5)","background-image":"","background-repeat":"repeat","background-position":"center center","background-size":"auto","background-attachment":"scroll","background-type":"","background-media":"","overlay-type":"","overlay-color":"","overlay-opacity":"","overlay-gradient":""}},"footnotes":""},"categories":[1,4],"tags":[66,40],"class_list":["post-15253","post","type-post","status-publish","format-standard","hentry","category-general","category-portada","tag-consell-escolar","tag-escola"],"post_mailing_queue_ids":[],"_links":{"self":[{"href":"https:\/\/agora.xtec.cat\/ceip-taquigraf-garriga\/wp-json\/wp\/v2\/posts\/15253","targetHints":{"allow":["GET"]}}],"collection":[{"href":"https:\/\/agora.xtec.cat\/ceip-taquigraf-garriga\/wp-json\/wp\/v2\/posts"}],"about":[{"href":"https:\/\/agora.xtec.cat\/ceip-taquigraf-garriga\/wp-json\/wp\/v2\/types\/post"}],"author":[{"embeddable":true,"href":"https:\/\/agora.xtec.cat\/ceip-taquigraf-garriga\/wp-json\/wp\/v2\/users\/4"}],"replies":[{"embeddable":true,"href":"https:\/\/agora.xtec.cat\/ceip-taquigraf-garriga\/wp-json\/wp\/v2\/comments?post=15253"}],"version-history":[{"count":2,"href":"https:\/\/agora.xtec.cat\/ceip-taquigraf-garriga\/wp-json\/wp\/v2\/posts\/15253\/revisions"}],"predecessor-version":[{"id":15264,"href":"https:\/\/agora.xtec.cat\/ceip-taquigraf-garriga\/wp-json\/wp\/v2\/posts\/15253\/revisions\/15264"}],"wp:attachment":[{"href":"https:\/\/agora.xtec.cat\/ceip-taquigraf-garriga\/wp-json\/wp\/v2\/media?parent=15253"}],"wp:term":[{"taxonomy":"category","embeddable":true,"href":"https:\/\/agora.xtec.cat\/ceip-taquigraf-garriga\/wp-json\/wp\/v2\/categories?post=15253"},{"taxonomy":"post_tag","embeddable":true,"href":"https:\/\/agora.xtec.cat\/ceip-taquigraf-garriga\/wp-json\/wp\/v2\/tags?post=15253"}],"curies":[{"name":"wp","href":"https:\/\/api.w.org\/{rel}","templated":true}]}}