{"id":15221,"date":"2023-11-01T13:02:39","date_gmt":"2023-11-01T12:02:39","guid":{"rendered":"https:\/\/agora.xtec.cat\/ceip-taquigraf-garriga\/?p=15221"},"modified":"2023-11-02T07:00:32","modified_gmt":"2023-11-02T06:00:32","slug":"mitjans-celebra-la-castanyada","status":"publish","type":"post","link":"https:\/\/agora.xtec.cat\/ceip-taquigraf-garriga\/general\/mitjans-celebra-la-castanyada\/","title":{"rendered":"MITJANS celebra la CASTANYADA!"},"content":{"rendered":"<p style=\"text-align: justify;\">Benvolgudes fam\u00edlies!<\/p>\n<p style=\"text-align: justify;\">Com ja sabeu, aquests darrers dies l&#8217;escola ha estat celebrant com cal la nostra estimada festa de la Castanyada, una tradici\u00f3 que mereix la millor de les atencions, igual que els nostres estimats infants.<\/p>\n<p style=\"text-align: justify;\">Aquesta darrera setmana els nens i nenes de la comunitat de mitjans (1r, 2n i 3r), acompanyats dels seus i les seves mestres, han dut a terme diverses accions vinculades a aquesta tradici\u00f3 tan nostra.<\/p>\n<p style=\"text-align: justify;\">Voleu saber quines han estat aquestes accions? Doncs seguiu llegint!<\/p>\n<ul style=\"text-align: justify; list-style-type: circle;\">\n<li><strong>Vam cuinar panellets:<\/strong> El passat dimecres dia 25 d&#8217;octubre a la tarda els nens i nenes de 1r, 2n i 3r van cuinar panellets. Per tal de poder elaborar-los, cada nen\/a va portar a l\u2019aula uns utensilis i uns ingredients concrets (ametlla, cireres confitades, pinyons, fideus de xocolata&#8230;). Treballant en grup, i afegint els ingredients aportats pels \/ per les mestres, van poder participar d\u2019aquest proc\u00e9s gastron\u00f2mic tan emocionant. L\u2019endem\u00e0, tots els panellets van passar pel forn i ens els vam poder menjar.<\/li>\n<\/ul>\n<p><a href=\"https:\/\/agora.xtec.cat\/ceip-taquigraf-garriga\/wp-content\/uploads\/usu853\/2023\/11\/1698824264207-3-scaled.jpg\"><img loading=\"lazy\" decoding=\"async\" class=\"aligncenter wp-image-15229 size-large\" src=\"https:\/\/agora.xtec.cat\/ceip-taquigraf-garriga\/wp-content\/uploads\/usu853\/2023\/11\/1698824264207-3-1024x576.jpg\" alt=\"\" width=\"1024\" height=\"576\" srcset=\"https:\/\/agora.xtec.cat\/ceip-taquigraf-garriga\/wp-content\/uploads\/usu853\/2023\/11\/1698824264207-3-1024x576.jpg 1024w, https:\/\/agora.xtec.cat\/ceip-taquigraf-garriga\/wp-content\/uploads\/usu853\/2023\/11\/1698824264207-3-300x169.jpg 300w, https:\/\/agora.xtec.cat\/ceip-taquigraf-garriga\/wp-content\/uploads\/usu853\/2023\/11\/1698824264207-3-768x432.jpg 768w, https:\/\/agora.xtec.cat\/ceip-taquigraf-garriga\/wp-content\/uploads\/usu853\/2023\/11\/1698824264207-3-1536x864.jpg 1536w, https:\/\/agora.xtec.cat\/ceip-taquigraf-garriga\/wp-content\/uploads\/usu853\/2023\/11\/1698824264207-3-2048x1152.jpg 2048w\" sizes=\"auto, (max-width: 1024px) 100vw, 1024px\" \/><\/a><\/p>\n<ul style=\"text-align: justify; list-style-type: circle;\">\n<li><strong>Vam degustar un esmorzar tardorenc ben saludable:\u00a0<\/strong>El passat dijous dia 26 d&#8217;octubre els nens i nenes de 1r i de 2n van gaudir d\u2019un esmorzar de tardor confeccionat per fruits i fruites t\u00edpiques d&#8217;aquesta \u00e8poca (magrana, taronja, ra\u00efm, mandarina, moniatos&#8230;). Per gaudir d&#8217;aquest esmorzar compartit tots els nens i nenes van aportar algunes peces de fruita que es van unir a les afegides pels \/ per les mestres a una meravellosa i acolorida taula. Qu\u00e8 bo que era tot!<\/li>\n<\/ul>\n<p><a href=\"https:\/\/agora.xtec.cat\/ceip-taquigraf-garriga\/wp-content\/uploads\/usu853\/2023\/11\/esmorzar.jpg\"><img loading=\"lazy\" decoding=\"async\" class=\"aligncenter wp-image-15230 size-full\" src=\"https:\/\/agora.xtec.cat\/ceip-taquigraf-garriga\/wp-content\/uploads\/usu853\/2023\/11\/esmorzar.jpg\" alt=\"\" width=\"953\" height=\"604\" srcset=\"https:\/\/agora.xtec.cat\/ceip-taquigraf-garriga\/wp-content\/uploads\/usu853\/2023\/11\/esmorzar.jpg 953w, https:\/\/agora.xtec.cat\/ceip-taquigraf-garriga\/wp-content\/uploads\/usu853\/2023\/11\/esmorzar-300x190.jpg 300w, https:\/\/agora.xtec.cat\/ceip-taquigraf-garriga\/wp-content\/uploads\/usu853\/2023\/11\/esmorzar-768x487.jpg 768w\" sizes=\"auto, (max-width: 953px) 100vw, 953px\" \/><\/a><\/p>\n<ul style=\"text-align: justify; list-style-type: circle;\">\n<li><strong>Ens vam trobar al parc de la Vila:<\/strong> Ahir al mat\u00ed, dilluns dia 31 d\u2019octubre, tots els nens i nenes de 1r, 2n i 3r, acompanyats pels seus i les seves mestres i per totes les fam\u00edlies que s\u2019hi van voler afegir, vam passejar fins al parc de la Vila on, despr\u00e9s de cantar una bonica can\u00e7\u00f3 de la Castanyera i d\u2019esmorzar plegats, vam estar jugant una bona estona a jocs d\u2019all\u00f2 m\u00e9s divertits, dinamitzats tots ells per familiars voluntaris: el mocador, l\u2019STOP, l\u2019aranya peluda, el pica paret&#8230; Ens ho vam passar genial! Gr\u00e0cies per fer-ho possible, fam\u00edlies!<\/li>\n<\/ul>\n<p><a href=\"https:\/\/agora.xtec.cat\/ceip-taquigraf-garriga\/wp-content\/uploads\/usu853\/2023\/11\/joc.jpg\"><img loading=\"lazy\" decoding=\"async\" class=\"wp-image-15231 size-full aligncenter\" src=\"https:\/\/agora.xtec.cat\/ceip-taquigraf-garriga\/wp-content\/uploads\/usu853\/2023\/11\/joc.jpg\" alt=\"\" width=\"583\" height=\"423\" srcset=\"https:\/\/agora.xtec.cat\/ceip-taquigraf-garriga\/wp-content\/uploads\/usu853\/2023\/11\/joc.jpg 583w, https:\/\/agora.xtec.cat\/ceip-taquigraf-garriga\/wp-content\/uploads\/usu853\/2023\/11\/joc-300x218.jpg 300w\" sizes=\"auto, (max-width: 583px) 100vw, 583px\" \/><\/a><\/p>\n<ul style=\"text-align: justify; list-style-type: circle;\">\n<li><strong>I, finalment, vam exposar unes boniques danses a la senyora Maria Castanyera:<\/strong> Finalment, ahir a la tarda, tots els nens i nenes de 1r, 2n i 3r, acompanyats pels seus i les seves mestres, van reunir-se al pati inferior per trobar-se amb la senyora Maria Castanyera, on van poder oferir-li cinc danses molt boniques treballades des de l\u2019\u00e0rea de m\u00fasica. Com a regal, la senyora Maria Castanyera ens va obsequiar amb algunes castanyes torrades ben bones.<\/li>\n<\/ul>\n<p style=\"text-align: justify;\">Quina manera m\u00e9s maca de celebrar aquesta tradicional festa, no ho penseu tamb\u00e9 aix\u00ed?<\/p>\n<p style=\"text-align: justify;\">Visca la Castanyada!<\/p>\n<p style=\"text-align: justify;\"><a href=\"https:\/\/agora.xtec.cat\/ceip-taquigraf-garriga\/wp-content\/uploads\/usu853\/2023\/11\/panellets.jpg\"><img loading=\"lazy\" decoding=\"async\" class=\"aligncenter wp-image-15233 size-full\" src=\"https:\/\/agora.xtec.cat\/ceip-taquigraf-garriga\/wp-content\/uploads\/usu853\/2023\/11\/panellets.jpg\" alt=\"\" width=\"376\" height=\"212\" srcset=\"https:\/\/agora.xtec.cat\/ceip-taquigraf-garriga\/wp-content\/uploads\/usu853\/2023\/11\/panellets.jpg 376w, https:\/\/agora.xtec.cat\/ceip-taquigraf-garriga\/wp-content\/uploads\/usu853\/2023\/11\/panellets-300x169.jpg 300w\" sizes=\"auto, (max-width: 376px) 100vw, 376px\" \/><\/a><\/p>\n","protected":false},"excerpt":{"rendered":"<p>Benvolgudes fam\u00edlies! Com ja sabeu, aquests darrers dies l&#8217;escola ha estat celebrant com cal la nostra estimada festa de la Castanyada, una tradici\u00f3 que mereix la millor de les atencions, igual que els nostres estimats infants. Aquesta darrera setmana els nens i nenes de la comunitat de mitjans (1r, 2n i 3r), acompanyats dels seus [&hellip;]<\/p>\n","protected":false},"author":502,"featured_media":15230,"comment_status":"open","ping_status":"closed","sticky":false,"template":"","format":"standard","meta":{"_bbp_topic_count":0,"_bbp_reply_count":0,"_bbp_total_topic_count":0,"_bbp_total_reply_count":0,"_bbp_voice_count":0,"_bbp_anonymous_reply_count":0,"_bbp_topic_count_hidden":0,"_bbp_reply_count_hidden":0,"_bbp_forum_subforum_count":0,"site-sidebar-layout":"default","site-content-layout":"","ast-site-content-layout":"","site-content-style":"default","site-sidebar-style":"default","ast-global-header-display":"","ast-banner-title-visibility":"","ast-main-header-display":"","ast-hfb-above-header-display":"","ast-hfb-below-header-display":"","ast-hfb-mobile-header-display":"","site-post-title":"","ast-breadcrumbs-content":"","ast-featured-img":"","footer-sml-layout":"","theme-transparent-header-meta":"","adv-header-id-meta":"","stick-header-meta":"","header-above-stick-meta":"","header-main-stick-meta":"","header-below-stick-meta":"","astra-migrate-meta-layouts":"default","ast-page-background-enabled":"default","ast-page-background-meta":{"desktop":{"background-color":"var(--ast-global-color-4)","background-image":"","background-repeat":"repeat","background-position":"center center","background-size":"auto","background-attachment":"scroll","background-type":"","background-media":"","overlay-type":"","overlay-color":"","overlay-opacity":"","overlay-gradient":""},"tablet":{"background-color":"","background-image":"","background-repeat":"repeat","background-position":"center center","background-size":"auto","background-attachment":"scroll","background-type":"","background-media":"","overlay-type":"","overlay-color":"","overlay-opacity":"","overlay-gradient":""},"mobile":{"background-color":"","background-image":"","background-repeat":"repeat","background-position":"center center","background-size":"auto","background-attachment":"scroll","background-type":"","background-media":"","overlay-type":"","overlay-color":"","overlay-opacity":"","overlay-gradient":""}},"ast-content-background-meta":{"desktop":{"background-color":"var(--ast-global-color-5)","background-image":"","background-repeat":"repeat","background-position":"center center","background-size":"auto","background-attachment":"scroll","background-type":"","background-media":"","overlay-type":"","overlay-color":"","overlay-opacity":"","overlay-gradient":""},"tablet":{"background-color":"var(--ast-global-color-5)","background-image":"","background-repeat":"repeat","background-position":"center center","background-size":"auto","background-attachment":"scroll","background-type":"","background-media":"","overlay-type":"","overlay-color":"","overlay-opacity":"","overlay-gradient":""},"mobile":{"background-color":"var(--ast-global-color-5)","background-image":"","background-repeat":"repeat","background-position":"center center","background-size":"auto","background-attachment":"scroll","background-type":"","background-media":"","overlay-type":"","overlay-color":"","overlay-opacity":"","overlay-gradient":""}},"footnotes":""},"categories":[10,11,12,1,4],"tags":[],"class_list":["post-15221","post","type-post","status-publish","format-standard","has-post-thumbnail","hentry","category-1r","category-2n","category-3r","category-general","category-portada"],"post_mailing_queue_ids":[],"_links":{"self":[{"href":"https:\/\/agora.xtec.cat\/ceip-taquigraf-garriga\/wp-json\/wp\/v2\/posts\/15221","targetHints":{"allow":["GET"]}}],"collection":[{"href":"https:\/\/agora.xtec.cat\/ceip-taquigraf-garriga\/wp-json\/wp\/v2\/posts"}],"about":[{"href":"https:\/\/agora.xtec.cat\/ceip-taquigraf-garriga\/wp-json\/wp\/v2\/types\/post"}],"author":[{"embeddable":true,"href":"https:\/\/agora.xtec.cat\/ceip-taquigraf-garriga\/wp-json\/wp\/v2\/users\/502"}],"replies":[{"embeddable":true,"href":"https:\/\/agora.xtec.cat\/ceip-taquigraf-garriga\/wp-json\/wp\/v2\/comments?post=15221"}],"version-history":[{"count":5,"href":"https:\/\/agora.xtec.cat\/ceip-taquigraf-garriga\/wp-json\/wp\/v2\/posts\/15221\/revisions"}],"predecessor-version":[{"id":15234,"href":"https:\/\/agora.xtec.cat\/ceip-taquigraf-garriga\/wp-json\/wp\/v2\/posts\/15221\/revisions\/15234"}],"wp:featuredmedia":[{"embeddable":true,"href":"https:\/\/agora.xtec.cat\/ceip-taquigraf-garriga\/wp-json\/wp\/v2\/media\/15230"}],"wp:attachment":[{"href":"https:\/\/agora.xtec.cat\/ceip-taquigraf-garriga\/wp-json\/wp\/v2\/media?parent=15221"}],"wp:term":[{"taxonomy":"category","embeddable":true,"href":"https:\/\/agora.xtec.cat\/ceip-taquigraf-garriga\/wp-json\/wp\/v2\/categories?post=15221"},{"taxonomy":"post_tag","embeddable":true,"href":"https:\/\/agora.xtec.cat\/ceip-taquigraf-garriga\/wp-json\/wp\/v2\/tags?post=15221"}],"curies":[{"name":"wp","href":"https:\/\/api.w.org\/{rel}","templated":true}]}}