{"id":15137,"date":"2023-04-28T00:27:37","date_gmt":"2023-04-27T22:27:37","guid":{"rendered":"https:\/\/agora.xtec.cat\/ceip-taquigraf-garriga\/?p=15137"},"modified":"2023-04-28T00:27:37","modified_gmt":"2023-04-27T22:27:37","slug":"capses-daprenentatge","status":"publish","type":"post","link":"https:\/\/agora.xtec.cat\/ceip-taquigraf-garriga\/general\/capses-daprenentatge\/","title":{"rendered":"-CAPSES D&#8217;APRENENTATGE-"},"content":{"rendered":"<p style=\"text-align: center;\">Sabeu que s\u00f3n les CAPSES D&#8217;APRENENTATGE?<\/p>\n<p style=\"text-align: center;\">A les classes de 6\u00e8 les hem conegut fa unes setmanes i ens han encantat.<\/p>\n<p style=\"text-align: center;\">En aquesta ocasi\u00f3 estem treballant els DRETS dels INFANTS amb les diferents propostes que anem trobant\u00a0 dins de les capses.<\/p>\n<p style=\"text-align: center;\">Hem de seguir les instruccions de cada capsa per anar resolent els reptes i crear el PRODUCTE FINAL de manera COOPERATIVA.<\/p>\n<p style=\"text-align: center;\">En les seg\u00fcents imatges ens podeu veure en acci\u00f3!<\/p>\n<div style=\"width: 4072px;\" class=\"wp-video\"><!--[if lt IE 9]><script>document.createElement('video');<\/script><![endif]-->\n<video class=\"wp-video-shortcode\" id=\"video-15137-1\" width=\"4072\" height=\"2036\" preload=\"metadata\" controls=\"controls\"><source type=\"video\/mp4\" src=\"https:\/\/agora.xtec.cat\/ceip-taquigraf-garriga\/wp-content\/uploads\/usu853\/2023\/04\/TREBALLEM-AMB-CAPSES-DAPRENENTATGE.mp4?_=1\" \/><a href=\"https:\/\/agora.xtec.cat\/ceip-taquigraf-garriga\/wp-content\/uploads\/usu853\/2023\/04\/TREBALLEM-AMB-CAPSES-DAPRENENTATGE.mp4\">https:\/\/agora.xtec.cat\/ceip-taquigraf-garriga\/wp-content\/uploads\/usu853\/2023\/04\/TREBALLEM-AMB-CAPSES-DAPRENENTATGE.mp4<\/a><\/video><\/div>\n<p style=\"text-align: center;\">\n","protected":false},"excerpt":{"rendered":"<p>Sabeu que s\u00f3n les CAPSES D&#8217;APRENENTATGE? A les classes de 6\u00e8 les hem conegut fa unes setmanes i ens han encantat. En aquesta ocasi\u00f3 estem treballant els DRETS dels INFANTS amb les diferents propostes que anem trobant\u00a0 dins de les capses. Hem de seguir les instruccions de cada capsa per anar resolent els reptes i [&hellip;]<\/p>\n","protected":false},"author":22,"featured_media":0,"comment_status":"open","ping_status":"closed","sticky":false,"template":"","format":"standard","meta":{"_bbp_topic_count":0,"_bbp_reply_count":0,"_bbp_total_topic_count":0,"_bbp_total_reply_count":0,"_bbp_voice_count":0,"_bbp_anonymous_reply_count":0,"_bbp_topic_count_hidden":0,"_bbp_reply_count_hidden":0,"_bbp_forum_subforum_count":0,"site-sidebar-layout":"default","site-content-layout":"","ast-site-content-layout":"","site-content-style":"default","site-sidebar-style":"default","ast-global-header-display":"","ast-banner-title-visibility":"","ast-main-header-display":"","ast-hfb-above-header-display":"","ast-hfb-below-header-display":"","ast-hfb-mobile-header-display":"","site-post-title":"","ast-breadcrumbs-content":"","ast-featured-img":"","footer-sml-layout":"","theme-transparent-header-meta":"","adv-header-id-meta":"","stick-header-meta":"","header-above-stick-meta":"","header-main-stick-meta":"","header-below-stick-meta":"","astra-migrate-meta-layouts":"default","ast-page-background-enabled":"default","ast-page-background-meta":{"desktop":{"background-color":"var(--ast-global-color-4)","background-image":"","background-repeat":"repeat","background-position":"center center","background-size":"auto","background-attachment":"scroll","background-type":"","background-media":"","overlay-type":"","overlay-color":"","overlay-opacity":"","overlay-gradient":""},"tablet":{"background-color":"","background-image":"","background-repeat":"repeat","background-position":"center center","background-size":"auto","background-attachment":"scroll","background-type":"","background-media":"","overlay-type":"","overlay-color":"","overlay-opacity":"","overlay-gradient":""},"mobile":{"background-color":"","background-image":"","background-repeat":"repeat","background-position":"center center","background-size":"auto","background-attachment":"scroll","background-type":"","background-media":"","overlay-type":"","overlay-color":"","overlay-opacity":"","overlay-gradient":""}},"ast-content-background-meta":{"desktop":{"background-color":"var(--ast-global-color-5)","background-image":"","background-repeat":"repeat","background-position":"center center","background-size":"auto","background-attachment":"scroll","background-type":"","background-media":"","overlay-type":"","overlay-color":"","overlay-opacity":"","overlay-gradient":""},"tablet":{"background-color":"var(--ast-global-color-5)","background-image":"","background-repeat":"repeat","background-position":"center center","background-size":"auto","background-attachment":"scroll","background-type":"","background-media":"","overlay-type":"","overlay-color":"","overlay-opacity":"","overlay-gradient":""},"mobile":{"background-color":"var(--ast-global-color-5)","background-image":"","background-repeat":"repeat","background-position":"center center","background-size":"auto","background-attachment":"scroll","background-type":"","background-media":"","overlay-type":"","overlay-color":"","overlay-opacity":"","overlay-gradient":""}},"footnotes":""},"categories":[190,1,288,231,4],"tags":[117,151,78,113,122,40,92,94,85,51,220,349,43],"class_list":["post-15137","post","type-post","status-publish","format-standard","hentry","category-families","category-general","category-grans","category-lectura","category-portada","tag-6e","tag-alumnes","tag-biblioteca","tag-cicle-superior","tag-coneixement-del-medi","tag-escola","tag-esparreguera","tag-families","tag-llengua","tag-menu","tag-musica","tag-portada","tag-primaria"],"post_mailing_queue_ids":[],"_links":{"self":[{"href":"https:\/\/agora.xtec.cat\/ceip-taquigraf-garriga\/wp-json\/wp\/v2\/posts\/15137","targetHints":{"allow":["GET"]}}],"collection":[{"href":"https:\/\/agora.xtec.cat\/ceip-taquigraf-garriga\/wp-json\/wp\/v2\/posts"}],"about":[{"href":"https:\/\/agora.xtec.cat\/ceip-taquigraf-garriga\/wp-json\/wp\/v2\/types\/post"}],"author":[{"embeddable":true,"href":"https:\/\/agora.xtec.cat\/ceip-taquigraf-garriga\/wp-json\/wp\/v2\/users\/22"}],"replies":[{"embeddable":true,"href":"https:\/\/agora.xtec.cat\/ceip-taquigraf-garriga\/wp-json\/wp\/v2\/comments?post=15137"}],"version-history":[{"count":2,"href":"https:\/\/agora.xtec.cat\/ceip-taquigraf-garriga\/wp-json\/wp\/v2\/posts\/15137\/revisions"}],"predecessor-version":[{"id":15140,"href":"https:\/\/agora.xtec.cat\/ceip-taquigraf-garriga\/wp-json\/wp\/v2\/posts\/15137\/revisions\/15140"}],"wp:attachment":[{"href":"https:\/\/agora.xtec.cat\/ceip-taquigraf-garriga\/wp-json\/wp\/v2\/media?parent=15137"}],"wp:term":[{"taxonomy":"category","embeddable":true,"href":"https:\/\/agora.xtec.cat\/ceip-taquigraf-garriga\/wp-json\/wp\/v2\/categories?post=15137"},{"taxonomy":"post_tag","embeddable":true,"href":"https:\/\/agora.xtec.cat\/ceip-taquigraf-garriga\/wp-json\/wp\/v2\/tags?post=15137"}],"curies":[{"name":"wp","href":"https:\/\/api.w.org\/{rel}","templated":true}]}}