{"id":14840,"date":"2022-05-10T10:51:53","date_gmt":"2022-05-10T08:51:53","guid":{"rendered":"https:\/\/agora.xtec.cat\/ceip-taquigraf-garriga\/?p=14840"},"modified":"2022-05-25T10:53:40","modified_gmt":"2022-05-25T08:53:40","slug":"sortida-a-lhort-del-puig-de-4t","status":"publish","type":"post","link":"https:\/\/agora.xtec.cat\/ceip-taquigraf-garriga\/general\/sortida-a-lhort-del-puig-de-4t\/","title":{"rendered":"SORTIDA A L\u2019HORT DEL PUIG DE 4T"},"content":{"rendered":"<p>Els nens i nenes de 4t vam anar el passat dimecres 04 de maig d&#8217;excursi\u00f3 a l&#8217;Hort del Puig, un hort ecol\u00f2gic a Castellbell i el Vilar (comarca del Bages).<\/p>\n<p>Per\u00f2 ep! Que aix\u00f2 no \u00e9s tot. Resulta que els habitants de l&#8217;any\u00a02100 ens han demanat ajuda perqu\u00e8 all\u00e0 tenen una alimentaci\u00f3 molt poc saludable i necessiten que els donem un cop de m\u00e0 per millorar-la. Per aix\u00f2, abans d&#8217;anar a l&#8217;hort, la doctora Poma ens va preparar tres reptes per poder ajudar a la civilitzaci\u00f3 del futur. El primer va ser un senzill joc amb preguntes que feien refer\u00e8ncia als h\u00e0bits saludables; el segon, la visita a l&#8217;hort on vam aprendre un\u00a0<strong>MUUUUUUUUUUUUNT<\/strong>\u00a0de coses; i el tercer, que consisteix\u00a0a\u00a0crear una c\u00e0psula del temps i enviar a la doctora Poma tota la informaci\u00f3 i consells necessaris per millorar l&#8217;alimentaci\u00f3 del seu temps.<\/p>\n<p>A banda de tot aix\u00f2, a l&#8217;hort vam poder fer un tast d&#8217;algunes fruites i hortalisses: pomes,\u00a0taronges, pastanagues&#8230; Fins i tot ens van deixar plantar la nostra pr\u00f2pia collita!! I per acabar-ho de rematar, ens van donar <u><em>UN GOT DE LLET<\/em>!!!<\/u><\/p>\n<p>A banda de sortir rodolant de tantes coses bones que vam tastar, vam marxar\u00a0super contents\/es i amb molt\u00edssimes coses noves apreses!!<\/p>\n<p>Osigui que si voleu veure qu\u00e8 b\u00e9 que va anar, doneu-li al play aqu\u00ed sota!! <strong>Gaudiuuuu!<\/strong><\/p>\n<p><a href=\"https:\/\/youtu.be\/8Nckfd5M2Tg\">https:\/\/youtu.be\/8Nckfd5M2Tg<\/a><\/p>\n","protected":false},"excerpt":{"rendered":"<p>Els nens i nenes de 4t vam anar el passat dimecres 04 de maig d&#8217;excursi\u00f3 a l&#8217;Hort del Puig, un hort ecol\u00f2gic a Castellbell i el Vilar (comarca del Bages). Per\u00f2 ep! Que aix\u00f2 no \u00e9s tot. Resulta que els habitants de l&#8217;any\u00a02100 ens han demanat ajuda perqu\u00e8 all\u00e0 tenen una alimentaci\u00f3 molt poc saludable [&hellip;]<\/p>\n","protected":false},"author":1,"featured_media":0,"comment_status":"open","ping_status":"closed","sticky":false,"template":"","format":"standard","meta":{"_bbp_topic_count":0,"_bbp_reply_count":0,"_bbp_total_topic_count":0,"_bbp_total_reply_count":0,"_bbp_voice_count":0,"_bbp_anonymous_reply_count":0,"_bbp_topic_count_hidden":0,"_bbp_reply_count_hidden":0,"_bbp_forum_subforum_count":0,"site-sidebar-layout":"default","site-content-layout":"","ast-site-content-layout":"","site-content-style":"default","site-sidebar-style":"default","ast-global-header-display":"","ast-banner-title-visibility":"","ast-main-header-display":"","ast-hfb-above-header-display":"","ast-hfb-below-header-display":"","ast-hfb-mobile-header-display":"","site-post-title":"","ast-breadcrumbs-content":"","ast-featured-img":"","footer-sml-layout":"","theme-transparent-header-meta":"","adv-header-id-meta":"","stick-header-meta":"","header-above-stick-meta":"","header-main-stick-meta":"","header-below-stick-meta":"","astra-migrate-meta-layouts":"default","ast-page-background-enabled":"default","ast-page-background-meta":{"desktop":{"background-color":"var(--ast-global-color-4)","background-image":"","background-repeat":"repeat","background-position":"center center","background-size":"auto","background-attachment":"scroll","background-type":"","background-media":"","overlay-type":"","overlay-color":"","overlay-opacity":"","overlay-gradient":""},"tablet":{"background-color":"","background-image":"","background-repeat":"repeat","background-position":"center center","background-size":"auto","background-attachment":"scroll","background-type":"","background-media":"","overlay-type":"","overlay-color":"","overlay-opacity":"","overlay-gradient":""},"mobile":{"background-color":"","background-image":"","background-repeat":"repeat","background-position":"center center","background-size":"auto","background-attachment":"scroll","background-type":"","background-media":"","overlay-type":"","overlay-color":"","overlay-opacity":"","overlay-gradient":""}},"ast-content-background-meta":{"desktop":{"background-color":"var(--ast-global-color-5)","background-image":"","background-repeat":"repeat","background-position":"center center","background-size":"auto","background-attachment":"scroll","background-type":"","background-media":"","overlay-type":"","overlay-color":"","overlay-opacity":"","overlay-gradient":""},"tablet":{"background-color":"var(--ast-global-color-5)","background-image":"","background-repeat":"repeat","background-position":"center center","background-size":"auto","background-attachment":"scroll","background-type":"","background-media":"","overlay-type":"","overlay-color":"","overlay-opacity":"","overlay-gradient":""},"mobile":{"background-color":"var(--ast-global-color-5)","background-image":"","background-repeat":"repeat","background-position":"center center","background-size":"auto","background-attachment":"scroll","background-type":"","background-media":"","overlay-type":"","overlay-color":"","overlay-opacity":"","overlay-gradient":""}},"footnotes":""},"categories":[13,190,1,4],"tags":[],"class_list":["post-14840","post","type-post","status-publish","format-standard","hentry","category-4t","category-families","category-general","category-portada"],"post_mailing_queue_ids":[],"_links":{"self":[{"href":"https:\/\/agora.xtec.cat\/ceip-taquigraf-garriga\/wp-json\/wp\/v2\/posts\/14840","targetHints":{"allow":["GET"]}}],"collection":[{"href":"https:\/\/agora.xtec.cat\/ceip-taquigraf-garriga\/wp-json\/wp\/v2\/posts"}],"about":[{"href":"https:\/\/agora.xtec.cat\/ceip-taquigraf-garriga\/wp-json\/wp\/v2\/types\/post"}],"author":[{"embeddable":true,"href":"https:\/\/agora.xtec.cat\/ceip-taquigraf-garriga\/wp-json\/wp\/v2\/users\/1"}],"replies":[{"embeddable":true,"href":"https:\/\/agora.xtec.cat\/ceip-taquigraf-garriga\/wp-json\/wp\/v2\/comments?post=14840"}],"version-history":[{"count":4,"href":"https:\/\/agora.xtec.cat\/ceip-taquigraf-garriga\/wp-json\/wp\/v2\/posts\/14840\/revisions"}],"predecessor-version":[{"id":14846,"href":"https:\/\/agora.xtec.cat\/ceip-taquigraf-garriga\/wp-json\/wp\/v2\/posts\/14840\/revisions\/14846"}],"wp:attachment":[{"href":"https:\/\/agora.xtec.cat\/ceip-taquigraf-garriga\/wp-json\/wp\/v2\/media?parent=14840"}],"wp:term":[{"taxonomy":"category","embeddable":true,"href":"https:\/\/agora.xtec.cat\/ceip-taquigraf-garriga\/wp-json\/wp\/v2\/categories?post=14840"},{"taxonomy":"post_tag","embeddable":true,"href":"https:\/\/agora.xtec.cat\/ceip-taquigraf-garriga\/wp-json\/wp\/v2\/tags?post=14840"}],"curies":[{"name":"wp","href":"https:\/\/api.w.org\/{rel}","templated":true}]}}