{"id":14698,"date":"2022-02-19T11:18:38","date_gmt":"2022-02-19T10:18:38","guid":{"rendered":"https:\/\/agora.xtec.cat\/ceip-taquigraf-garriga\/?p=14698"},"modified":"2022-02-22T13:51:42","modified_gmt":"2022-02-22T12:51:42","slug":"les-forces-i-les-maquines","status":"publish","type":"post","link":"https:\/\/agora.xtec.cat\/ceip-taquigraf-garriga\/general\/les-forces-i-les-maquines\/","title":{"rendered":"Les forces i les m\u00e0quines"},"content":{"rendered":"<h2>Les i els alumnes de 6\u00e8, durant aquest segon trimestre, hem estat investigant sobre les forces i com aquestes actuen en les m\u00e0quines.<\/h2>\n<p>Al llarg de totes aquestes setmanes, hem estat investigant amb l&#8217;objectiu de respondre&#8217;ns a la pregunta que se&#8217;ns va plantejar: &#8220;Com \u00e9s que les persones podem moure coses que pesen molt?&#8221; A partir de les hip\u00f2tesis inicials v\u00e0rem seguir descobrint amb l&#8217;ajuda de diferents fonts d&#8217;informaci\u00f3 tot el que tenia a veure amb les forces, i com a conseq\u00fc\u00e8ncia, amb les m\u00e0quines.<\/p>\n<p>Un cop centrats en aquest tema, v\u00e0rem aprofundir en les m\u00e0quines simples i compostes i en els seus elements per tal de poder anar generant el coneixement suficient per al finalitzar el projecte poder respondre de manera m\u00e9s acurada la pregunta inicial.<\/p>\n<p>En el seg\u00fcent v\u00eddeo us mostrem com han quedat els productes finals que les i els alumnes han fet.<\/p>\n<p><iframe loading=\"lazy\" title=\"YouTube video player\" src=\"https:\/\/www.youtube.com\/embed\/u_Qp91Rg1gY\" width=\"560\" height=\"315\" frameborder=\"0\" allowfullscreen=\"allowfullscreen\"><\/iframe><\/p>\n<p>Esperem que us agradi!<\/p>\n","protected":false},"excerpt":{"rendered":"<p>Les i els alumnes de 6\u00e8, durant aquest segon trimestre, hem estat investigant sobre les forces i com aquestes actuen en les m\u00e0quines. Al llarg de totes aquestes setmanes, hem estat investigant amb l&#8217;objectiu de respondre&#8217;ns a la pregunta que se&#8217;ns va plantejar: &#8220;Com \u00e9s que les persones podem moure coses que pesen molt?&#8221; A [&hellip;]<\/p>\n","protected":false},"author":1,"featured_media":0,"comment_status":"open","ping_status":"closed","sticky":false,"template":"","format":"standard","meta":{"_bbp_topic_count":0,"_bbp_reply_count":0,"_bbp_total_topic_count":0,"_bbp_total_reply_count":0,"_bbp_voice_count":0,"_bbp_anonymous_reply_count":0,"_bbp_topic_count_hidden":0,"_bbp_reply_count_hidden":0,"_bbp_forum_subforum_count":0,"site-sidebar-layout":"default","site-content-layout":"","ast-site-content-layout":"","site-content-style":"default","site-sidebar-style":"default","ast-global-header-display":"","ast-banner-title-visibility":"","ast-main-header-display":"","ast-hfb-above-header-display":"","ast-hfb-below-header-display":"","ast-hfb-mobile-header-display":"","site-post-title":"","ast-breadcrumbs-content":"","ast-featured-img":"","footer-sml-layout":"","theme-transparent-header-meta":"","adv-header-id-meta":"","stick-header-meta":"","header-above-stick-meta":"","header-main-stick-meta":"","header-below-stick-meta":"","astra-migrate-meta-layouts":"default","ast-page-background-enabled":"default","ast-page-background-meta":{"desktop":{"background-color":"var(--ast-global-color-4)","background-image":"","background-repeat":"repeat","background-position":"center center","background-size":"auto","background-attachment":"scroll","background-type":"","background-media":"","overlay-type":"","overlay-color":"","overlay-opacity":"","overlay-gradient":""},"tablet":{"background-color":"","background-image":"","background-repeat":"repeat","background-position":"center center","background-size":"auto","background-attachment":"scroll","background-type":"","background-media":"","overlay-type":"","overlay-color":"","overlay-opacity":"","overlay-gradient":""},"mobile":{"background-color":"","background-image":"","background-repeat":"repeat","background-position":"center center","background-size":"auto","background-attachment":"scroll","background-type":"","background-media":"","overlay-type":"","overlay-color":"","overlay-opacity":"","overlay-gradient":""}},"ast-content-background-meta":{"desktop":{"background-color":"var(--ast-global-color-5)","background-image":"","background-repeat":"repeat","background-position":"center center","background-size":"auto","background-attachment":"scroll","background-type":"","background-media":"","overlay-type":"","overlay-color":"","overlay-opacity":"","overlay-gradient":""},"tablet":{"background-color":"var(--ast-global-color-5)","background-image":"","background-repeat":"repeat","background-position":"center center","background-size":"auto","background-attachment":"scroll","background-type":"","background-media":"","overlay-type":"","overlay-color":"","overlay-opacity":"","overlay-gradient":""},"mobile":{"background-color":"var(--ast-global-color-5)","background-image":"","background-repeat":"repeat","background-position":"center center","background-size":"auto","background-attachment":"scroll","background-type":"","background-media":"","overlay-type":"","overlay-color":"","overlay-opacity":"","overlay-gradient":""}},"footnotes":""},"categories":[1,288,4],"tags":[117,293,294,134,379],"class_list":["post-14698","post","type-post","status-publish","format-standard","hentry","category-general","category-grans","category-portada","tag-6e","tag-maquetes","tag-maquines","tag-medi","tag-projecte"],"post_mailing_queue_ids":[],"_links":{"self":[{"href":"https:\/\/agora.xtec.cat\/ceip-taquigraf-garriga\/wp-json\/wp\/v2\/posts\/14698","targetHints":{"allow":["GET"]}}],"collection":[{"href":"https:\/\/agora.xtec.cat\/ceip-taquigraf-garriga\/wp-json\/wp\/v2\/posts"}],"about":[{"href":"https:\/\/agora.xtec.cat\/ceip-taquigraf-garriga\/wp-json\/wp\/v2\/types\/post"}],"author":[{"embeddable":true,"href":"https:\/\/agora.xtec.cat\/ceip-taquigraf-garriga\/wp-json\/wp\/v2\/users\/1"}],"replies":[{"embeddable":true,"href":"https:\/\/agora.xtec.cat\/ceip-taquigraf-garriga\/wp-json\/wp\/v2\/comments?post=14698"}],"version-history":[{"count":1,"href":"https:\/\/agora.xtec.cat\/ceip-taquigraf-garriga\/wp-json\/wp\/v2\/posts\/14698\/revisions"}],"predecessor-version":[{"id":14699,"href":"https:\/\/agora.xtec.cat\/ceip-taquigraf-garriga\/wp-json\/wp\/v2\/posts\/14698\/revisions\/14699"}],"wp:attachment":[{"href":"https:\/\/agora.xtec.cat\/ceip-taquigraf-garriga\/wp-json\/wp\/v2\/media?parent=14698"}],"wp:term":[{"taxonomy":"category","embeddable":true,"href":"https:\/\/agora.xtec.cat\/ceip-taquigraf-garriga\/wp-json\/wp\/v2\/categories?post=14698"},{"taxonomy":"post_tag","embeddable":true,"href":"https:\/\/agora.xtec.cat\/ceip-taquigraf-garriga\/wp-json\/wp\/v2\/tags?post=14698"}],"curies":[{"name":"wp","href":"https:\/\/api.w.org\/{rel}","templated":true}]}}