{"id":14682,"date":"2022-02-18T10:54:02","date_gmt":"2022-02-18T09:54:02","guid":{"rendered":"https:\/\/agora.xtec.cat\/ceip-taquigraf-garriga\/?p=14682"},"modified":"2022-02-18T10:54:50","modified_gmt":"2022-02-18T09:54:50","slug":"viatgem-a-les-gran-ciutats-del-mon","status":"publish","type":"post","link":"https:\/\/agora.xtec.cat\/ceip-taquigraf-garriga\/general\/viatgem-a-les-gran-ciutats-del-mon\/","title":{"rendered":"Viatgem a les gran ciutats del m\u00f3n!"},"content":{"rendered":"<h2>Les nenes i nens de 6\u00e8 han gaudit aquesta setmana d&#8217;un viatge a trav\u00e9s de les principals ciutats del m\u00f3n a trav\u00e9s d&#8217;una activitat organitzada per la Biblioteca municipal d&#8217;Esparreguera.<a href=\"https:\/\/agora.xtec.cat\/ceip-taquigraf-garriga\/wp-content\/uploads\/usu853\/2022\/02\/WhatsApp-Image-2022-02-18-at-10.26.58.jpeg\"><img loading=\"lazy\" decoding=\"async\" class=\"size-medium wp-image-14687 alignright\" src=\"https:\/\/agora.xtec.cat\/ceip-taquigraf-garriga\/wp-content\/uploads\/usu853\/2022\/02\/WhatsApp-Image-2022-02-18-at-10.26.58-300x225.jpeg\" alt=\"\" width=\"300\" height=\"225\" srcset=\"https:\/\/agora.xtec.cat\/ceip-taquigraf-garriga\/wp-content\/uploads\/usu853\/2022\/02\/WhatsApp-Image-2022-02-18-at-10.26.58-300x225.jpeg 300w, https:\/\/agora.xtec.cat\/ceip-taquigraf-garriga\/wp-content\/uploads\/usu853\/2022\/02\/WhatsApp-Image-2022-02-18-at-10.26.58-1024x768.jpeg 1024w, https:\/\/agora.xtec.cat\/ceip-taquigraf-garriga\/wp-content\/uploads\/usu853\/2022\/02\/WhatsApp-Image-2022-02-18-at-10.26.58-768x576.jpeg 768w, https:\/\/agora.xtec.cat\/ceip-taquigraf-garriga\/wp-content\/uploads\/usu853\/2022\/02\/WhatsApp-Image-2022-02-18-at-10.26.58-1536x1152.jpeg 1536w, https:\/\/agora.xtec.cat\/ceip-taquigraf-garriga\/wp-content\/uploads\/usu853\/2022\/02\/WhatsApp-Image-2022-02-18-at-10.26.58-200x150.jpeg 200w, https:\/\/agora.xtec.cat\/ceip-taquigraf-garriga\/wp-content\/uploads\/usu853\/2022\/02\/WhatsApp-Image-2022-02-18-at-10.26.58.jpeg 2048w\" sizes=\"auto, (max-width: 300px) 100vw, 300px\" \/><\/a><\/h2>\n<p>El passat dimarts i dimecres, els alumnes de 6\u00e8 varem assistir a la biblioteca municipal dins del marc d&#8217;activitats per dinamitzar aquest equipament des de la xarxa de Biblioteques de Catalunya.<\/p>\n<p>L&#8217;activitat va consistir en viatjar a diferents capitals del m\u00f3n on a trav\u00e9s de la cerca de guies, llibres especialitzats de viatges i Atles van poder investigar diferents llocs emblem\u00e0tics de cada una d&#8217;elles. A m\u00e9s van aprendre a fer servir aquest equipament amb el servei de pr\u00e9stec i tamb\u00e9 com cercar llibres dins del seu cat\u00e0leg.<\/p>\n<p>La veritat que hem tingut molta sort de gaudir d&#8217;una biblioteca moderna, actualitzada i molt motivadora!<\/p>\n<p>Aqu\u00ed us deixem algunes fotografies!<\/p>\n<p><a href=\"https:\/\/agora.xtec.cat\/ceip-taquigraf-garriga\/wp-content\/uploads\/usu853\/2022\/02\/WhatsApp-Image-2022-02-18-at-10.27.00.jpeg\"><img loading=\"lazy\" decoding=\"async\" class=\"aligncenter size-medium wp-image-14692\" src=\"https:\/\/agora.xtec.cat\/ceip-taquigraf-garriga\/wp-content\/uploads\/usu853\/2022\/02\/WhatsApp-Image-2022-02-18-at-10.27.00-225x300.jpeg\" alt=\"\" width=\"225\" height=\"300\" srcset=\"https:\/\/agora.xtec.cat\/ceip-taquigraf-garriga\/wp-content\/uploads\/usu853\/2022\/02\/WhatsApp-Image-2022-02-18-at-10.27.00-225x300.jpeg 225w, https:\/\/agora.xtec.cat\/ceip-taquigraf-garriga\/wp-content\/uploads\/usu853\/2022\/02\/WhatsApp-Image-2022-02-18-at-10.27.00-768x1024.jpeg 768w, https:\/\/agora.xtec.cat\/ceip-taquigraf-garriga\/wp-content\/uploads\/usu853\/2022\/02\/WhatsApp-Image-2022-02-18-at-10.27.00-1152x1536.jpeg 1152w, https:\/\/agora.xtec.cat\/ceip-taquigraf-garriga\/wp-content\/uploads\/usu853\/2022\/02\/WhatsApp-Image-2022-02-18-at-10.27.00.jpeg 1536w\" sizes=\"auto, (max-width: 225px) 100vw, 225px\" \/><\/a> <a href=\"https:\/\/agora.xtec.cat\/ceip-taquigraf-garriga\/wp-content\/uploads\/usu853\/2022\/02\/WhatsApp-Image-2022-02-18-at-10.27.001.jpeg\"><img loading=\"lazy\" decoding=\"async\" class=\"aligncenter size-medium wp-image-14691\" src=\"https:\/\/agora.xtec.cat\/ceip-taquigraf-garriga\/wp-content\/uploads\/usu853\/2022\/02\/WhatsApp-Image-2022-02-18-at-10.27.001-225x300.jpeg\" alt=\"\" width=\"225\" height=\"300\" srcset=\"https:\/\/agora.xtec.cat\/ceip-taquigraf-garriga\/wp-content\/uploads\/usu853\/2022\/02\/WhatsApp-Image-2022-02-18-at-10.27.001-225x300.jpeg 225w, https:\/\/agora.xtec.cat\/ceip-taquigraf-garriga\/wp-content\/uploads\/usu853\/2022\/02\/WhatsApp-Image-2022-02-18-at-10.27.001-768x1024.jpeg 768w, https:\/\/agora.xtec.cat\/ceip-taquigraf-garriga\/wp-content\/uploads\/usu853\/2022\/02\/WhatsApp-Image-2022-02-18-at-10.27.001-1152x1536.jpeg 1152w, https:\/\/agora.xtec.cat\/ceip-taquigraf-garriga\/wp-content\/uploads\/usu853\/2022\/02\/WhatsApp-Image-2022-02-18-at-10.27.001.jpeg 1536w\" sizes=\"auto, (max-width: 225px) 100vw, 225px\" \/><\/a> <a href=\"https:\/\/agora.xtec.cat\/ceip-taquigraf-garriga\/wp-content\/uploads\/usu853\/2022\/02\/WhatsApp-Image-2022-02-18-at-10.26.571.jpeg\"><img loading=\"lazy\" decoding=\"async\" class=\"aligncenter size-medium wp-image-14688\" src=\"https:\/\/agora.xtec.cat\/ceip-taquigraf-garriga\/wp-content\/uploads\/usu853\/2022\/02\/WhatsApp-Image-2022-02-18-at-10.26.571-225x300.jpeg\" alt=\"\" width=\"225\" height=\"300\" srcset=\"https:\/\/agora.xtec.cat\/ceip-taquigraf-garriga\/wp-content\/uploads\/usu853\/2022\/02\/WhatsApp-Image-2022-02-18-at-10.26.571-225x300.jpeg 225w, https:\/\/agora.xtec.cat\/ceip-taquigraf-garriga\/wp-content\/uploads\/usu853\/2022\/02\/WhatsApp-Image-2022-02-18-at-10.26.571-768x1024.jpeg 768w, https:\/\/agora.xtec.cat\/ceip-taquigraf-garriga\/wp-content\/uploads\/usu853\/2022\/02\/WhatsApp-Image-2022-02-18-at-10.26.571-1152x1536.jpeg 1152w, https:\/\/agora.xtec.cat\/ceip-taquigraf-garriga\/wp-content\/uploads\/usu853\/2022\/02\/WhatsApp-Image-2022-02-18-at-10.26.571.jpeg 1536w\" sizes=\"auto, (max-width: 225px) 100vw, 225px\" \/><\/a> <a href=\"https:\/\/agora.xtec.cat\/ceip-taquigraf-garriga\/wp-content\/uploads\/usu853\/2022\/02\/WhatsApp-Image-2022-02-18-at-10.26.59.jpeg\"><img loading=\"lazy\" decoding=\"async\" class=\"aligncenter size-medium wp-image-14684\" src=\"https:\/\/agora.xtec.cat\/ceip-taquigraf-garriga\/wp-content\/uploads\/usu853\/2022\/02\/WhatsApp-Image-2022-02-18-at-10.26.59-300x225.jpeg\" alt=\"\" width=\"300\" height=\"225\" srcset=\"https:\/\/agora.xtec.cat\/ceip-taquigraf-garriga\/wp-content\/uploads\/usu853\/2022\/02\/WhatsApp-Image-2022-02-18-at-10.26.59-300x225.jpeg 300w, https:\/\/agora.xtec.cat\/ceip-taquigraf-garriga\/wp-content\/uploads\/usu853\/2022\/02\/WhatsApp-Image-2022-02-18-at-10.26.59-1024x768.jpeg 1024w, https:\/\/agora.xtec.cat\/ceip-taquigraf-garriga\/wp-content\/uploads\/usu853\/2022\/02\/WhatsApp-Image-2022-02-18-at-10.26.59-768x576.jpeg 768w, https:\/\/agora.xtec.cat\/ceip-taquigraf-garriga\/wp-content\/uploads\/usu853\/2022\/02\/WhatsApp-Image-2022-02-18-at-10.26.59-1536x1152.jpeg 1536w, https:\/\/agora.xtec.cat\/ceip-taquigraf-garriga\/wp-content\/uploads\/usu853\/2022\/02\/WhatsApp-Image-2022-02-18-at-10.26.59-200x150.jpeg 200w, https:\/\/agora.xtec.cat\/ceip-taquigraf-garriga\/wp-content\/uploads\/usu853\/2022\/02\/WhatsApp-Image-2022-02-18-at-10.26.59.jpeg 2048w\" sizes=\"auto, (max-width: 300px) 100vw, 300px\" \/><\/a> <a href=\"https:\/\/agora.xtec.cat\/ceip-taquigraf-garriga\/wp-content\/uploads\/usu853\/2022\/02\/WhatsApp-Image-2022-02-18-at-10.26.591.jpeg\"><img loading=\"lazy\" decoding=\"async\" class=\"aligncenter size-medium wp-image-14683\" src=\"https:\/\/agora.xtec.cat\/ceip-taquigraf-garriga\/wp-content\/uploads\/usu853\/2022\/02\/WhatsApp-Image-2022-02-18-at-10.26.591-225x300.jpeg\" alt=\"\" width=\"225\" height=\"300\" srcset=\"https:\/\/agora.xtec.cat\/ceip-taquigraf-garriga\/wp-content\/uploads\/usu853\/2022\/02\/WhatsApp-Image-2022-02-18-at-10.26.591-225x300.jpeg 225w, https:\/\/agora.xtec.cat\/ceip-taquigraf-garriga\/wp-content\/uploads\/usu853\/2022\/02\/WhatsApp-Image-2022-02-18-at-10.26.591-768x1024.jpeg 768w, https:\/\/agora.xtec.cat\/ceip-taquigraf-garriga\/wp-content\/uploads\/usu853\/2022\/02\/WhatsApp-Image-2022-02-18-at-10.26.591-1152x1536.jpeg 1152w, https:\/\/agora.xtec.cat\/ceip-taquigraf-garriga\/wp-content\/uploads\/usu853\/2022\/02\/WhatsApp-Image-2022-02-18-at-10.26.591.jpeg 1536w\" sizes=\"auto, (max-width: 225px) 100vw, 225px\" \/><\/a> <a href=\"https:\/\/agora.xtec.cat\/ceip-taquigraf-garriga\/wp-content\/uploads\/usu853\/2022\/02\/WhatsApp-Image-2022-02-18-at-10.26.582.jpeg\"><img loading=\"lazy\" decoding=\"async\" class=\"aligncenter size-medium wp-image-14685\" src=\"https:\/\/agora.xtec.cat\/ceip-taquigraf-garriga\/wp-content\/uploads\/usu853\/2022\/02\/WhatsApp-Image-2022-02-18-at-10.26.582-300x225.jpeg\" alt=\"\" width=\"300\" height=\"225\" srcset=\"https:\/\/agora.xtec.cat\/ceip-taquigraf-garriga\/wp-content\/uploads\/usu853\/2022\/02\/WhatsApp-Image-2022-02-18-at-10.26.582-300x225.jpeg 300w, https:\/\/agora.xtec.cat\/ceip-taquigraf-garriga\/wp-content\/uploads\/usu853\/2022\/02\/WhatsApp-Image-2022-02-18-at-10.26.582-1024x768.jpeg 1024w, https:\/\/agora.xtec.cat\/ceip-taquigraf-garriga\/wp-content\/uploads\/usu853\/2022\/02\/WhatsApp-Image-2022-02-18-at-10.26.582-768x576.jpeg 768w, https:\/\/agora.xtec.cat\/ceip-taquigraf-garriga\/wp-content\/uploads\/usu853\/2022\/02\/WhatsApp-Image-2022-02-18-at-10.26.582-1536x1152.jpeg 1536w, https:\/\/agora.xtec.cat\/ceip-taquigraf-garriga\/wp-content\/uploads\/usu853\/2022\/02\/WhatsApp-Image-2022-02-18-at-10.26.582-200x150.jpeg 200w, https:\/\/agora.xtec.cat\/ceip-taquigraf-garriga\/wp-content\/uploads\/usu853\/2022\/02\/WhatsApp-Image-2022-02-18-at-10.26.582.jpeg 2048w\" sizes=\"auto, (max-width: 300px) 100vw, 300px\" \/><\/a> <a href=\"https:\/\/agora.xtec.cat\/ceip-taquigraf-garriga\/wp-content\/uploads\/usu853\/2022\/02\/WhatsApp-Image-2022-02-18-at-10.26.56.jpeg\"><img loading=\"lazy\" decoding=\"async\" class=\"aligncenter size-medium wp-image-14690\" src=\"https:\/\/agora.xtec.cat\/ceip-taquigraf-garriga\/wp-content\/uploads\/usu853\/2022\/02\/WhatsApp-Image-2022-02-18-at-10.26.56-300x225.jpeg\" alt=\"\" width=\"300\" height=\"225\" srcset=\"https:\/\/agora.xtec.cat\/ceip-taquigraf-garriga\/wp-content\/uploads\/usu853\/2022\/02\/WhatsApp-Image-2022-02-18-at-10.26.56-300x225.jpeg 300w, https:\/\/agora.xtec.cat\/ceip-taquigraf-garriga\/wp-content\/uploads\/usu853\/2022\/02\/WhatsApp-Image-2022-02-18-at-10.26.56-1024x768.jpeg 1024w, https:\/\/agora.xtec.cat\/ceip-taquigraf-garriga\/wp-content\/uploads\/usu853\/2022\/02\/WhatsApp-Image-2022-02-18-at-10.26.56-768x576.jpeg 768w, https:\/\/agora.xtec.cat\/ceip-taquigraf-garriga\/wp-content\/uploads\/usu853\/2022\/02\/WhatsApp-Image-2022-02-18-at-10.26.56-1536x1152.jpeg 1536w, https:\/\/agora.xtec.cat\/ceip-taquigraf-garriga\/wp-content\/uploads\/usu853\/2022\/02\/WhatsApp-Image-2022-02-18-at-10.26.56-200x150.jpeg 200w, https:\/\/agora.xtec.cat\/ceip-taquigraf-garriga\/wp-content\/uploads\/usu853\/2022\/02\/WhatsApp-Image-2022-02-18-at-10.26.56.jpeg 2048w\" sizes=\"auto, (max-width: 300px) 100vw, 300px\" \/><\/a> <a href=\"https:\/\/agora.xtec.cat\/ceip-taquigraf-garriga\/wp-content\/uploads\/usu853\/2022\/02\/WhatsApp-Image-2022-02-18-at-10.26.57.jpeg\"><img loading=\"lazy\" decoding=\"async\" class=\"aligncenter size-medium wp-image-14689\" src=\"https:\/\/agora.xtec.cat\/ceip-taquigraf-garriga\/wp-content\/uploads\/usu853\/2022\/02\/WhatsApp-Image-2022-02-18-at-10.26.57-300x225.jpeg\" alt=\"\" width=\"300\" height=\"225\" srcset=\"https:\/\/agora.xtec.cat\/ceip-taquigraf-garriga\/wp-content\/uploads\/usu853\/2022\/02\/WhatsApp-Image-2022-02-18-at-10.26.57-300x225.jpeg 300w, https:\/\/agora.xtec.cat\/ceip-taquigraf-garriga\/wp-content\/uploads\/usu853\/2022\/02\/WhatsApp-Image-2022-02-18-at-10.26.57-1024x768.jpeg 1024w, https:\/\/agora.xtec.cat\/ceip-taquigraf-garriga\/wp-content\/uploads\/usu853\/2022\/02\/WhatsApp-Image-2022-02-18-at-10.26.57-768x576.jpeg 768w, https:\/\/agora.xtec.cat\/ceip-taquigraf-garriga\/wp-content\/uploads\/usu853\/2022\/02\/WhatsApp-Image-2022-02-18-at-10.26.57-1536x1152.jpeg 1536w, https:\/\/agora.xtec.cat\/ceip-taquigraf-garriga\/wp-content\/uploads\/usu853\/2022\/02\/WhatsApp-Image-2022-02-18-at-10.26.57-200x150.jpeg 200w, https:\/\/agora.xtec.cat\/ceip-taquigraf-garriga\/wp-content\/uploads\/usu853\/2022\/02\/WhatsApp-Image-2022-02-18-at-10.26.57.jpeg 2048w\" sizes=\"auto, (max-width: 300px) 100vw, 300px\" \/><\/a><\/p>\n","protected":false},"excerpt":{"rendered":"<p>Les nenes i nens de 6\u00e8 han gaudit aquesta setmana d&#8217;un viatge a trav\u00e9s de les principals ciutats del m\u00f3n a trav\u00e9s d&#8217;una activitat organitzada per la Biblioteca municipal d&#8217;Esparreguera. El passat dimarts i dimecres, els alumnes de 6\u00e8 varem assistir a la biblioteca municipal dins del marc d&#8217;activitats per dinamitzar aquest equipament des de [&hellip;]<\/p>\n","protected":false},"author":1,"featured_media":14687,"comment_status":"open","ping_status":"closed","sticky":false,"template":"","format":"standard","meta":{"_bbp_topic_count":0,"_bbp_reply_count":0,"_bbp_total_topic_count":0,"_bbp_total_reply_count":0,"_bbp_voice_count":0,"_bbp_anonymous_reply_count":0,"_bbp_topic_count_hidden":0,"_bbp_reply_count_hidden":0,"_bbp_forum_subforum_count":0,"site-sidebar-layout":"default","site-content-layout":"","ast-site-content-layout":"","site-content-style":"default","site-sidebar-style":"default","ast-global-header-display":"","ast-banner-title-visibility":"","ast-main-header-display":"","ast-hfb-above-header-display":"","ast-hfb-below-header-display":"","ast-hfb-mobile-header-display":"","site-post-title":"","ast-breadcrumbs-content":"","ast-featured-img":"","footer-sml-layout":"","theme-transparent-header-meta":"","adv-header-id-meta":"","stick-header-meta":"","header-above-stick-meta":"","header-main-stick-meta":"","header-below-stick-meta":"","astra-migrate-meta-layouts":"default","ast-page-background-enabled":"default","ast-page-background-meta":{"desktop":{"background-color":"var(--ast-global-color-4)","background-image":"","background-repeat":"repeat","background-position":"center center","background-size":"auto","background-attachment":"scroll","background-type":"","background-media":"","overlay-type":"","overlay-color":"","overlay-opacity":"","overlay-gradient":""},"tablet":{"background-color":"","background-image":"","background-repeat":"repeat","background-position":"center center","background-size":"auto","background-attachment":"scroll","background-type":"","background-media":"","overlay-type":"","overlay-color":"","overlay-opacity":"","overlay-gradient":""},"mobile":{"background-color":"","background-image":"","background-repeat":"repeat","background-position":"center center","background-size":"auto","background-attachment":"scroll","background-type":"","background-media":"","overlay-type":"","overlay-color":"","overlay-opacity":"","overlay-gradient":""}},"ast-content-background-meta":{"desktop":{"background-color":"var(--ast-global-color-5)","background-image":"","background-repeat":"repeat","background-position":"center center","background-size":"auto","background-attachment":"scroll","background-type":"","background-media":"","overlay-type":"","overlay-color":"","overlay-opacity":"","overlay-gradient":""},"tablet":{"background-color":"var(--ast-global-color-5)","background-image":"","background-repeat":"repeat","background-position":"center center","background-size":"auto","background-attachment":"scroll","background-type":"","background-media":"","overlay-type":"","overlay-color":"","overlay-opacity":"","overlay-gradient":""},"mobile":{"background-color":"var(--ast-global-color-5)","background-image":"","background-repeat":"repeat","background-position":"center center","background-size":"auto","background-attachment":"scroll","background-type":"","background-media":"","overlay-type":"","overlay-color":"","overlay-opacity":"","overlay-gradient":""}},"footnotes":""},"categories":[1,288,231,4],"tags":[117,378,78,239,93],"class_list":["post-14682","post","type-post","status-publish","format-standard","has-post-thumbnail","hentry","category-general","category-grans","category-lectura","category-portada","tag-6e","tag-activitat","tag-biblioteca","tag-biblioteca-municipal","tag-viatge"],"post_mailing_queue_ids":[],"_links":{"self":[{"href":"https:\/\/agora.xtec.cat\/ceip-taquigraf-garriga\/wp-json\/wp\/v2\/posts\/14682","targetHints":{"allow":["GET"]}}],"collection":[{"href":"https:\/\/agora.xtec.cat\/ceip-taquigraf-garriga\/wp-json\/wp\/v2\/posts"}],"about":[{"href":"https:\/\/agora.xtec.cat\/ceip-taquigraf-garriga\/wp-json\/wp\/v2\/types\/post"}],"author":[{"embeddable":true,"href":"https:\/\/agora.xtec.cat\/ceip-taquigraf-garriga\/wp-json\/wp\/v2\/users\/1"}],"replies":[{"embeddable":true,"href":"https:\/\/agora.xtec.cat\/ceip-taquigraf-garriga\/wp-json\/wp\/v2\/comments?post=14682"}],"version-history":[{"count":1,"href":"https:\/\/agora.xtec.cat\/ceip-taquigraf-garriga\/wp-json\/wp\/v2\/posts\/14682\/revisions"}],"predecessor-version":[{"id":14693,"href":"https:\/\/agora.xtec.cat\/ceip-taquigraf-garriga\/wp-json\/wp\/v2\/posts\/14682\/revisions\/14693"}],"wp:featuredmedia":[{"embeddable":true,"href":"https:\/\/agora.xtec.cat\/ceip-taquigraf-garriga\/wp-json\/wp\/v2\/media\/14687"}],"wp:attachment":[{"href":"https:\/\/agora.xtec.cat\/ceip-taquigraf-garriga\/wp-json\/wp\/v2\/media?parent=14682"}],"wp:term":[{"taxonomy":"category","embeddable":true,"href":"https:\/\/agora.xtec.cat\/ceip-taquigraf-garriga\/wp-json\/wp\/v2\/categories?post=14682"},{"taxonomy":"post_tag","embeddable":true,"href":"https:\/\/agora.xtec.cat\/ceip-taquigraf-garriga\/wp-json\/wp\/v2\/tags?post=14682"}],"curies":[{"name":"wp","href":"https:\/\/api.w.org\/{rel}","templated":true}]}}