{"id":14631,"date":"2022-02-14T20:29:03","date_gmt":"2022-02-14T19:29:03","guid":{"rendered":"https:\/\/agora.xtec.cat\/ceip-taquigraf-garriga\/?p=14631"},"modified":"2022-02-19T08:38:24","modified_gmt":"2022-02-19T07:38:24","slug":"carnestoltes-2022","status":"publish","type":"post","link":"https:\/\/agora.xtec.cat\/ceip-taquigraf-garriga\/general\/carnestoltes-2022\/","title":{"rendered":"cARnESToltES 2022"},"content":{"rendered":"<div style=\"position: relative; width: 100%; height: 0; padding-top: 141.4286%; padding-bottom: 48px; box-shadow: 0 2px 8px 0 rgba(63,69,81,0.16); margin-top: 1.6em; margin-bottom: 0.9em; overflow: hidden; border-radius: 8px; will-change: transform;\"><iframe style=\"position: absolute; width: 100%; height: 100%; top: 0; left: 0; border: none; padding: 0; margin: 0;\" src=\"https:\/\/www.canva.com\/design\/DAE3YE_6_qQ\/view?embed\" allowfullscreen=\"allowfullscreen\"><br \/>\n<\/iframe><\/div>\n<div>\n<div style=\"position: relative; width: 100%; height: 0; padding-top: 141.4286%; padding-bottom: 48px; box-shadow: 0 2px 8px 0 rgba(63,69,81,0.16); margin-top: 1.6em; margin-bottom: 0.9em; overflow: hidden; border-radius: 8px; will-change: transform;\"><iframe style=\"position: absolute; width: 100%; height: 100%; top: 0; left: 0; border: none; padding: 0; margin: 0;\" src=\"https:\/\/www.canva.com\/design\/DAE3YNsXIjA\/view?embed\" allowfullscreen=\"allowfullscreen\"><br \/>\n<\/iframe><\/div>\n<p><a href=\"https:\/\/www.canva.com\/design\/DAE3YNsXIjA\/view?utm_content=DAE3YNsXIjA&amp;utm_campaign=designshare&amp;utm_medium=embeds&amp;utm_source=link\" target=\"_blank\" rel=\"noopener\">CARNESTOLTES 21-22<\/a><\/p>\n<div>S&#8217;acosta el Carnestoltes i a l&#8217;escola ja estem preparant les celebracions.<\/div>\n<div>Al mat\u00ed del dia 25 els m\u00e9s petits de l&#8217;escola (P3, P4, P5, 1r i 2n) sortiran al pati de l&#8217;escola a fer la seva desfilada. Hauran de portar la disfressa posada des de casa al mat\u00ed.<\/div>\n<div>A la tarda ser\u00e0 el torn de les noies i els nois de Cicle Mitj\u00e0 (3r i 4t) i Superior (5\u00e8 i 6\u00e8). Recordeu que l&#8217;alumnat que es quedi al menjador haur\u00e0 de portar la disfressa en una bossa al mat\u00ed i al migdia els ajudaran a disfressar-se.<\/div>\n<div>Com cada any, el tema de la disfressa \u00e9s lliure, per\u00f2 us recordem que triarem la millor disfressa de cada classe i la millor comparsa de de cada cicle nom\u00e9s entre les disfresses relacionades amb el tema de l&#8217;escola d&#8217;aquest curs: La Mitologia i els \u00c9ssers Fant\u00e0stics.<\/div>\n<div>\n<div>Volem aprofitar per convidar-vos a la Festa de Carnestoltes i Xocolatada que organitza l&#8217;AMPA la tarda de divendres 25 a les 16:45h. Hi haur\u00e0 animaci\u00f3 musical a c\u00e0rrec de Lollipops a partir de les 17:15h.<\/div>\n<div>\n<p>L&#8217;entrada s&#8217;haur\u00e0 de fer per la pasarela d&#8217;educaci\u00f3 infantil.<\/p>\n<div><\/div>\n<div>Per \u00faltim, recordar-vos que aquest any l&#8217;AMPA tornar\u00e0 a participar a la Rua de Carnestoltes que organitza l&#8217;Ajuntament el dissabte 26 de febrer.<\/div>\n<div>Tothom que vulgui participar cal que es posi en contacte amb l&#8217;AMPA a trav\u00e9s dels grups de Whatsapp de les classes.<\/div>\n<div><\/div>\n<div>Que comenci la gresca!!!<\/div>\n<\/div>\n<\/div>\n<\/div>\n","protected":false},"excerpt":{"rendered":"<p>CARNESTOLTES 21-22 S&#8217;acosta el Carnestoltes i a l&#8217;escola ja estem preparant les celebracions. Al mat\u00ed del dia 25 els m\u00e9s petits de l&#8217;escola (P3, P4, P5, 1r i 2n) sortiran al pati de l&#8217;escola a fer la seva desfilada. Hauran de portar la disfressa posada des de casa al mat\u00ed. A la tarda ser\u00e0 el [&hellip;]<\/p>\n","protected":false},"author":3,"featured_media":14632,"comment_status":"open","ping_status":"closed","sticky":false,"template":"","format":"standard","meta":{"_bbp_topic_count":0,"_bbp_reply_count":0,"_bbp_total_topic_count":0,"_bbp_total_reply_count":0,"_bbp_voice_count":0,"_bbp_anonymous_reply_count":0,"_bbp_topic_count_hidden":0,"_bbp_reply_count_hidden":0,"_bbp_forum_subforum_count":0,"site-sidebar-layout":"default","site-content-layout":"","ast-site-content-layout":"","site-content-style":"default","site-sidebar-style":"default","ast-global-header-display":"","ast-banner-title-visibility":"","ast-main-header-display":"","ast-hfb-above-header-display":"","ast-hfb-below-header-display":"","ast-hfb-mobile-header-display":"","site-post-title":"","ast-breadcrumbs-content":"","ast-featured-img":"","footer-sml-layout":"","theme-transparent-header-meta":"","adv-header-id-meta":"","stick-header-meta":"","header-above-stick-meta":"","header-main-stick-meta":"","header-below-stick-meta":"","astra-migrate-meta-layouts":"default","ast-page-background-enabled":"default","ast-page-background-meta":{"desktop":{"background-color":"var(--ast-global-color-4)","background-image":"","background-repeat":"repeat","background-position":"center center","background-size":"auto","background-attachment":"scroll","background-type":"","background-media":"","overlay-type":"","overlay-color":"","overlay-opacity":"","overlay-gradient":""},"tablet":{"background-color":"","background-image":"","background-repeat":"repeat","background-position":"center center","background-size":"auto","background-attachment":"scroll","background-type":"","background-media":"","overlay-type":"","overlay-color":"","overlay-opacity":"","overlay-gradient":""},"mobile":{"background-color":"","background-image":"","background-repeat":"repeat","background-position":"center center","background-size":"auto","background-attachment":"scroll","background-type":"","background-media":"","overlay-type":"","overlay-color":"","overlay-opacity":"","overlay-gradient":""}},"ast-content-background-meta":{"desktop":{"background-color":"var(--ast-global-color-5)","background-image":"","background-repeat":"repeat","background-position":"center center","background-size":"auto","background-attachment":"scroll","background-type":"","background-media":"","overlay-type":"","overlay-color":"","overlay-opacity":"","overlay-gradient":""},"tablet":{"background-color":"var(--ast-global-color-5)","background-image":"","background-repeat":"repeat","background-position":"center center","background-size":"auto","background-attachment":"scroll","background-type":"","background-media":"","overlay-type":"","overlay-color":"","overlay-opacity":"","overlay-gradient":""},"mobile":{"background-color":"var(--ast-global-color-5)","background-image":"","background-repeat":"repeat","background-position":"center center","background-size":"auto","background-attachment":"scroll","background-type":"","background-media":"","overlay-type":"","overlay-color":"","overlay-opacity":"","overlay-gradient":""}},"footnotes":""},"categories":[1,4],"tags":[101],"class_list":["post-14631","post","type-post","status-publish","format-standard","has-post-thumbnail","hentry","category-general","category-portada","tag-carnestoltes"],"post_mailing_queue_ids":[],"_links":{"self":[{"href":"https:\/\/agora.xtec.cat\/ceip-taquigraf-garriga\/wp-json\/wp\/v2\/posts\/14631","targetHints":{"allow":["GET"]}}],"collection":[{"href":"https:\/\/agora.xtec.cat\/ceip-taquigraf-garriga\/wp-json\/wp\/v2\/posts"}],"about":[{"href":"https:\/\/agora.xtec.cat\/ceip-taquigraf-garriga\/wp-json\/wp\/v2\/types\/post"}],"author":[{"embeddable":true,"href":"https:\/\/agora.xtec.cat\/ceip-taquigraf-garriga\/wp-json\/wp\/v2\/users\/3"}],"replies":[{"embeddable":true,"href":"https:\/\/agora.xtec.cat\/ceip-taquigraf-garriga\/wp-json\/wp\/v2\/comments?post=14631"}],"version-history":[{"count":3,"href":"https:\/\/agora.xtec.cat\/ceip-taquigraf-garriga\/wp-json\/wp\/v2\/posts\/14631\/revisions"}],"predecessor-version":[{"id":14697,"href":"https:\/\/agora.xtec.cat\/ceip-taquigraf-garriga\/wp-json\/wp\/v2\/posts\/14631\/revisions\/14697"}],"wp:featuredmedia":[{"embeddable":true,"href":"https:\/\/agora.xtec.cat\/ceip-taquigraf-garriga\/wp-json\/wp\/v2\/media\/14632"}],"wp:attachment":[{"href":"https:\/\/agora.xtec.cat\/ceip-taquigraf-garriga\/wp-json\/wp\/v2\/media?parent=14631"}],"wp:term":[{"taxonomy":"category","embeddable":true,"href":"https:\/\/agora.xtec.cat\/ceip-taquigraf-garriga\/wp-json\/wp\/v2\/categories?post=14631"},{"taxonomy":"post_tag","embeddable":true,"href":"https:\/\/agora.xtec.cat\/ceip-taquigraf-garriga\/wp-json\/wp\/v2\/tags?post=14631"}],"curies":[{"name":"wp","href":"https:\/\/api.w.org\/{rel}","templated":true}]}}