{"id":14377,"date":"2021-11-23T17:12:30","date_gmt":"2021-11-23T16:12:30","guid":{"rendered":"https:\/\/agora.xtec.cat\/ceip-taquigraf-garriga\/?p=14377"},"modified":"2021-11-23T17:12:30","modified_gmt":"2021-11-23T16:12:30","slug":"resultats-de-les-eleccions-de-consell-escolar-sector-families","status":"publish","type":"post","link":"https:\/\/agora.xtec.cat\/ceip-taquigraf-garriga\/general\/resultats-de-les-eleccions-de-consell-escolar-sector-families\/","title":{"rendered":"Resultats de les eleccions de Consell Escolar sector fam\u00edlies"},"content":{"rendered":"<p>Els resultats de les eleccions del sector de fam\u00edlies \u00e9s el seg\u00fcent:<\/p>\n<table style=\"border-collapse: collapse; width: 22.1099%;\">\n<tbody>\n<tr>\n<td style=\"width: 100%;\">Vots emesos: 31<\/td>\n<\/tr>\n<tr>\n<td style=\"width: 100%;\">Vots nuls: 0<\/td>\n<\/tr>\n<tr>\n<td style=\"width: 100%;\">Vots en blanc: 0<\/td>\n<\/tr>\n<\/tbody>\n<\/table>\n<table style=\"border-collapse: collapse; width: 35.9789%;\">\n<tbody>\n<tr>\n<td style=\"width: 28.794%; text-align: center;\">Candidata\/candidat<\/td>\n<td style=\"width: 7.1859%; text-align: center;\">Vots<\/td>\n<\/tr>\n<tr>\n<td style=\"width: 28.794%;\"><strong>Yolanda Jal\u00f3n<\/strong><\/td>\n<td style=\"width: 7.1859%;\"><strong>26<\/strong><\/td>\n<\/tr>\n<tr>\n<td style=\"width: 28.794%;\"><strong>Isaac Villanueva<\/strong><\/td>\n<td style=\"width: 7.1859%;\"><strong>20<\/strong><\/td>\n<\/tr>\n<tr>\n<td style=\"width: 28.794%;\">Raquel Mariscal<\/td>\n<td style=\"width: 7.1859%;\">3<\/td>\n<\/tr>\n<tr>\n<td style=\"width: 28.794%;\">Ana Jim\u00e9nez<\/td>\n<td style=\"width: 7.1859%;\">2<\/td>\n<\/tr>\n<\/tbody>\n<\/table>\n<p>La Yolanda i l&#8217;Isaac s\u00f3n escollits com a representants de les fam\u00edlies. La Raquel i l&#8217;Ana queden com a suplents.<\/p>\n","protected":false},"excerpt":{"rendered":"<p>Els resultats de les eleccions del sector de fam\u00edlies \u00e9s el seg\u00fcent: Vots emesos: 31 Vots nuls: 0 Vots en blanc: 0 Candidata\/candidat Vots Yolanda Jal\u00f3n 26 Isaac Villanueva 20 Raquel Mariscal 3 Ana Jim\u00e9nez 2 La Yolanda i l&#8217;Isaac s\u00f3n escollits com a representants de les fam\u00edlies. La Raquel i l&#8217;Ana queden com a [&hellip;]<\/p>\n","protected":false},"author":4,"featured_media":0,"comment_status":"open","ping_status":"closed","sticky":false,"template":"","format":"standard","meta":{"_bbp_topic_count":0,"_bbp_reply_count":0,"_bbp_total_topic_count":0,"_bbp_total_reply_count":0,"_bbp_voice_count":0,"_bbp_anonymous_reply_count":0,"_bbp_topic_count_hidden":0,"_bbp_reply_count_hidden":0,"_bbp_forum_subforum_count":0,"site-sidebar-layout":"default","site-content-layout":"","ast-site-content-layout":"","site-content-style":"default","site-sidebar-style":"default","ast-global-header-display":"","ast-banner-title-visibility":"","ast-main-header-display":"","ast-hfb-above-header-display":"","ast-hfb-below-header-display":"","ast-hfb-mobile-header-display":"","site-post-title":"","ast-breadcrumbs-content":"","ast-featured-img":"","footer-sml-layout":"","theme-transparent-header-meta":"","adv-header-id-meta":"","stick-header-meta":"","header-above-stick-meta":"","header-main-stick-meta":"","header-below-stick-meta":"","astra-migrate-meta-layouts":"default","ast-page-background-enabled":"default","ast-page-background-meta":{"desktop":{"background-color":"var(--ast-global-color-4)","background-image":"","background-repeat":"repeat","background-position":"center center","background-size":"auto","background-attachment":"scroll","background-type":"","background-media":"","overlay-type":"","overlay-color":"","overlay-opacity":"","overlay-gradient":""},"tablet":{"background-color":"","background-image":"","background-repeat":"repeat","background-position":"center center","background-size":"auto","background-attachment":"scroll","background-type":"","background-media":"","overlay-type":"","overlay-color":"","overlay-opacity":"","overlay-gradient":""},"mobile":{"background-color":"","background-image":"","background-repeat":"repeat","background-position":"center center","background-size":"auto","background-attachment":"scroll","background-type":"","background-media":"","overlay-type":"","overlay-color":"","overlay-opacity":"","overlay-gradient":""}},"ast-content-background-meta":{"desktop":{"background-color":"var(--ast-global-color-5)","background-image":"","background-repeat":"repeat","background-position":"center center","background-size":"auto","background-attachment":"scroll","background-type":"","background-media":"","overlay-type":"","overlay-color":"","overlay-opacity":"","overlay-gradient":""},"tablet":{"background-color":"var(--ast-global-color-5)","background-image":"","background-repeat":"repeat","background-position":"center center","background-size":"auto","background-attachment":"scroll","background-type":"","background-media":"","overlay-type":"","overlay-color":"","overlay-opacity":"","overlay-gradient":""},"mobile":{"background-color":"var(--ast-global-color-5)","background-image":"","background-repeat":"repeat","background-position":"center center","background-size":"auto","background-attachment":"scroll","background-type":"","background-media":"","overlay-type":"","overlay-color":"","overlay-opacity":"","overlay-gradient":""}},"footnotes":""},"categories":[1,4],"tags":[66,40],"class_list":["post-14377","post","type-post","status-publish","format-standard","hentry","category-general","category-portada","tag-consell-escolar","tag-escola"],"post_mailing_queue_ids":[],"_links":{"self":[{"href":"https:\/\/agora.xtec.cat\/ceip-taquigraf-garriga\/wp-json\/wp\/v2\/posts\/14377","targetHints":{"allow":["GET"]}}],"collection":[{"href":"https:\/\/agora.xtec.cat\/ceip-taquigraf-garriga\/wp-json\/wp\/v2\/posts"}],"about":[{"href":"https:\/\/agora.xtec.cat\/ceip-taquigraf-garriga\/wp-json\/wp\/v2\/types\/post"}],"author":[{"embeddable":true,"href":"https:\/\/agora.xtec.cat\/ceip-taquigraf-garriga\/wp-json\/wp\/v2\/users\/4"}],"replies":[{"embeddable":true,"href":"https:\/\/agora.xtec.cat\/ceip-taquigraf-garriga\/wp-json\/wp\/v2\/comments?post=14377"}],"version-history":[{"count":1,"href":"https:\/\/agora.xtec.cat\/ceip-taquigraf-garriga\/wp-json\/wp\/v2\/posts\/14377\/revisions"}],"predecessor-version":[{"id":14378,"href":"https:\/\/agora.xtec.cat\/ceip-taquigraf-garriga\/wp-json\/wp\/v2\/posts\/14377\/revisions\/14378"}],"wp:attachment":[{"href":"https:\/\/agora.xtec.cat\/ceip-taquigraf-garriga\/wp-json\/wp\/v2\/media?parent=14377"}],"wp:term":[{"taxonomy":"category","embeddable":true,"href":"https:\/\/agora.xtec.cat\/ceip-taquigraf-garriga\/wp-json\/wp\/v2\/categories?post=14377"},{"taxonomy":"post_tag","embeddable":true,"href":"https:\/\/agora.xtec.cat\/ceip-taquigraf-garriga\/wp-json\/wp\/v2\/tags?post=14377"}],"curies":[{"name":"wp","href":"https:\/\/api.w.org\/{rel}","templated":true}]}}