{"id":13726,"date":"2020-10-28T16:08:03","date_gmt":"2020-10-28T15:08:03","guid":{"rendered":"http:\/\/agora.xtec.cat\/ceip-taquigraf-garriga\/?p=13726"},"modified":"2021-02-28T16:12:14","modified_gmt":"2021-02-28T15:12:14","slug":"una-nova-manera-de-fer-matematiques","status":"publish","type":"post","link":"https:\/\/agora.xtec.cat\/ceip-taquigraf-garriga\/general\/una-nova-manera-de-fer-matematiques\/","title":{"rendered":"UNA NOVA MANERA DE FER MaTeM\u00e0TiQueS"},"content":{"rendered":"<p><a href=\"https:\/\/agora.xtec.cat\/ceip-taquigraf-garriga\/wp-content\/uploads\/usu853\/2021\/02\/CLASSES-MOLT-M\u00c9S-INTERACTIVES-ON-LALUMNE-\u00c9S-EL-CENTRE_-2.jpg\"><img loading=\"lazy\" decoding=\"async\" class=\"size-large wp-image-13731 aligncenter\" src=\"https:\/\/agora.xtec.cat\/ceip-taquigraf-garriga\/wp-content\/uploads\/usu853\/2021\/02\/CLASSES-MOLT-M\u00c9S-INTERACTIVES-ON-LALUMNE-\u00c9S-EL-CENTRE_-2-724x1024.jpg\" alt=\"\" width=\"724\" height=\"1024\" srcset=\"https:\/\/agora.xtec.cat\/ceip-taquigraf-garriga\/wp-content\/uploads\/usu853\/2021\/02\/CLASSES-MOLT-M\u00c9S-INTERACTIVES-ON-LALUMNE-\u00c9S-EL-CENTRE_-2-724x1024.jpg 724w, https:\/\/agora.xtec.cat\/ceip-taquigraf-garriga\/wp-content\/uploads\/usu853\/2021\/02\/CLASSES-MOLT-M\u00c9S-INTERACTIVES-ON-LALUMNE-\u00c9S-EL-CENTRE_-2-212x300.jpg 212w, https:\/\/agora.xtec.cat\/ceip-taquigraf-garriga\/wp-content\/uploads\/usu853\/2021\/02\/CLASSES-MOLT-M\u00c9S-INTERACTIVES-ON-LALUMNE-\u00c9S-EL-CENTRE_-2-768x1086.jpg 768w, https:\/\/agora.xtec.cat\/ceip-taquigraf-garriga\/wp-content\/uploads\/usu853\/2021\/02\/CLASSES-MOLT-M\u00c9S-INTERACTIVES-ON-LALUMNE-\u00c9S-EL-CENTRE_-2.jpg 1587w\" sizes=\"auto, (max-width: 724px) 100vw, 724px\" \/><\/a><\/p>\n<p>A primer s&#8217;inicia<strong> InNovAmaT<\/strong>, una nova manera de fer mates, on els <strong>alumnes esdevenen el centre del seu propi proc\u00e9s d&#8217;aprenentatge<\/strong>, permetent aix\u00ed, desenvolupar la seva autonomia i el seu pensament cr\u00edtic.<\/p>\n<p>S\u00f3n unes <strong>matem\u00e0tiques contextualitzades<\/strong>, on es proposen activitats amb un material manipulable i unes applets que permeten personalitzar l&#8217;aprenentatge i fomentar l&#8217;aprenentatge cooperatiu.<\/p>\n<p>&nbsp;<\/p>\n","protected":false},"excerpt":{"rendered":"<p>A primer s&#8217;inicia InNovAmaT, una nova manera de fer mates, on els alumnes esdevenen el centre del seu propi proc\u00e9s d&#8217;aprenentatge, permetent aix\u00ed, desenvolupar la seva autonomia i el seu pensament cr\u00edtic. S\u00f3n unes matem\u00e0tiques contextualitzades, on es proposen activitats amb un material manipulable i unes applets que permeten personalitzar l&#8217;aprenentatge i fomentar l&#8217;aprenentatge cooperatiu. [&hellip;]<\/p>\n","protected":false},"author":1,"featured_media":13723,"comment_status":"open","ping_status":"closed","sticky":false,"template":"","format":"standard","meta":{"_bbp_topic_count":0,"_bbp_reply_count":0,"_bbp_total_topic_count":0,"_bbp_total_reply_count":0,"_bbp_voice_count":0,"_bbp_anonymous_reply_count":0,"_bbp_topic_count_hidden":0,"_bbp_reply_count_hidden":0,"_bbp_forum_subforum_count":0,"site-sidebar-layout":"default","site-content-layout":"","ast-site-content-layout":"","site-content-style":"default","site-sidebar-style":"default","ast-global-header-display":"","ast-banner-title-visibility":"","ast-main-header-display":"","ast-hfb-above-header-display":"","ast-hfb-below-header-display":"","ast-hfb-mobile-header-display":"","site-post-title":"","ast-breadcrumbs-content":"","ast-featured-img":"","footer-sml-layout":"","theme-transparent-header-meta":"","adv-header-id-meta":"","stick-header-meta":"","header-above-stick-meta":"","header-main-stick-meta":"","header-below-stick-meta":"","astra-migrate-meta-layouts":"default","ast-page-background-enabled":"default","ast-page-background-meta":{"desktop":{"background-color":"var(--ast-global-color-4)","background-image":"","background-repeat":"repeat","background-position":"center center","background-size":"auto","background-attachment":"scroll","background-type":"","background-media":"","overlay-type":"","overlay-color":"","overlay-opacity":"","overlay-gradient":""},"tablet":{"background-color":"","background-image":"","background-repeat":"repeat","background-position":"center center","background-size":"auto","background-attachment":"scroll","background-type":"","background-media":"","overlay-type":"","overlay-color":"","overlay-opacity":"","overlay-gradient":""},"mobile":{"background-color":"","background-image":"","background-repeat":"repeat","background-position":"center center","background-size":"auto","background-attachment":"scroll","background-type":"","background-media":"","overlay-type":"","overlay-color":"","overlay-opacity":"","overlay-gradient":""}},"ast-content-background-meta":{"desktop":{"background-color":"var(--ast-global-color-5)","background-image":"","background-repeat":"repeat","background-position":"center center","background-size":"auto","background-attachment":"scroll","background-type":"","background-media":"","overlay-type":"","overlay-color":"","overlay-opacity":"","overlay-gradient":""},"tablet":{"background-color":"var(--ast-global-color-5)","background-image":"","background-repeat":"repeat","background-position":"center center","background-size":"auto","background-attachment":"scroll","background-type":"","background-media":"","overlay-type":"","overlay-color":"","overlay-opacity":"","overlay-gradient":""},"mobile":{"background-color":"var(--ast-global-color-5)","background-image":"","background-repeat":"repeat","background-position":"center center","background-size":"auto","background-attachment":"scroll","background-type":"","background-media":"","overlay-type":"","overlay-color":"","overlay-opacity":"","overlay-gradient":""}},"footnotes":""},"categories":[10,1,196,4],"tags":[],"class_list":["post-13726","post","type-post","status-publish","format-standard","has-post-thumbnail","hentry","category-1r","category-general","category-mitjans","category-portada"],"post_mailing_queue_ids":[],"_links":{"self":[{"href":"https:\/\/agora.xtec.cat\/ceip-taquigraf-garriga\/wp-json\/wp\/v2\/posts\/13726","targetHints":{"allow":["GET"]}}],"collection":[{"href":"https:\/\/agora.xtec.cat\/ceip-taquigraf-garriga\/wp-json\/wp\/v2\/posts"}],"about":[{"href":"https:\/\/agora.xtec.cat\/ceip-taquigraf-garriga\/wp-json\/wp\/v2\/types\/post"}],"author":[{"embeddable":true,"href":"https:\/\/agora.xtec.cat\/ceip-taquigraf-garriga\/wp-json\/wp\/v2\/users\/1"}],"replies":[{"embeddable":true,"href":"https:\/\/agora.xtec.cat\/ceip-taquigraf-garriga\/wp-json\/wp\/v2\/comments?post=13726"}],"version-history":[{"count":3,"href":"https:\/\/agora.xtec.cat\/ceip-taquigraf-garriga\/wp-json\/wp\/v2\/posts\/13726\/revisions"}],"predecessor-version":[{"id":13735,"href":"https:\/\/agora.xtec.cat\/ceip-taquigraf-garriga\/wp-json\/wp\/v2\/posts\/13726\/revisions\/13735"}],"wp:featuredmedia":[{"embeddable":true,"href":"https:\/\/agora.xtec.cat\/ceip-taquigraf-garriga\/wp-json\/wp\/v2\/media\/13723"}],"wp:attachment":[{"href":"https:\/\/agora.xtec.cat\/ceip-taquigraf-garriga\/wp-json\/wp\/v2\/media?parent=13726"}],"wp:term":[{"taxonomy":"category","embeddable":true,"href":"https:\/\/agora.xtec.cat\/ceip-taquigraf-garriga\/wp-json\/wp\/v2\/categories?post=13726"},{"taxonomy":"post_tag","embeddable":true,"href":"https:\/\/agora.xtec.cat\/ceip-taquigraf-garriga\/wp-json\/wp\/v2\/tags?post=13726"}],"curies":[{"name":"wp","href":"https:\/\/api.w.org\/{rel}","templated":true}]}}