{"id":12733,"date":"2020-11-19T19:30:02","date_gmt":"2020-11-19T18:30:02","guid":{"rendered":"http:\/\/agora.xtec.cat\/ceip-taquigraf-garriga\/?p=12733"},"modified":"2020-11-19T19:43:39","modified_gmt":"2020-11-19T18:43:39","slug":"benvinguts-al-moma","status":"publish","type":"post","link":"https:\/\/agora.xtec.cat\/ceip-taquigraf-garriga\/general\/benvinguts-al-moma\/","title":{"rendered":"BENVINGUTS AL MoMa!"},"content":{"rendered":"<p>Estimats lectors i lectores!<\/p>\n<p>Des de <strong>Cicle Superior<\/strong> us volem donar la benvinguda al museu <strong>MoMa.<\/strong><\/p>\n<p>Aquest curs, el tema de l&#8217;any de l&#8217;escola \u00e9s: <strong>VIATGEM A TRAV\u00c9S DEL MUSEUS!<\/strong><\/p>\n<p>A Cicle Superior, ens centrarem en els museus d&#8217;arreu del m\u00f3n, principalment amb el <strong>MoMa (Museum of Modern Art)<\/strong> de Nova York (Estats Units). \u00c9s un dels museus m\u00e9s significatius i importants d&#8217;art modern que podem trobar actualment a tot el m\u00f3n.<\/p>\n<p>Cada classe rebr\u00e0 el nom d&#8217;una de les obres exposades en aquest fant\u00e0stic i meravell\u00f3s museu. Cal dir que les obres van ser escollides pels propis nenes i nenes a partir d&#8217;una votaci\u00f3.<\/p>\n<p>A continuaci\u00f3, us adjuntem unes diapositives on podreu veure quines han estat les obres escollides, per cada grup-classe, de Cicle Superior.<\/p>\n<p style=\"text-align: center;\"><strong>Esperem que gaudiu del nostre museu&#8230;. Endavant!<\/strong><\/p>\n\r\n\t<div class=\"slideshow_container slideshow_container_style-light\" style=\"height: 300px; \" data-slideshow-id=\"12735\" data-style-name=\"style-light\" data-style-version=\"2.3.1\" >\r\n\r\n\t\t\t\t\t<div class=\"slideshow_loading_icon\"><\/div>\r\n\t\t\r\n\t\t<div class=\"slideshow_content\" style=\"display: none;\">\r\n\r\n\t\t\t<div class=\"slideshow_view\">\r\n\t\t\t\t<div class=\"slideshow_slide slideshow_slide_image\">\r\n\t\t\t\t\t\t\t\t\t\t\t<img src=\"https:\/\/agora.xtec.cat\/ceip-taquigraf-garriga\/wp-content\/uploads\/usu853\/2020\/11\/MUSEUS-D\u2019ARREU-DEL-M\u00d3N-CICLE-SUPERIOR.jpg\" alt=\"MUSEUS D\u2019ARREU DEL M\u00d3N - CICLE SUPERIOR\" width=\"960\" height=\"540\" \/>\r\n\t\t\t\t\t\t\t\t\t\t<div class=\"slideshow_description_box slideshow_transparent\">\r\n\t\t\t\t\t\t<div class=\"slideshow_title\">MUSEUS D\u2019ARREU DEL M\u00d3N - CICLE SUPERIOR<\/div>\t\t\t\t\t\t\t\t\t\t\t<\/div>\r\n\t\t\t\t<\/div>\r\n\r\n\t\t\t\t\t\t<div style=\"clear: both;\"><\/div><\/div><div class=\"slideshow_view\">\r\n\t\t\t\t<div class=\"slideshow_slide slideshow_slide_image\">\r\n\t\t\t\t\t\t\t\t\t\t\t<img src=\"https:\/\/agora.xtec.cat\/ceip-taquigraf-garriga\/wp-content\/uploads\/usu853\/2020\/11\/MUSEUS-D\u2019ARREU-DEL-M\u00d3N-CICLE-SUPERIOR-1.jpg\" alt=\"MUSEUS D\u2019ARREU DEL M\u00d3N - CICLE SUPERIOR (1)\" width=\"960\" height=\"540\" \/>\r\n\t\t\t\t\t\t\t\t\t\t<div class=\"slideshow_description_box slideshow_transparent\">\r\n\t\t\t\t\t\t<div class=\"slideshow_title\">MUSEUS D\u2019ARREU DEL M\u00d3N - CICLE SUPERIOR (1)<\/div>\t\t\t\t\t\t\t\t\t\t\t<\/div>\r\n\t\t\t\t<\/div>\r\n\r\n\t\t\t\t\t\t<div style=\"clear: both;\"><\/div><\/div><div class=\"slideshow_view\">\r\n\t\t\t\t<div class=\"slideshow_slide slideshow_slide_image\">\r\n\t\t\t\t\t\t\t\t\t\t\t<img src=\"https:\/\/agora.xtec.cat\/ceip-taquigraf-garriga\/wp-content\/uploads\/usu853\/2020\/11\/MUSEUS-D\u2019ARREU-DEL-M\u00d3N-CICLE-SUPERIOR-2.jpg\" alt=\"MUSEUS D\u2019ARREU DEL M\u00d3N - CICLE SUPERIOR (2)\" width=\"960\" height=\"540\" \/>\r\n\t\t\t\t\t\t\t\t\t\t<div class=\"slideshow_description_box slideshow_transparent\">\r\n\t\t\t\t\t\t<div class=\"slideshow_title\">MUSEUS D\u2019ARREU DEL M\u00d3N - CICLE SUPERIOR (2)<\/div>\t\t\t\t\t\t\t\t\t\t\t<\/div>\r\n\t\t\t\t<\/div>\r\n\r\n\t\t\t\t\t\t<div style=\"clear: both;\"><\/div><\/div><div class=\"slideshow_view\">\r\n\t\t\t\t<div class=\"slideshow_slide slideshow_slide_image\">\r\n\t\t\t\t\t\t\t\t\t\t\t<img src=\"https:\/\/agora.xtec.cat\/ceip-taquigraf-garriga\/wp-content\/uploads\/usu853\/2020\/11\/MUSEUS-D\u2019ARREU-DEL-M\u00d3N-CICLE-SUPERIOR-3.jpg\" alt=\"MUSEUS D\u2019ARREU DEL M\u00d3N - CICLE SUPERIOR (3)\" width=\"960\" height=\"540\" \/>\r\n\t\t\t\t\t\t\t\t\t\t<div class=\"slideshow_description_box slideshow_transparent\">\r\n\t\t\t\t\t\t<div class=\"slideshow_title\">MUSEUS D\u2019ARREU DEL M\u00d3N - CICLE SUPERIOR (3)<\/div>\t\t\t\t\t\t\t\t\t\t\t<\/div>\r\n\t\t\t\t<\/div>\r\n\r\n\t\t\t\t\t\t<div style=\"clear: both;\"><\/div><\/div><div class=\"slideshow_view\">\r\n\t\t\t\t<div class=\"slideshow_slide slideshow_slide_image\">\r\n\t\t\t\t\t\t\t\t\t\t\t<img src=\"https:\/\/agora.xtec.cat\/ceip-taquigraf-garriga\/wp-content\/uploads\/usu853\/2020\/11\/MUSEUS-D\u2019ARREU-DEL-M\u00d3N-CICLE-SUPERIOR-8.jpg\" alt=\"MUSEUS D\u2019ARREU DEL M\u00d3N - CICLE SUPERIOR\" width=\"960\" height=\"540\" \/>\r\n\t\t\t\t\t\t\t\t\t\t<div class=\"slideshow_description_box slideshow_transparent\">\r\n\t\t\t\t\t\t<div class=\"slideshow_title\">MUSEUS D\u2019ARREU DEL M\u00d3N - CICLE SUPERIOR<\/div>\t\t\t\t\t\t\t\t\t\t\t<\/div>\r\n\t\t\t\t<\/div>\r\n\r\n\t\t\t\t\t\t<div style=\"clear: both;\"><\/div><\/div><div class=\"slideshow_view\">\r\n\t\t\t\t<div class=\"slideshow_slide slideshow_slide_image\">\r\n\t\t\t\t\t\t\t\t\t\t\t<img src=\"https:\/\/agora.xtec.cat\/ceip-taquigraf-garriga\/wp-content\/uploads\/usu853\/2020\/11\/MUSEUS-D\u2019ARREU-DEL-M\u00d3N-CICLE-SUPERIOR-5.jpg\" alt=\"MUSEUS D\u2019ARREU DEL M\u00d3N - CICLE SUPERIOR (5)\" width=\"960\" height=\"540\" \/>\r\n\t\t\t\t\t\t\t\t\t\t<div class=\"slideshow_description_box slideshow_transparent\">\r\n\t\t\t\t\t\t<div class=\"slideshow_title\">MUSEUS D\u2019ARREU DEL M\u00d3N - CICLE SUPERIOR (5)<\/div>\t\t\t\t\t\t\t\t\t\t\t<\/div>\r\n\t\t\t\t<\/div>\r\n\r\n\t\t\t\t\t\t<div style=\"clear: both;\"><\/div><\/div><div class=\"slideshow_view\">\r\n\t\t\t\t<div class=\"slideshow_slide slideshow_slide_image\">\r\n\t\t\t\t\t\t\t\t\t\t\t<img src=\"https:\/\/agora.xtec.cat\/ceip-taquigraf-garriga\/wp-content\/uploads\/usu853\/2020\/11\/MUSEUS-D\u2019ARREU-DEL-M\u00d3N-CICLE-SUPERIOR-6.jpg\" alt=\"MUSEUS D\u2019ARREU DEL M\u00d3N - CICLE SUPERIOR (6)\" width=\"960\" height=\"540\" \/>\r\n\t\t\t\t\t\t\t\t\t\t<div class=\"slideshow_description_box slideshow_transparent\">\r\n\t\t\t\t\t\t<div class=\"slideshow_title\">MUSEUS D\u2019ARREU DEL M\u00d3N - CICLE SUPERIOR (6)<\/div>\t\t\t\t\t\t\t\t\t\t\t<\/div>\r\n\t\t\t\t<\/div>\r\n\r\n\t\t\t\t\t\t<div style=\"clear: both;\"><\/div><\/div><div class=\"slideshow_view\">\r\n\t\t\t\t<div class=\"slideshow_slide slideshow_slide_image\">\r\n\t\t\t\t\t\t\t\t\t\t\t<img src=\"https:\/\/agora.xtec.cat\/ceip-taquigraf-garriga\/wp-content\/uploads\/usu853\/2020\/11\/MUSEUS-D\u2019ARREU-DEL-M\u00d3N-CICLE-SUPERIOR-7.jpg\" alt=\"MUSEUS D\u2019ARREU DEL M\u00d3N - CICLE SUPERIOR (7)\" width=\"960\" height=\"540\" \/>\r\n\t\t\t\t\t\t\t\t\t\t<div class=\"slideshow_description_box slideshow_transparent\">\r\n\t\t\t\t\t\t<div class=\"slideshow_title\">MUSEUS D\u2019ARREU DEL M\u00d3N - CICLE SUPERIOR (7)<\/div>\t\t\t\t\t\t\t\t\t\t\t<\/div>\r\n\t\t\t\t<\/div>\r\n\r\n\t\t\t\t\t\t<div style=\"clear: both;\"><\/div><\/div>\r\n\t\t<\/div>\r\n\r\n\t\t<div class=\"slideshow_controlPanel slideshow_transparent\" style=\"display: none;\"><ul><li class=\"slideshow_togglePlay\" data-play-text=\"Visualitza\" data-pause-text=\"Pausa\"><\/li><\/ul><\/div>\r\n\r\n\t\t<div class=\"slideshow_button slideshow_previous slideshow_transparent\" role=\"button\" data-previous-text=\"Anterior\" style=\"display: none;\"><\/div>\r\n\t\t<div class=\"slideshow_button slideshow_next slideshow_transparent\" role=\"button\" data-next-text=\"Seg\u00fcent\" style=\"display: none;\"><\/div>\r\n\r\n\t\t<div class=\"slideshow_pagination\" style=\"display: none;\" data-go-to-text=\"V\u00e9s a la diapositiva\"><div class=\"slideshow_pagination_center\"><\/div><\/div>\r\n\r\n\t\t<!-- WordPress Slideshow Version 2.3.1 -->\r\n\r\n\t\t\t<\/div>\r\n\r\n\n<p>&nbsp;<\/p>\n<p>&nbsp;<\/p>\n","protected":false},"excerpt":{"rendered":"<p>Estimats lectors i lectores! Des de Cicle Superior us volem donar la benvinguda al museu MoMa. Aquest curs, el tema de l&#8217;any de l&#8217;escola \u00e9s: VIATGEM A TRAV\u00c9S DEL MUSEUS! A Cicle Superior, ens centrarem en els museus d&#8217;arreu del m\u00f3n, principalment amb el MoMa (Museum of Modern Art) de Nova York (Estats Units). \u00c9s [&hellip;]<\/p>\n","protected":false},"author":1,"featured_media":12736,"comment_status":"open","ping_status":"closed","sticky":false,"template":"","format":"standard","meta":{"_bbp_topic_count":0,"_bbp_reply_count":0,"_bbp_total_topic_count":0,"_bbp_total_reply_count":0,"_bbp_voice_count":0,"_bbp_anonymous_reply_count":0,"_bbp_topic_count_hidden":0,"_bbp_reply_count_hidden":0,"_bbp_forum_subforum_count":0,"site-sidebar-layout":"default","site-content-layout":"","ast-site-content-layout":"","site-content-style":"default","site-sidebar-style":"default","ast-global-header-display":"","ast-banner-title-visibility":"","ast-main-header-display":"","ast-hfb-above-header-display":"","ast-hfb-below-header-display":"","ast-hfb-mobile-header-display":"","site-post-title":"","ast-breadcrumbs-content":"","ast-featured-img":"","footer-sml-layout":"","theme-transparent-header-meta":"","adv-header-id-meta":"","stick-header-meta":"","header-above-stick-meta":"","header-main-stick-meta":"","header-below-stick-meta":"","astra-migrate-meta-layouts":"default","ast-page-background-enabled":"default","ast-page-background-meta":{"desktop":{"background-color":"var(--ast-global-color-4)","background-image":"","background-repeat":"repeat","background-position":"center center","background-size":"auto","background-attachment":"scroll","background-type":"","background-media":"","overlay-type":"","overlay-color":"","overlay-opacity":"","overlay-gradient":""},"tablet":{"background-color":"","background-image":"","background-repeat":"repeat","background-position":"center center","background-size":"auto","background-attachment":"scroll","background-type":"","background-media":"","overlay-type":"","overlay-color":"","overlay-opacity":"","overlay-gradient":""},"mobile":{"background-color":"","background-image":"","background-repeat":"repeat","background-position":"center center","background-size":"auto","background-attachment":"scroll","background-type":"","background-media":"","overlay-type":"","overlay-color":"","overlay-opacity":"","overlay-gradient":""}},"ast-content-background-meta":{"desktop":{"background-color":"var(--ast-global-color-5)","background-image":"","background-repeat":"repeat","background-position":"center center","background-size":"auto","background-attachment":"scroll","background-type":"","background-media":"","overlay-type":"","overlay-color":"","overlay-opacity":"","overlay-gradient":""},"tablet":{"background-color":"var(--ast-global-color-5)","background-image":"","background-repeat":"repeat","background-position":"center center","background-size":"auto","background-attachment":"scroll","background-type":"","background-media":"","overlay-type":"","overlay-color":"","overlay-opacity":"","overlay-gradient":""},"mobile":{"background-color":"var(--ast-global-color-5)","background-image":"","background-repeat":"repeat","background-position":"center center","background-size":"auto","background-attachment":"scroll","background-type":"","background-media":"","overlay-type":"","overlay-color":"","overlay-opacity":"","overlay-gradient":""}},"footnotes":""},"categories":[14,142,1,288,4],"tags":[],"class_list":["post-12733","post","type-post","status-publish","format-standard","has-post-thumbnail","hentry","category-5e","category-6e-primaria","category-general","category-grans","category-portada"],"post_mailing_queue_ids":[],"_links":{"self":[{"href":"https:\/\/agora.xtec.cat\/ceip-taquigraf-garriga\/wp-json\/wp\/v2\/posts\/12733","targetHints":{"allow":["GET"]}}],"collection":[{"href":"https:\/\/agora.xtec.cat\/ceip-taquigraf-garriga\/wp-json\/wp\/v2\/posts"}],"about":[{"href":"https:\/\/agora.xtec.cat\/ceip-taquigraf-garriga\/wp-json\/wp\/v2\/types\/post"}],"author":[{"embeddable":true,"href":"https:\/\/agora.xtec.cat\/ceip-taquigraf-garriga\/wp-json\/wp\/v2\/users\/1"}],"replies":[{"embeddable":true,"href":"https:\/\/agora.xtec.cat\/ceip-taquigraf-garriga\/wp-json\/wp\/v2\/comments?post=12733"}],"version-history":[{"count":3,"href":"https:\/\/agora.xtec.cat\/ceip-taquigraf-garriga\/wp-json\/wp\/v2\/posts\/12733\/revisions"}],"predecessor-version":[{"id":12750,"href":"https:\/\/agora.xtec.cat\/ceip-taquigraf-garriga\/wp-json\/wp\/v2\/posts\/12733\/revisions\/12750"}],"wp:featuredmedia":[{"embeddable":true,"href":"https:\/\/agora.xtec.cat\/ceip-taquigraf-garriga\/wp-json\/wp\/v2\/media\/12736"}],"wp:attachment":[{"href":"https:\/\/agora.xtec.cat\/ceip-taquigraf-garriga\/wp-json\/wp\/v2\/media?parent=12733"}],"wp:term":[{"taxonomy":"category","embeddable":true,"href":"https:\/\/agora.xtec.cat\/ceip-taquigraf-garriga\/wp-json\/wp\/v2\/categories?post=12733"},{"taxonomy":"post_tag","embeddable":true,"href":"https:\/\/agora.xtec.cat\/ceip-taquigraf-garriga\/wp-json\/wp\/v2\/tags?post=12733"}],"curies":[{"name":"wp","href":"https:\/\/api.w.org\/{rel}","templated":true}]}}