{"id":120,"date":"2014-09-19T11:53:39","date_gmt":"2014-09-19T11:53:39","guid":{"rendered":"http:\/\/agora.xtec.cat\/ceip-taquigraf-garriga\/?p=120"},"modified":"2016-09-09T08:15:00","modified_gmt":"2016-09-09T07:15:00","slug":"noticia-6","status":"publish","type":"post","link":"https:\/\/agora.xtec.cat\/ceip-taquigraf-garriga\/general\/noticia-6\/","title":{"rendered":"Inici de curs"},"content":{"rendered":"<p>Benvolgudes fam\u00edlies,<\/p>\n<p>el proper dilluns 12 s\u2019inicia el curs escolar 2016-2017 pels vostres fills i filles. L\u2019horari de classes ser\u00e0 de 9 a 12.30 i de 15 a 16.30 a excepci\u00f3 de l\u2019alumnat de P3 que far\u00e0 l\u2019adaptaci\u00f3 a l\u2019escola.<\/p>\n<p>Recordeu que les fam\u00edlies de P4 i de P5 podreu entrar fins a les aules i les fam\u00edlies de Prim\u00e0ria haureu d\u2019acompanyar els vostres fills i filles fins al pati on es faran files amb el o la tutora assignada.<\/p>\n<p>L\u2019assignaci\u00f3 de mestres tutors i tutores i de la resta de personal de l\u2019escola queda distribu\u00efda de la seg\u00fcent manera:<\/p>\n<p>TUTORS I ESPECIALITATS<\/p>\n<p>EDUCACI\u00d3 INFANTIL<\/p>\n<table>\n<tbody>\n<tr>\n<td width=\"205\">P3<\/td>\n<td width=\"82\">P3 A<\/td>\n<td width=\"333\">S\u00f2nia Mancebo<\/td>\n<\/tr>\n<tr>\n<td rowspan=\"2\" width=\"205\">P4<\/td>\n<td width=\"82\">P4 A<\/td>\n<td width=\"333\">Esther Ruiz<\/td>\n<\/tr>\n<tr>\n<td width=\"82\">P4 B<\/td>\n<td width=\"333\">Sheila Vi\u00f1als<\/td>\n<\/tr>\n<tr>\n<td rowspan=\"2\" width=\"205\">P5<\/td>\n<td width=\"82\">P5 A<\/td>\n<td width=\"333\">Juanan Torres<\/td>\n<\/tr>\n<tr>\n<td width=\"82\">P5 B<\/td>\n<td width=\"333\">Ester Sol\u00e0<\/td>\n<\/tr>\n<tr>\n<td colspan=\"2\" width=\"286\">Refor\u00e7<\/td>\n<td width=\"333\">Montserrat Dom\u00e8nech (Coordinadora EI)<\/td>\n<\/tr>\n<tr>\n<td colspan=\"2\" width=\"286\">Refor\u00e7 EI<\/td>\n<td width=\"333\">Ondina Gonz\u00e0lez<\/td>\n<\/tr>\n<tr>\n<td colspan=\"2\" width=\"286\">TEI<\/td>\n<td width=\"333\">Noem\u00ed Vela<\/td>\n<\/tr>\n<\/tbody>\n<\/table>\n<table>\n<tbody>\n<tr>\n<td colspan=\"3\" width=\"614\">EDUCACI\u00d3 PRIM\u00c0RIA<\/td>\n<\/tr>\n<tr>\n<td rowspan=\"4\" width=\"205\">C.I.<\/td>\n<td width=\"77\">1r A<\/td>\n<td width=\"333\">Vivi D\u00e1vila (Coordinadora CI)<\/td>\n<\/tr>\n<tr>\n<td width=\"77\">1r B<\/td>\n<td width=\"333\">Laia S\u00e0nchez<\/td>\n<\/tr>\n<tr>\n<td width=\"77\">2n A<\/td>\n<td width=\"333\">Meritxell Llorca<\/td>\n<\/tr>\n<tr>\n<td width=\"77\">2n B<\/td>\n<td width=\"333\">Elvira Cort\u00e9s<\/td>\n<\/tr>\n<tr>\n<td rowspan=\"4\" width=\"205\">C.M.<\/td>\n<td width=\"77\">3r A<\/td>\n<td width=\"333\">J\u00falia Gisbert \/ Ainhoa Vigil<\/td>\n<\/tr>\n<tr>\n<td width=\"77\">3r B<\/td>\n<td width=\"333\">Jordina Caravaca (Coordinadora CM)<\/td>\n<\/tr>\n<tr>\n<td width=\"77\">4t A<\/td>\n<td width=\"333\">Lorena Grau<\/td>\n<\/tr>\n<tr>\n<td width=\"77\">4t B<\/td>\n<td width=\"333\">Nat\u00e0lia D\u00edaz<\/td>\n<\/tr>\n<tr>\n<td rowspan=\"5\" width=\"205\">C.S.<\/td>\n<td width=\"77\">5\u00e8 A<\/td>\n<td width=\"333\">Anna C. Mart\u00ednez (Coordinadora CS)<\/td>\n<\/tr>\n<tr>\n<td width=\"77\">5\u00e8 B<\/td>\n<td width=\"333\">Maria Rosa Rivera<\/td>\n<\/tr>\n<tr>\n<td width=\"77\">5\u00e8 C<\/td>\n<td width=\"333\">Oriol Pal\u00e0<\/td>\n<\/tr>\n<tr>\n<td width=\"77\">6\u00e8 A<\/td>\n<td width=\"333\">M\u00aa \u00c0ngels Perpi\u00f1\u00e1<\/td>\n<\/tr>\n<tr>\n<td width=\"77\">6\u00e8 B<\/td>\n<td width=\"333\">I\u00f1aki Andr\u00e9s<\/td>\n<\/tr>\n<\/tbody>\n<\/table>\n<table>\n<tbody>\n<tr>\n<td colspan=\"2\" width=\"614\">MESTRES ESPECIALISTES<\/td>\n<\/tr>\n<tr>\n<td rowspan=\"2\" width=\"206\">EDUCACI\u00d3 ESPECIAL<\/td>\n<td width=\"408\">M\u00aa Eug\u00e8nia Lacayo<\/td>\n<\/tr>\n<tr>\n<td width=\"408\">Cristina Hern\u00e1ndez<\/td>\n<\/tr>\n<tr>\n<td rowspan=\"2\" width=\"206\">EDUCACI\u00d3 F\u00cdSICA<\/td>\n<td width=\"408\">Toni Gonz\u00e1lez<\/td>\n<\/tr>\n<tr>\n<td width=\"408\">C\u00e8lia Pacheco<\/td>\n<\/tr>\n<tr>\n<td width=\"206\">M\u00daSICA<\/td>\n<td width=\"408\">Marta Babot (EI, CI i CS), Lorena Grau (CM)<\/td>\n<\/tr>\n<tr>\n<td rowspan=\"3\" width=\"206\">LLENGUA ANGLESA<\/td>\n<td width=\"408\">Raimon Flos \u00a0(4t, CS)<\/td>\n<\/tr>\n<tr>\n<td width=\"408\">M\u00aa Jos\u00e9 Duarte (EI, CI, 3r)<\/td>\n<\/tr>\n<tr>\n<td width=\"408\">V\u00edctor L\u00f3pez (EI)<\/td>\n<\/tr>\n<tr>\n<td width=\"206\">RELIGI\u00d3<\/td>\n<td width=\"408\">Montserrat Fosalba, Rosana Moscard\u00f3<\/td>\n<\/tr>\n<\/tbody>\n<\/table>\n<table>\n<tbody>\n<tr>\n<td colspan=\"2\" width=\"614\">AULA USEE<\/td>\n<\/tr>\n<tr>\n<td width=\"206\">TUTORA USEE<\/td>\n<td width=\"408\">S\u00f2nia Trilles<\/td>\n<\/tr>\n<tr>\n<td width=\"206\">EDUCADORA USEE<\/td>\n<td width=\"408\">Laura G\u00f3mez<\/td>\n<\/tr>\n<\/tbody>\n<\/table>\n<p><strong><u>Equip directiu:<\/u><\/strong><\/p>\n<ul>\n<li>Director: V\u00edctor L\u00f3pez L\u00f3pez<\/li>\n<li>Cap d\u2019Estudis: Anna Maria Mar\u00edn<\/li>\n<li>Secretari: Toni Gonz\u00e1lez Ruiz<\/li>\n<\/ul>\n<p>Altres professionals que treballen a l\u2019escola<\/p>\n<table>\n<tbody>\n<tr>\n<td width=\"223\">Psicopedagoga<\/td>\n<td width=\"300\">Isabel S\u00e1nchez<\/td>\n<\/tr>\n<tr>\n<td width=\"223\">Administrativa<\/td>\n<td width=\"300\">Bet Casanovas<\/td>\n<\/tr>\n<tr>\n<td width=\"223\">Conserge<\/td>\n<td width=\"300\">Pepi G\u00e0mez<\/td>\n<\/tr>\n<tr>\n<td width=\"223\">Auxiliar EE<\/td>\n<td width=\"300\">Maite Canut<\/td>\n<\/tr>\n<\/tbody>\n<\/table>\n","protected":false},"excerpt":{"rendered":"<p>Benvolgudes fam\u00edlies, el proper dilluns 12 s\u2019inicia el curs escolar 2016-2017 pels vostres fills i filles. L\u2019horari de classes ser\u00e0 de 9 a 12.30 i de 15 a 16.30 a excepci\u00f3 de l\u2019alumnat de P3 que far\u00e0 l\u2019adaptaci\u00f3 a l\u2019escola. Recordeu que les fam\u00edlies de P4 i de P5 podreu entrar fins a les aules [&hellip;]<\/p>\n","protected":false},"author":1,"featured_media":0,"comment_status":"open","ping_status":"open","sticky":false,"template":"","format":"standard","meta":{"_bbp_topic_count":0,"_bbp_reply_count":0,"_bbp_total_topic_count":0,"_bbp_total_reply_count":0,"_bbp_voice_count":0,"_bbp_anonymous_reply_count":0,"_bbp_topic_count_hidden":0,"_bbp_reply_count_hidden":0,"_bbp_forum_subforum_count":0,"site-sidebar-layout":"default","site-content-layout":"","ast-site-content-layout":"","site-content-style":"default","site-sidebar-style":"default","ast-global-header-display":"","ast-banner-title-visibility":"","ast-main-header-display":"","ast-hfb-above-header-display":"","ast-hfb-below-header-display":"","ast-hfb-mobile-header-display":"","site-post-title":"","ast-breadcrumbs-content":"","ast-featured-img":"","footer-sml-layout":"","theme-transparent-header-meta":"","adv-header-id-meta":"","stick-header-meta":"","header-above-stick-meta":"","header-main-stick-meta":"","header-below-stick-meta":"","astra-migrate-meta-layouts":"default","ast-page-background-enabled":"default","ast-page-background-meta":{"desktop":{"background-color":"var(--ast-global-color-4)","background-image":"","background-repeat":"repeat","background-position":"center center","background-size":"auto","background-attachment":"scroll","background-type":"","background-media":"","overlay-type":"","overlay-color":"","overlay-opacity":"","overlay-gradient":""},"tablet":{"background-color":"","background-image":"","background-repeat":"repeat","background-position":"center center","background-size":"auto","background-attachment":"scroll","background-type":"","background-media":"","overlay-type":"","overlay-color":"","overlay-opacity":"","overlay-gradient":""},"mobile":{"background-color":"","background-image":"","background-repeat":"repeat","background-position":"center center","background-size":"auto","background-attachment":"scroll","background-type":"","background-media":"","overlay-type":"","overlay-color":"","overlay-opacity":"","overlay-gradient":""}},"ast-content-background-meta":{"desktop":{"background-color":"var(--ast-global-color-5)","background-image":"","background-repeat":"repeat","background-position":"center center","background-size":"auto","background-attachment":"scroll","background-type":"","background-media":"","overlay-type":"","overlay-color":"","overlay-opacity":"","overlay-gradient":""},"tablet":{"background-color":"var(--ast-global-color-5)","background-image":"","background-repeat":"repeat","background-position":"center center","background-size":"auto","background-attachment":"scroll","background-type":"","background-media":"","overlay-type":"","overlay-color":"","overlay-opacity":"","overlay-gradient":""},"mobile":{"background-color":"var(--ast-global-color-5)","background-image":"","background-repeat":"repeat","background-position":"center center","background-size":"auto","background-attachment":"scroll","background-type":"","background-media":"","overlay-type":"","overlay-color":"","overlay-opacity":"","overlay-gradient":""}},"footnotes":""},"categories":[1,2,4],"tags":[41,44,42,43],"class_list":["post-120","post","type-post","status-publish","format-standard","hentry","category-general","category-petits","category-portada","tag-claustre","tag-infantil","tag-mestres","tag-primaria"],"post_mailing_queue_ids":[],"_links":{"self":[{"href":"https:\/\/agora.xtec.cat\/ceip-taquigraf-garriga\/wp-json\/wp\/v2\/posts\/120","targetHints":{"allow":["GET"]}}],"collection":[{"href":"https:\/\/agora.xtec.cat\/ceip-taquigraf-garriga\/wp-json\/wp\/v2\/posts"}],"about":[{"href":"https:\/\/agora.xtec.cat\/ceip-taquigraf-garriga\/wp-json\/wp\/v2\/types\/post"}],"author":[{"embeddable":true,"href":"https:\/\/agora.xtec.cat\/ceip-taquigraf-garriga\/wp-json\/wp\/v2\/users\/1"}],"replies":[{"embeddable":true,"href":"https:\/\/agora.xtec.cat\/ceip-taquigraf-garriga\/wp-json\/wp\/v2\/comments?post=120"}],"version-history":[{"count":4,"href":"https:\/\/agora.xtec.cat\/ceip-taquigraf-garriga\/wp-json\/wp\/v2\/posts\/120\/revisions"}],"predecessor-version":[{"id":260,"href":"https:\/\/agora.xtec.cat\/ceip-taquigraf-garriga\/wp-json\/wp\/v2\/posts\/120\/revisions\/260"}],"wp:attachment":[{"href":"https:\/\/agora.xtec.cat\/ceip-taquigraf-garriga\/wp-json\/wp\/v2\/media?parent=120"}],"wp:term":[{"taxonomy":"category","embeddable":true,"href":"https:\/\/agora.xtec.cat\/ceip-taquigraf-garriga\/wp-json\/wp\/v2\/categories?post=120"},{"taxonomy":"post_tag","embeddable":true,"href":"https:\/\/agora.xtec.cat\/ceip-taquigraf-garriga\/wp-json\/wp\/v2\/tags?post=120"}],"curies":[{"name":"wp","href":"https:\/\/api.w.org\/{rel}","templated":true}]}}