{"id":11900,"date":"2020-01-23T12:08:00","date_gmt":"2020-01-23T11:08:00","guid":{"rendered":"http:\/\/agora.xtec.cat\/ceip-taquigraf-garriga\/?p=11900"},"modified":"2020-02-11T12:08:56","modified_gmt":"2020-02-11T11:08:56","slug":"temporal-gloria-al-taqui","status":"publish","type":"post","link":"https:\/\/agora.xtec.cat\/ceip-taquigraf-garriga\/general\/temporal-gloria-al-taqui\/","title":{"rendered":"TEMPORAL GL\u00d2RIA AL TAQUI"},"content":{"rendered":"<h2>TENIM DOS ARBRES MENYS AL PATI PER CULPA DEL GL\u00d2RIA<\/h2>\n<h3>El passat 21 de gener es van caure dos arbres de la zona arbrada del pati inferior.<\/h3>\n<p><a href=\"https:\/\/agora.xtec.cat\/ceip-taquigraf-garriga\/wp-content\/uploads\/usu853\/2020\/02\/arbres-temporal.jpeg\"><img loading=\"lazy\" decoding=\"async\" class=\"wp-image-11902 size-medium alignright\" src=\"https:\/\/agora.xtec.cat\/ceip-taquigraf-garriga\/wp-content\/uploads\/usu853\/2020\/02\/arbres-temporal-225x300.jpeg\" alt=\"\" width=\"225\" height=\"300\" srcset=\"https:\/\/agora.xtec.cat\/ceip-taquigraf-garriga\/wp-content\/uploads\/usu853\/2020\/02\/arbres-temporal-225x300.jpeg 225w, https:\/\/agora.xtec.cat\/ceip-taquigraf-garriga\/wp-content\/uploads\/usu853\/2020\/02\/arbres-temporal-768x1024.jpeg 768w, https:\/\/agora.xtec.cat\/ceip-taquigraf-garriga\/wp-content\/uploads\/usu853\/2020\/02\/arbres-temporal.jpeg 1200w\" sizes=\"auto, (max-width: 225px) 100vw, 225px\" \/><\/a><a href=\"https:\/\/agora.xtec.cat\/ceip-taquigraf-garriga\/wp-content\/uploads\/usu853\/2020\/02\/arbres-temporal3.jpeg\"><img loading=\"lazy\" decoding=\"async\" class=\"wp-image-11901 size-medium alignright\" src=\"https:\/\/agora.xtec.cat\/ceip-taquigraf-garriga\/wp-content\/uploads\/usu853\/2020\/02\/arbres-temporal3-225x300.jpeg\" alt=\"\" width=\"225\" height=\"300\" srcset=\"https:\/\/agora.xtec.cat\/ceip-taquigraf-garriga\/wp-content\/uploads\/usu853\/2020\/02\/arbres-temporal3-225x300.jpeg 225w, https:\/\/agora.xtec.cat\/ceip-taquigraf-garriga\/wp-content\/uploads\/usu853\/2020\/02\/arbres-temporal3-768x1024.jpeg 768w, https:\/\/agora.xtec.cat\/ceip-taquigraf-garriga\/wp-content\/uploads\/usu853\/2020\/02\/arbres-temporal3.jpeg 1200w\" sizes=\"auto, (max-width: 225px) 100vw, 225px\" \/><\/a>\u00a0 Aquests dos arbres van caure a causa del fort vent, per\u00f2 cal sumar-hi que durant dies abans va estar plovent sense parar i va provocar que el terra estigu\u00e9s molt moll i que amb un fort cop de vent, les arrels no aguantessin el pes de l\u2019arbre i caigu\u00e9s al terra.<\/p>\n<p>Aquest incident ens ha afectat a tota l\u2019escola, ja que per motius de precauci\u00f3, vam estar gaireb\u00e9 una setmana sense poder sortir al pati.<\/p>\n<p>Un cop va passar el temporal, els treballadors de l\u2019Ajuntament van venir a talar els arbres. Aquests van ser tallats a trossos per tal de poder-se\u2019ls endur i que no pes\u00e9s tant. Els trossos de troncs van ser traslladats en un cami\u00f3 fins a una f\u00e0brica on els van passar per una m\u00e0quina que els feia en trossets molt petits anomenats serradures. Amb aquestes far\u00e0 abonament.<\/p>\n<p>De moment al pati han quedat les arrels dels dos arbres caiguts, ja que pel moment no els han pogut treure, aix\u00ed que un altre dia vindran amb una m\u00e0quina a emportar-se\u2019ls.<\/p>\n<p>Aquesta mala sort ens ha fet perdre dos arbres de 44 anys, segons hem pogut contar les seves anelles.<\/p>\n","protected":false},"excerpt":{"rendered":"<p>TENIM DOS ARBRES MENYS AL PATI PER CULPA DEL GL\u00d2RIA El passat 21 de gener es van caure dos arbres de la zona arbrada del pati inferior. \u00a0 Aquests dos arbres van caure a causa del fort vent, per\u00f2 cal sumar-hi que durant dies abans va estar plovent sense parar i va provocar que el [&hellip;]<\/p>\n","protected":false},"author":1,"featured_media":11903,"comment_status":"open","ping_status":"closed","sticky":false,"template":"","format":"standard","meta":{"_bbp_topic_count":0,"_bbp_reply_count":0,"_bbp_total_topic_count":0,"_bbp_total_reply_count":0,"_bbp_voice_count":0,"_bbp_anonymous_reply_count":0,"_bbp_topic_count_hidden":0,"_bbp_reply_count_hidden":0,"_bbp_forum_subforum_count":0,"site-sidebar-layout":"default","site-content-layout":"","ast-site-content-layout":"","site-content-style":"default","site-sidebar-style":"default","ast-global-header-display":"","ast-banner-title-visibility":"","ast-main-header-display":"","ast-hfb-above-header-display":"","ast-hfb-below-header-display":"","ast-hfb-mobile-header-display":"","site-post-title":"","ast-breadcrumbs-content":"","ast-featured-img":"","footer-sml-layout":"","theme-transparent-header-meta":"","adv-header-id-meta":"","stick-header-meta":"","header-above-stick-meta":"","header-main-stick-meta":"","header-below-stick-meta":"","astra-migrate-meta-layouts":"default","ast-page-background-enabled":"default","ast-page-background-meta":{"desktop":{"background-color":"var(--ast-global-color-4)","background-image":"","background-repeat":"repeat","background-position":"center center","background-size":"auto","background-attachment":"scroll","background-type":"","background-media":"","overlay-type":"","overlay-color":"","overlay-opacity":"","overlay-gradient":""},"tablet":{"background-color":"","background-image":"","background-repeat":"repeat","background-position":"center center","background-size":"auto","background-attachment":"scroll","background-type":"","background-media":"","overlay-type":"","overlay-color":"","overlay-opacity":"","overlay-gradient":""},"mobile":{"background-color":"","background-image":"","background-repeat":"repeat","background-position":"center center","background-size":"auto","background-attachment":"scroll","background-type":"","background-media":"","overlay-type":"","overlay-color":"","overlay-opacity":"","overlay-gradient":""}},"ast-content-background-meta":{"desktop":{"background-color":"var(--ast-global-color-5)","background-image":"","background-repeat":"repeat","background-position":"center center","background-size":"auto","background-attachment":"scroll","background-type":"","background-media":"","overlay-type":"","overlay-color":"","overlay-opacity":"","overlay-gradient":""},"tablet":{"background-color":"var(--ast-global-color-5)","background-image":"","background-repeat":"repeat","background-position":"center center","background-size":"auto","background-attachment":"scroll","background-type":"","background-media":"","overlay-type":"","overlay-color":"","overlay-opacity":"","overlay-gradient":""},"mobile":{"background-color":"var(--ast-global-color-5)","background-image":"","background-repeat":"repeat","background-position":"center center","background-size":"auto","background-attachment":"scroll","background-type":"","background-media":"","overlay-type":"","overlay-color":"","overlay-opacity":"","overlay-gradient":""}},"footnotes":""},"categories":[142,1,2,4],"tags":[117,286,284,285,63,194,283],"class_list":["post-11900","post","type-post","status-publish","format-standard","has-post-thumbnail","hentry","category-6e-primaria","category-general","category-petits","category-portada","tag-6e","tag-arbres","tag-gloria","tag-pati","tag-periodistes","tag-taqui","tag-temporal"],"post_mailing_queue_ids":[],"_links":{"self":[{"href":"https:\/\/agora.xtec.cat\/ceip-taquigraf-garriga\/wp-json\/wp\/v2\/posts\/11900","targetHints":{"allow":["GET"]}}],"collection":[{"href":"https:\/\/agora.xtec.cat\/ceip-taquigraf-garriga\/wp-json\/wp\/v2\/posts"}],"about":[{"href":"https:\/\/agora.xtec.cat\/ceip-taquigraf-garriga\/wp-json\/wp\/v2\/types\/post"}],"author":[{"embeddable":true,"href":"https:\/\/agora.xtec.cat\/ceip-taquigraf-garriga\/wp-json\/wp\/v2\/users\/1"}],"replies":[{"embeddable":true,"href":"https:\/\/agora.xtec.cat\/ceip-taquigraf-garriga\/wp-json\/wp\/v2\/comments?post=11900"}],"version-history":[{"count":2,"href":"https:\/\/agora.xtec.cat\/ceip-taquigraf-garriga\/wp-json\/wp\/v2\/posts\/11900\/revisions"}],"predecessor-version":[{"id":11905,"href":"https:\/\/agora.xtec.cat\/ceip-taquigraf-garriga\/wp-json\/wp\/v2\/posts\/11900\/revisions\/11905"}],"wp:featuredmedia":[{"embeddable":true,"href":"https:\/\/agora.xtec.cat\/ceip-taquigraf-garriga\/wp-json\/wp\/v2\/media\/11903"}],"wp:attachment":[{"href":"https:\/\/agora.xtec.cat\/ceip-taquigraf-garriga\/wp-json\/wp\/v2\/media?parent=11900"}],"wp:term":[{"taxonomy":"category","embeddable":true,"href":"https:\/\/agora.xtec.cat\/ceip-taquigraf-garriga\/wp-json\/wp\/v2\/categories?post=11900"},{"taxonomy":"post_tag","embeddable":true,"href":"https:\/\/agora.xtec.cat\/ceip-taquigraf-garriga\/wp-json\/wp\/v2\/tags?post=11900"}],"curies":[{"name":"wp","href":"https:\/\/api.w.org\/{rel}","templated":true}]}}