{"id":11768,"date":"2019-11-16T14:46:34","date_gmt":"2019-11-16T13:46:34","guid":{"rendered":"http:\/\/agora.xtec.cat\/ceip-taquigraf-garriga\/?p=11768"},"modified":"2019-11-26T14:47:42","modified_gmt":"2019-11-26T13:47:42","slug":"castanyada-inclusiva","status":"publish","type":"post","link":"https:\/\/agora.xtec.cat\/ceip-taquigraf-garriga\/general\/castanyada-inclusiva\/","title":{"rendered":"CASTANYADA INCLUSIVA"},"content":{"rendered":"<h3>El passat 31 d\u2019octubre, amb motiu de l\u2019excursi\u00f3 de la castanyada, els docents de 6\u00e8 van estar contemplant la possibilitat que un alumne de la classe amb dificultats motrius pugues venir a gaudir d\u2019aquesta sortida.<\/h3>\n<p>Aix\u00ed doncs, el Toni i l\u2019Anna, que viuen a Olesa, es van posar en contacte amb l\u2019Ajuntament del municipi per tal de que els deixessin una cadira adaptada per anar d\u2019excursi\u00f3 per la muntanya. L\u2019Ajuntament d\u2019Olesa va cedir la cadira amb les condicions de fer una asseguran\u00e7a per aquesta sortida. Aquesta era l\u2019\u00fanica condici\u00f3 que calia perqu\u00e8 ens la deixessin.<\/p>\n<p>El dia anterior a la sortida el Toni la va recollir i la va dur el dia seg\u00fcent per poder fer el recorregut.<\/p>\n<p>La cadira tenia un disseny for\u00e7a curi\u00f3s: tenia un seient i una sola roda, i tant davant de la cadira com darrera un parell de m\u00e0necs per poder-la arrossegar, aix\u00ed com tamb\u00e9 una petita palanca de fre.<\/p>\n<p><a href=\"https:\/\/agora.xtec.cat\/ceip-taquigraf-garriga\/wp-content\/uploads\/usu853\/2019\/11\/WhatsApp-Image-2019-11-05-at-13.54.42-2.jpeg\"><img loading=\"lazy\" decoding=\"async\" class=\"aligncenter size-large wp-image-11770\" src=\"https:\/\/agora.xtec.cat\/ceip-taquigraf-garriga\/wp-content\/uploads\/usu853\/2019\/11\/WhatsApp-Image-2019-11-05-at-13.54.42-2-1024x768.jpeg\" alt=\"\" width=\"1024\" height=\"768\" srcset=\"https:\/\/agora.xtec.cat\/ceip-taquigraf-garriga\/wp-content\/uploads\/usu853\/2019\/11\/WhatsApp-Image-2019-11-05-at-13.54.42-2-1024x768.jpeg 1024w, https:\/\/agora.xtec.cat\/ceip-taquigraf-garriga\/wp-content\/uploads\/usu853\/2019\/11\/WhatsApp-Image-2019-11-05-at-13.54.42-2-300x225.jpeg 300w, https:\/\/agora.xtec.cat\/ceip-taquigraf-garriga\/wp-content\/uploads\/usu853\/2019\/11\/WhatsApp-Image-2019-11-05-at-13.54.42-2-768x576.jpeg 768w, https:\/\/agora.xtec.cat\/ceip-taquigraf-garriga\/wp-content\/uploads\/usu853\/2019\/11\/WhatsApp-Image-2019-11-05-at-13.54.42-2-200x150.jpeg 200w, https:\/\/agora.xtec.cat\/ceip-taquigraf-garriga\/wp-content\/uploads\/usu853\/2019\/11\/WhatsApp-Image-2019-11-05-at-13.54.42-2.jpeg 2048w\" sizes=\"auto, (max-width: 1024px) 100vw, 1024px\" \/><\/a><\/p>\n<p>Abans de tot van mirar si la cadira era segura per portar al Mohammed i comprovar que no es pogu\u00e9s caure per cap espai. Despr\u00e9s ja ens vam posar en marxa! La cadira sempre anava empentada per dues persones, una al davant que controlava la direcci\u00f3 i una altra al darrera que en controlava la velocitat.<\/p>\n<p>Aquell dia va ser molt especial per a tots, per\u00f2 sobretot per a en Mohammed, ja que estava molt content perqu\u00e8 li feia molta il\u00b7lusi\u00f3 d\u2019anar amb tots els companys de classe i poder gaudir d\u2019una experi\u00e8ncia, que segurament recordar\u00e0 tota la seva vida.<\/p>\n<p>Va ser una sortida que tots recordarem de manera molt especial, i des d\u2019aqu\u00ed tots els alumnes de 6\u00e8 i l\u2019escola Taqu\u00edgraf Garriga volem fer un especial agra\u00efment a l\u2019Ajuntament del poble ve\u00ed per cedir-nos aquesta cadira. Moltes gr\u00e0cies!<\/p>\n","protected":false},"excerpt":{"rendered":"<p>El passat 31 d\u2019octubre, amb motiu de l\u2019excursi\u00f3 de la castanyada, els docents de 6\u00e8 van estar contemplant la possibilitat que un alumne de la classe amb dificultats motrius pugues venir a gaudir d\u2019aquesta sortida. Aix\u00ed doncs, el Toni i l\u2019Anna, que viuen a Olesa, es van posar en contacte amb l\u2019Ajuntament del municipi per [&hellip;]<\/p>\n","protected":false},"author":1,"featured_media":11770,"comment_status":"open","ping_status":"closed","sticky":false,"template":"","format":"standard","meta":{"_bbp_topic_count":0,"_bbp_reply_count":0,"_bbp_total_topic_count":0,"_bbp_total_reply_count":0,"_bbp_voice_count":0,"_bbp_anonymous_reply_count":0,"_bbp_topic_count_hidden":0,"_bbp_reply_count_hidden":0,"_bbp_forum_subforum_count":0,"site-sidebar-layout":"default","site-content-layout":"","ast-site-content-layout":"","site-content-style":"default","site-sidebar-style":"default","ast-global-header-display":"","ast-banner-title-visibility":"","ast-main-header-display":"","ast-hfb-above-header-display":"","ast-hfb-below-header-display":"","ast-hfb-mobile-header-display":"","site-post-title":"","ast-breadcrumbs-content":"","ast-featured-img":"","footer-sml-layout":"","theme-transparent-header-meta":"","adv-header-id-meta":"","stick-header-meta":"","header-above-stick-meta":"","header-main-stick-meta":"","header-below-stick-meta":"","astra-migrate-meta-layouts":"default","ast-page-background-enabled":"default","ast-page-background-meta":{"desktop":{"background-color":"var(--ast-global-color-4)","background-image":"","background-repeat":"repeat","background-position":"center center","background-size":"auto","background-attachment":"scroll","background-type":"","background-media":"","overlay-type":"","overlay-color":"","overlay-opacity":"","overlay-gradient":""},"tablet":{"background-color":"","background-image":"","background-repeat":"repeat","background-position":"center center","background-size":"auto","background-attachment":"scroll","background-type":"","background-media":"","overlay-type":"","overlay-color":"","overlay-opacity":"","overlay-gradient":""},"mobile":{"background-color":"","background-image":"","background-repeat":"repeat","background-position":"center center","background-size":"auto","background-attachment":"scroll","background-type":"","background-media":"","overlay-type":"","overlay-color":"","overlay-opacity":"","overlay-gradient":""}},"ast-content-background-meta":{"desktop":{"background-color":"var(--ast-global-color-5)","background-image":"","background-repeat":"repeat","background-position":"center center","background-size":"auto","background-attachment":"scroll","background-type":"","background-media":"","overlay-type":"","overlay-color":"","overlay-opacity":"","overlay-gradient":""},"tablet":{"background-color":"var(--ast-global-color-5)","background-image":"","background-repeat":"repeat","background-position":"center center","background-size":"auto","background-attachment":"scroll","background-type":"","background-media":"","overlay-type":"","overlay-color":"","overlay-opacity":"","overlay-gradient":""},"mobile":{"background-color":"var(--ast-global-color-5)","background-image":"","background-repeat":"repeat","background-position":"center center","background-size":"auto","background-attachment":"scroll","background-type":"","background-media":"","overlay-type":"","overlay-color":"","overlay-opacity":"","overlay-gradient":""}},"footnotes":""},"categories":[14,142,190,1,4],"tags":[203,113,216,278,63,64],"class_list":["post-11768","post","type-post","status-publish","format-standard","has-post-thumbnail","hentry","category-5e","category-6e-primaria","category-families","category-general","category-portada","tag-castanyada","tag-cicle-superior","tag-excursio","tag-inclusio","tag-periodistes","tag-sortida"],"post_mailing_queue_ids":[],"_links":{"self":[{"href":"https:\/\/agora.xtec.cat\/ceip-taquigraf-garriga\/wp-json\/wp\/v2\/posts\/11768","targetHints":{"allow":["GET"]}}],"collection":[{"href":"https:\/\/agora.xtec.cat\/ceip-taquigraf-garriga\/wp-json\/wp\/v2\/posts"}],"about":[{"href":"https:\/\/agora.xtec.cat\/ceip-taquigraf-garriga\/wp-json\/wp\/v2\/types\/post"}],"author":[{"embeddable":true,"href":"https:\/\/agora.xtec.cat\/ceip-taquigraf-garriga\/wp-json\/wp\/v2\/users\/1"}],"replies":[{"embeddable":true,"href":"https:\/\/agora.xtec.cat\/ceip-taquigraf-garriga\/wp-json\/wp\/v2\/comments?post=11768"}],"version-history":[{"count":4,"href":"https:\/\/agora.xtec.cat\/ceip-taquigraf-garriga\/wp-json\/wp\/v2\/posts\/11768\/revisions"}],"predecessor-version":[{"id":11775,"href":"https:\/\/agora.xtec.cat\/ceip-taquigraf-garriga\/wp-json\/wp\/v2\/posts\/11768\/revisions\/11775"}],"wp:featuredmedia":[{"embeddable":true,"href":"https:\/\/agora.xtec.cat\/ceip-taquigraf-garriga\/wp-json\/wp\/v2\/media\/11770"}],"wp:attachment":[{"href":"https:\/\/agora.xtec.cat\/ceip-taquigraf-garriga\/wp-json\/wp\/v2\/media?parent=11768"}],"wp:term":[{"taxonomy":"category","embeddable":true,"href":"https:\/\/agora.xtec.cat\/ceip-taquigraf-garriga\/wp-json\/wp\/v2\/categories?post=11768"},{"taxonomy":"post_tag","embeddable":true,"href":"https:\/\/agora.xtec.cat\/ceip-taquigraf-garriga\/wp-json\/wp\/v2\/tags?post=11768"}],"curies":[{"name":"wp","href":"https:\/\/api.w.org\/{rel}","templated":true}]}}