{"id":1144,"date":"2017-05-30T13:21:22","date_gmt":"2017-05-30T11:21:22","guid":{"rendered":"http:\/\/agora.xtec.cat\/ceip-taquigraf-garriga\/?p=1144"},"modified":"2017-05-30T13:21:22","modified_gmt":"2017-05-30T11:21:22","slug":"la-setmana-cultural-entra-i-surt-del-taqui","status":"publish","type":"post","link":"https:\/\/agora.xtec.cat\/ceip-taquigraf-garriga\/grans\/5e\/la-setmana-cultural-entra-i-surt-del-taqui\/","title":{"rendered":"La setmana cultural entra i surt del Taqui"},"content":{"rendered":"<h3>FA UN MES, EL TAQUI, VA TORNAR DE VACANCES I VA DESCONECTAR AMB UNA SETMANA UNA MICA EXTRANYA\u2026<\/h3>\n<p>Fa unes quantes setmanes, tots els alumnes del taqui, van arribar de les vacances. Quan van arribar, la primera setmana, va comen\u00e7ar la setmana cultural.<\/p>\n<p>Tots els cursos s\u2019ho han passat molt b\u00e9:<\/p>\n<p>P3: Va anar al pati que hi ha avall ha fer algunes\u00a0 activitats de circ amb una noia i un noi d\u2019un circ, van veure un espectacle impressionant de m\u00e0gia, tamb\u00e9 va haver un dia que van anar a fer una rosa amb els padrins de 5\u00e8C, van fer una obra de teatre molt xula i tamb\u00e9 van fer endevinalles a la revista.<\/p>\n<p>Aquella setmana s\u2019ho van passar super b\u00e9 fent activitats!<\/p>\n<p>P4: Van baixar al pati a fer activitats de circ amb un noi i una noia, van veure un espectacle de circ impressionant , van fer un conte de Sant Jordi, van berenar al pati petit, van dibuixar i escriure un conte a la revista.<\/p>\n<p>Els hi va quedar impressionant!<\/p>\n<p>P5: Van baixar al pati a fer activitats de circ amb un noi i una noia, van veure un espectacle de circ impressionant, van fer rodolins amb el nom\u00a0 de la seva classe i van fer pallassos a la revista.<\/p>\n<p>Els hi va agradar molt!<\/p>\n<p>1R: Van fer un taller de globoflexia, van assistir a l\u2019espectacle de m\u00e0gia, van construir una mascara de drac, van participar a fer una rosa, van fer una endevinalla a la revista, van crear una representaci\u00f3 de Sant Jordi i van assistir a l\u2019espectacle de circ.<\/p>\n<p>Que b\u00e9 s\u2019ho van passar aquella setmana!<\/p>\n<p>2N: Van baixar al pati a veure un espectacle de circ, van veure un espectacle de m\u00e0gia, van realitzar un cal\u00b7ligrama,\u00a0 van fer un imant de forma de rosa, van realitzar un taller de globoflexia, van intercanviar els llibres i van crear un punt de llibre.<\/p>\n<p>Que guai va ser aquella setmana a 2N!<\/p>\n<p>3R: Van fer punts\u00a0 de llibre, van fer dos contes a la revista : Un es diu EL SECRET M\u00c0GIC i l\u2019altre es diu\u00a0 LA ROSA PODEROSA ,\u00a0 van crear una rosa, s\u2019ho van passar molt b\u00e9 fent un taller de globoflexia i van fer tallers d\u2019Inter cicle. Aquets son els tallers que van fer entre 3R i 4T: El primer taller va ser\u00a0 que tenien que fer imants, el segon, va ser un taller de cuina, el tercer va ser un tres en ratlla de Harry Potter i l\u2019\u00faltim va ser\u00a0 unes pilotes de malabars .<\/p>\n<p>Aquella setmana s\u2019ho van passar m\u00e9s b\u00e9&#8230;<\/p>\n<p>4T: Van crear una rosa amb puntillisme de plastilina, van fer coses a la revista, van veure un taller de m\u00e0gia i van fer un taller de circ.<\/p>\n<p>Que b\u00e9 s\u2019ho van passar aquella setmana fent tallers!<\/p>\n<p>5\u00c8: Van fer m\u00e0scares de guix, un truc de m\u00e0gia amb caixes de llumins i un grapat de llumins, un clauer de rosa o de drac, van assistir a un taller de circ, van fer una hist\u00f2ria de Sant Jordi a la revista i van pintar la carpa de la portada de la revista.<\/p>\n<p>Els nens i nenes de 5\u00c8 s\u2019ho van passar molt b\u00e9!<\/p>\n<p>6\u00c8: Els alumnes de 6\u00c8 van fer una maqueta de circ amb un circuit de llum, van fer unes pilotes d\u2019arr\u00f2s i despr\u00e8s les van fer servir fent malabars, van fer el taller de circ i van escriure un poema. Els guanyadors van ser: 6\u00e8 A- Laura Serrate i de 6\u00e8 B- Berta Ba\u00f1uls Nebot.<\/p>\n<p>Els alumnes de 6\u00c8 segurament s\u2019ho van passar molt b\u00e9!<\/p>\n","protected":false},"excerpt":{"rendered":"<p>FA UN MES, EL TAQUI, VA TORNAR DE VACANCES I VA DESCONECTAR AMB UNA SETMANA UNA MICA EXTRANYA\u2026 Fa unes quantes setmanes, tots els alumnes del taqui, van arribar de les vacances. Quan van arribar, la primera setmana, va comen\u00e7ar la setmana cultural. Tots els cursos s\u2019ho han passat molt b\u00e9: P3: Va anar al [&hellip;]<\/p>\n","protected":false},"author":1,"featured_media":0,"comment_status":"open","ping_status":"closed","sticky":false,"template":"","format":"standard","meta":{"_bbp_topic_count":0,"_bbp_reply_count":0,"_bbp_total_topic_count":0,"_bbp_total_reply_count":0,"_bbp_voice_count":0,"_bbp_anonymous_reply_count":0,"_bbp_topic_count_hidden":0,"_bbp_reply_count_hidden":0,"_bbp_forum_subforum_count":0,"site-sidebar-layout":"default","site-content-layout":"","ast-site-content-layout":"","site-content-style":"default","site-sidebar-style":"default","ast-global-header-display":"","ast-banner-title-visibility":"","ast-main-header-display":"","ast-hfb-above-header-display":"","ast-hfb-below-header-display":"","ast-hfb-mobile-header-display":"","site-post-title":"","ast-breadcrumbs-content":"","ast-featured-img":"","footer-sml-layout":"","theme-transparent-header-meta":"","adv-header-id-meta":"","stick-header-meta":"","header-above-stick-meta":"","header-main-stick-meta":"","header-below-stick-meta":"","astra-migrate-meta-layouts":"default","ast-page-background-enabled":"default","ast-page-background-meta":{"desktop":{"background-color":"var(--ast-global-color-4)","background-image":"","background-repeat":"repeat","background-position":"center center","background-size":"auto","background-attachment":"scroll","background-type":"","background-media":"","overlay-type":"","overlay-color":"","overlay-opacity":"","overlay-gradient":""},"tablet":{"background-color":"","background-image":"","background-repeat":"repeat","background-position":"center center","background-size":"auto","background-attachment":"scroll","background-type":"","background-media":"","overlay-type":"","overlay-color":"","overlay-opacity":"","overlay-gradient":""},"mobile":{"background-color":"","background-image":"","background-repeat":"repeat","background-position":"center center","background-size":"auto","background-attachment":"scroll","background-type":"","background-media":"","overlay-type":"","overlay-color":"","overlay-opacity":"","overlay-gradient":""}},"ast-content-background-meta":{"desktop":{"background-color":"var(--ast-global-color-5)","background-image":"","background-repeat":"repeat","background-position":"center center","background-size":"auto","background-attachment":"scroll","background-type":"","background-media":"","overlay-type":"","overlay-color":"","overlay-opacity":"","overlay-gradient":""},"tablet":{"background-color":"var(--ast-global-color-5)","background-image":"","background-repeat":"repeat","background-position":"center center","background-size":"auto","background-attachment":"scroll","background-type":"","background-media":"","overlay-type":"","overlay-color":"","overlay-opacity":"","overlay-gradient":""},"mobile":{"background-color":"var(--ast-global-color-5)","background-image":"","background-repeat":"repeat","background-position":"center center","background-size":"auto","background-attachment":"scroll","background-type":"","background-media":"","overlay-type":"","overlay-color":"","overlay-opacity":"","overlay-gradient":""}},"footnotes":""},"categories":[14],"tags":[],"class_list":["post-1144","post","type-post","status-publish","format-standard","hentry","category-5e"],"post_mailing_queue_ids":[],"_links":{"self":[{"href":"https:\/\/agora.xtec.cat\/ceip-taquigraf-garriga\/wp-json\/wp\/v2\/posts\/1144","targetHints":{"allow":["GET"]}}],"collection":[{"href":"https:\/\/agora.xtec.cat\/ceip-taquigraf-garriga\/wp-json\/wp\/v2\/posts"}],"about":[{"href":"https:\/\/agora.xtec.cat\/ceip-taquigraf-garriga\/wp-json\/wp\/v2\/types\/post"}],"author":[{"embeddable":true,"href":"https:\/\/agora.xtec.cat\/ceip-taquigraf-garriga\/wp-json\/wp\/v2\/users\/1"}],"replies":[{"embeddable":true,"href":"https:\/\/agora.xtec.cat\/ceip-taquigraf-garriga\/wp-json\/wp\/v2\/comments?post=1144"}],"version-history":[{"count":2,"href":"https:\/\/agora.xtec.cat\/ceip-taquigraf-garriga\/wp-json\/wp\/v2\/posts\/1144\/revisions"}],"predecessor-version":[{"id":1146,"href":"https:\/\/agora.xtec.cat\/ceip-taquigraf-garriga\/wp-json\/wp\/v2\/posts\/1144\/revisions\/1146"}],"wp:attachment":[{"href":"https:\/\/agora.xtec.cat\/ceip-taquigraf-garriga\/wp-json\/wp\/v2\/media?parent=1144"}],"wp:term":[{"taxonomy":"category","embeddable":true,"href":"https:\/\/agora.xtec.cat\/ceip-taquigraf-garriga\/wp-json\/wp\/v2\/categories?post=1144"},{"taxonomy":"post_tag","embeddable":true,"href":"https:\/\/agora.xtec.cat\/ceip-taquigraf-garriga\/wp-json\/wp\/v2\/tags?post=1144"}],"curies":[{"name":"wp","href":"https:\/\/api.w.org\/{rel}","templated":true}]}}