{"id":1136,"date":"2017-05-23T13:26:03","date_gmt":"2017-05-23T11:26:03","guid":{"rendered":"http:\/\/agora.xtec.cat\/ceip-taquigraf-garriga\/?p=1136"},"modified":"2017-05-23T13:27:57","modified_gmt":"2017-05-23T11:27:57","slug":"la-festa-te-servei-de-bar","status":"publish","type":"post","link":"https:\/\/agora.xtec.cat\/ceip-taquigraf-garriga\/general\/la-festa-te-servei-de-bar\/","title":{"rendered":"La festa t\u00e9 servei de bar!"},"content":{"rendered":"<h5>El bar de cinqu\u00e8 obre les portes per la festa de fi de curs.<\/h5>\n<p>La festa de fi de curs est\u00e0 pr\u00f2xima, i a cinqu\u00e8 portarem el bar com cada any gr\u00e0cies a la col\u00b7laboraci\u00f3 de l&#8217;AMPA. Els diners que es guanyin venent productes, aniran destinats a subvencionar part de les col\u00f2nies de l\u2019any que ve. Com cada any s\u2019han engegat alguns projectes per recaptar diners, ja que hi ha fam\u00edlies que potser els hi costar\u00e0 pagar-ho. I uns d\u2019aquests projectes \u00e9s el servei de bar.<\/p>\n<p>Els nens de cinqu\u00e8 s\u2019aniran tornant per posar-se al servei de bar i vendre els productes. Amb aquests diners els repartirem entre els nens que han participat i com ja heu vist, els diners seran per les col\u00f2nies.<\/p>\n<p>Al servei bar es tornar\u00e0 per mitja hora, i cada mitja hora hi haur\u00e0 aproximadament tres nens i dos adults. Hi hauran begudes i snack\u2019s: llaminadures, bosses de patates, coca cola, aigua, etc. Les begudes i els snacks tindran preus econ\u00f2mics i populars. Aproximadament a partir d\u2019un euro.<\/p>\n<p><strong>Us hi esperem a tots i que consumiu del bar del taqui, aix\u00ed l\u2019any vinent podrem gaudir d\u2019un descompte en el preu final de les conviv\u00e8ncies del curs vinent! Us hi esperem!<a href=\"http:\/\/agora.xtec.cat\/ceip-taquigraf-garriga\/wp-content\/uploads\/usu853\/2017\/05\/cartell-Festa.jpg\"><img loading=\"lazy\" decoding=\"async\" class=\"aligncenter size-medium wp-image-1123\" src=\"http:\/\/agora.xtec.cat\/ceip-taquigraf-garriga\/wp-content\/uploads\/usu853\/2017\/05\/cartell-Festa-200x300.jpg\" alt=\"cartell Festa\" width=\"200\" height=\"300\" srcset=\"https:\/\/agora.xtec.cat\/ceip-taquigraf-garriga\/wp-content\/uploads\/usu853\/2017\/05\/cartell-Festa-200x300.jpg 200w, https:\/\/agora.xtec.cat\/ceip-taquigraf-garriga\/wp-content\/uploads\/usu853\/2017\/05\/cartell-Festa.jpg 600w\" sizes=\"auto, (max-width: 200px) 100vw, 200px\" \/><\/a><\/strong><\/p>\n","protected":false},"excerpt":{"rendered":"<p>El bar de cinqu\u00e8 obre les portes per la festa de fi de curs. La festa de fi de curs est\u00e0 pr\u00f2xima, i a cinqu\u00e8 portarem el bar com cada any gr\u00e0cies a la col\u00b7laboraci\u00f3 de l&#8217;AMPA. Els diners que es guanyin venent productes, aniran destinats a subvencionar part de les col\u00f2nies de l\u2019any que [&hellip;]<\/p>\n","protected":false},"author":1,"featured_media":0,"comment_status":"open","ping_status":"open","sticky":false,"template":"","format":"standard","meta":{"_bbp_topic_count":0,"_bbp_reply_count":0,"_bbp_total_topic_count":0,"_bbp_total_reply_count":0,"_bbp_voice_count":0,"_bbp_anonymous_reply_count":0,"_bbp_topic_count_hidden":0,"_bbp_reply_count_hidden":0,"_bbp_forum_subforum_count":0,"site-sidebar-layout":"default","site-content-layout":"","ast-site-content-layout":"","site-content-style":"default","site-sidebar-style":"default","ast-global-header-display":"","ast-banner-title-visibility":"","ast-main-header-display":"","ast-hfb-above-header-display":"","ast-hfb-below-header-display":"","ast-hfb-mobile-header-display":"","site-post-title":"","ast-breadcrumbs-content":"","ast-featured-img":"","footer-sml-layout":"","theme-transparent-header-meta":"","adv-header-id-meta":"","stick-header-meta":"","header-above-stick-meta":"","header-main-stick-meta":"","header-below-stick-meta":"","astra-migrate-meta-layouts":"default","ast-page-background-enabled":"default","ast-page-background-meta":{"desktop":{"background-color":"var(--ast-global-color-4)","background-image":"","background-repeat":"repeat","background-position":"center center","background-size":"auto","background-attachment":"scroll","background-type":"","background-media":"","overlay-type":"","overlay-color":"","overlay-opacity":"","overlay-gradient":""},"tablet":{"background-color":"","background-image":"","background-repeat":"repeat","background-position":"center center","background-size":"auto","background-attachment":"scroll","background-type":"","background-media":"","overlay-type":"","overlay-color":"","overlay-opacity":"","overlay-gradient":""},"mobile":{"background-color":"","background-image":"","background-repeat":"repeat","background-position":"center center","background-size":"auto","background-attachment":"scroll","background-type":"","background-media":"","overlay-type":"","overlay-color":"","overlay-opacity":"","overlay-gradient":""}},"ast-content-background-meta":{"desktop":{"background-color":"var(--ast-global-color-5)","background-image":"","background-repeat":"repeat","background-position":"center center","background-size":"auto","background-attachment":"scroll","background-type":"","background-media":"","overlay-type":"","overlay-color":"","overlay-opacity":"","overlay-gradient":""},"tablet":{"background-color":"var(--ast-global-color-5)","background-image":"","background-repeat":"repeat","background-position":"center center","background-size":"auto","background-attachment":"scroll","background-type":"","background-media":"","overlay-type":"","overlay-color":"","overlay-opacity":"","overlay-gradient":""},"mobile":{"background-color":"var(--ast-global-color-5)","background-image":"","background-repeat":"repeat","background-position":"center center","background-size":"auto","background-attachment":"scroll","background-type":"","background-media":"","overlay-type":"","overlay-color":"","overlay-opacity":"","overlay-gradient":""}},"footnotes":""},"categories":[14,7,1,2,4],"tags":[65,130,131,63],"class_list":["post-1136","post","type-post","status-publish","format-standard","hentry","category-5e","category-afa","category-general","category-petits","category-portada","tag-5e","tag-bar","tag-colonies","tag-periodistes"],"post_mailing_queue_ids":[],"_links":{"self":[{"href":"https:\/\/agora.xtec.cat\/ceip-taquigraf-garriga\/wp-json\/wp\/v2\/posts\/1136","targetHints":{"allow":["GET"]}}],"collection":[{"href":"https:\/\/agora.xtec.cat\/ceip-taquigraf-garriga\/wp-json\/wp\/v2\/posts"}],"about":[{"href":"https:\/\/agora.xtec.cat\/ceip-taquigraf-garriga\/wp-json\/wp\/v2\/types\/post"}],"author":[{"embeddable":true,"href":"https:\/\/agora.xtec.cat\/ceip-taquigraf-garriga\/wp-json\/wp\/v2\/users\/1"}],"replies":[{"embeddable":true,"href":"https:\/\/agora.xtec.cat\/ceip-taquigraf-garriga\/wp-json\/wp\/v2\/comments?post=1136"}],"version-history":[{"count":2,"href":"https:\/\/agora.xtec.cat\/ceip-taquigraf-garriga\/wp-json\/wp\/v2\/posts\/1136\/revisions"}],"predecessor-version":[{"id":1138,"href":"https:\/\/agora.xtec.cat\/ceip-taquigraf-garriga\/wp-json\/wp\/v2\/posts\/1136\/revisions\/1138"}],"wp:attachment":[{"href":"https:\/\/agora.xtec.cat\/ceip-taquigraf-garriga\/wp-json\/wp\/v2\/media?parent=1136"}],"wp:term":[{"taxonomy":"category","embeddable":true,"href":"https:\/\/agora.xtec.cat\/ceip-taquigraf-garriga\/wp-json\/wp\/v2\/categories?post=1136"},{"taxonomy":"post_tag","embeddable":true,"href":"https:\/\/agora.xtec.cat\/ceip-taquigraf-garriga\/wp-json\/wp\/v2\/tags?post=1136"}],"curies":[{"name":"wp","href":"https:\/\/api.w.org\/{rel}","templated":true}]}}