{"id":11328,"date":"2019-05-28T15:40:53","date_gmt":"2019-05-28T13:40:53","guid":{"rendered":"http:\/\/agora.xtec.cat\/ceip-taquigraf-garriga\/?p=11328"},"modified":"2019-05-28T15:40:53","modified_gmt":"2019-05-28T13:40:53","slug":"esportistes-semiprofessionals-al-taqui","status":"publish","type":"post","link":"https:\/\/agora.xtec.cat\/ceip-taquigraf-garriga\/general\/esportistes-semiprofessionals-al-taqui\/","title":{"rendered":"ESPORTISTES SEMIPROFESSIONALS AL TAQUI!"},"content":{"rendered":"<h3><strong>L\u2019Edu, tutor de 3r, \u00e9s jugador de b\u00e0squet del MonBus Igualada on acaben de firmar la seva millor temporada de la hist\u00f2ria.<\/strong><\/h3>\n<p>Per l\u2019Edu ha estat una temporada molt vibrant i emocionant, amb el naixement del seu primer fill a principis de la lliga i acabant amb la participaci\u00f3 hist\u00f2rica a les fases per pujar a la categoria de LEB Plata. Pels que no us imagineu el que \u00e9s, farem un s\u00edmil amb el futbol, van estar intentant pujar a 2a divisi\u00f3!<\/p>\n<p>Davant d\u2019aquesta fita impressionant no podr\u00edem deixar aquesta not\u00edcia sense repercussi\u00f3, aix\u00ed que els periodistes de 5\u00e8 hem decidit fer-li una petita entrevista per con\u00e8ixer-lo una mica m\u00e9s en profunditat.<\/p>\n<p><a href=\"https:\/\/agora.xtec.cat\/ceip-taquigraf-garriga\/wp-content\/uploads\/usu853\/2019\/05\/equip-edu.jpg\"><img loading=\"lazy\" decoding=\"async\" class=\"aligncenter size-large wp-image-11324\" src=\"https:\/\/agora.xtec.cat\/ceip-taquigraf-garriga\/wp-content\/uploads\/usu853\/2019\/05\/equip-edu-1024x680.jpg\" alt=\"\" width=\"1024\" height=\"680\" srcset=\"https:\/\/agora.xtec.cat\/ceip-taquigraf-garriga\/wp-content\/uploads\/usu853\/2019\/05\/equip-edu-1024x680.jpg 1024w, https:\/\/agora.xtec.cat\/ceip-taquigraf-garriga\/wp-content\/uploads\/usu853\/2019\/05\/equip-edu-300x199.jpg 300w, https:\/\/agora.xtec.cat\/ceip-taquigraf-garriga\/wp-content\/uploads\/usu853\/2019\/05\/equip-edu-768x510.jpg 768w, https:\/\/agora.xtec.cat\/ceip-taquigraf-garriga\/wp-content\/uploads\/usu853\/2019\/05\/equip-edu.jpg 1200w\" sizes=\"auto, (max-width: 1024px) 100vw, 1024px\" \/><\/a><em>Hola Edu, primer de tot moltes felicitats!<\/em><\/p>\n<ul>\n<li>Gr\u00e0cies!<\/li>\n<\/ul>\n<p><em>Quina temporada tant intensa oi?<\/em><\/p>\n<ul>\n<li>Si, ha estat un any molt important per a mi!<\/li>\n<\/ul>\n<p><em>Quina edat tens?<\/em><\/p>\n<ul>\n<li>28 anys!<\/li>\n<\/ul>\n<p><em>Quan vas saber que et volies dedicar al b\u00e0squet?<\/em><\/p>\n<ul>\n<li>Doncs em va arribar bastant m\u00e9s grandet, quan era petit venia del futbol i no va ser fins als 17 anys que vaig comen\u00e7ar a jugar a b\u00e0squet al meu poble.<\/li>\n<\/ul>\n<p><em>I vas decidir estudiar per ser mestre, qu\u00e8 et va fer decidir?<\/em><\/p>\n<ul>\n<li>Sempre m\u2019ha agradat ajudar, i ser mestre implicar ensenyar als infants, ajudar-los i veure com milloren dia rere dia.<\/li>\n<\/ul>\n<p><em>Has patit alguna lesi\u00f3 greu?<\/em><\/p>\n<ul>\n<li>La veritat que he tingut \u00e8poques complicades, he patit diversos esquin\u00e7os de turmell i dos operacions de genoll.<\/li>\n<\/ul>\n<p><em>Com vas viure els \u00faltims partits de lliga per poder arribar a les fases?<\/em><\/p>\n<ul>\n<li>Estava molt nervi\u00f3s, tenia moltes ganes de jugar i ajudar a l\u2019equip.<\/li>\n<\/ul>\n<p><em>I com et vas sentir quan vau aconseguir-ho?<\/em><\/p>\n<ul>\n<li>Doncs va ser una barreja de sentiments, per\u00f2 sobretot euf\u00f2ria i alegria.<\/li>\n<\/ul>\n<p><a href=\"https:\/\/agora.xtec.cat\/ceip-taquigraf-garriga\/wp-content\/uploads\/usu853\/2019\/05\/edu.png\"><img loading=\"lazy\" decoding=\"async\" class=\"aligncenter size-full wp-image-11323\" src=\"https:\/\/agora.xtec.cat\/ceip-taquigraf-garriga\/wp-content\/uploads\/usu853\/2019\/05\/edu.png\" alt=\"\" width=\"475\" height=\"503\" srcset=\"https:\/\/agora.xtec.cat\/ceip-taquigraf-garriga\/wp-content\/uploads\/usu853\/2019\/05\/edu.png 475w, https:\/\/agora.xtec.cat\/ceip-taquigraf-garriga\/wp-content\/uploads\/usu853\/2019\/05\/edu-283x300.png 283w\" sizes=\"auto, (max-width: 475px) 100vw, 475px\" \/><\/a><em>Qu\u00e8 vas pensar en aquest moment?<\/em><\/p>\n<ul>\n<li>En la dificultat que hav\u00edem tingut per arribar fins aqu\u00ed i amb totes les persones que m\u2019havien ajudat. La veritat que hi ha hagut molt d\u2019esfor\u00e7 darrera.<\/li>\n<\/ul>\n<p><em>I l\u2019entrenador, com ha estat amb l\u2019equip?<\/em><\/p>\n<ul>\n<li>Segurament si ell no hagu\u00e9s estat exigent i ambici\u00f3s potser no hagu\u00e9ssim arribat tant lluny, aix\u00ed que el paper que ha desenvolupat ha estat for\u00e7a important.<\/li>\n<\/ul>\n<p><em>Moltes gr\u00e0cies per la teva atenci\u00f3 Edu<\/em>.<\/p>\n<ul>\n<li>Moltes gr\u00e0cies a vosaltres!<\/li>\n<\/ul>\n<p><a href=\"https:\/\/agora.xtec.cat\/ceip-taquigraf-garriga\/wp-content\/uploads\/usu853\/2019\/05\/IMG_0676.jpg\"><img loading=\"lazy\" decoding=\"async\" class=\"aligncenter size-full wp-image-11325\" src=\"https:\/\/agora.xtec.cat\/ceip-taquigraf-garriga\/wp-content\/uploads\/usu853\/2019\/05\/IMG_0676.jpg\" alt=\"\" width=\"480\" height=\"640\" srcset=\"https:\/\/agora.xtec.cat\/ceip-taquigraf-garriga\/wp-content\/uploads\/usu853\/2019\/05\/IMG_0676.jpg 480w, https:\/\/agora.xtec.cat\/ceip-taquigraf-garriga\/wp-content\/uploads\/usu853\/2019\/05\/IMG_0676-225x300.jpg 225w\" sizes=\"auto, (max-width: 480px) 100vw, 480px\" \/><\/a><\/p>\n<p>Acabem l\u2019entrevista amb la not\u00edcia de la seva renovaci\u00f3 pel club per la pr\u00f2xima temporada, aix\u00ed que moltes felicitats Edu!<\/p>\n","protected":false},"excerpt":{"rendered":"<p>L\u2019Edu, tutor de 3r, \u00e9s jugador de b\u00e0squet del MonBus Igualada on acaben de firmar la seva millor temporada de la hist\u00f2ria. Per l\u2019Edu ha estat una temporada molt vibrant i emocionant, amb el naixement del seu primer fill a principis de la lliga i acabant amb la participaci\u00f3 hist\u00f2rica a les fases per pujar [&hellip;]<\/p>\n","protected":false},"author":1,"featured_media":11323,"comment_status":"open","ping_status":"closed","sticky":false,"template":"","format":"standard","meta":{"_bbp_topic_count":0,"_bbp_reply_count":0,"_bbp_total_topic_count":0,"_bbp_total_reply_count":0,"_bbp_voice_count":0,"_bbp_anonymous_reply_count":0,"_bbp_topic_count_hidden":0,"_bbp_reply_count_hidden":0,"_bbp_forum_subforum_count":0,"site-sidebar-layout":"default","site-content-layout":"","ast-site-content-layout":"","site-content-style":"default","site-sidebar-style":"default","ast-global-header-display":"","ast-banner-title-visibility":"","ast-main-header-display":"","ast-hfb-above-header-display":"","ast-hfb-below-header-display":"","ast-hfb-mobile-header-display":"","site-post-title":"","ast-breadcrumbs-content":"","ast-featured-img":"","footer-sml-layout":"","theme-transparent-header-meta":"","adv-header-id-meta":"","stick-header-meta":"","header-above-stick-meta":"","header-main-stick-meta":"","header-below-stick-meta":"","astra-migrate-meta-layouts":"default","ast-page-background-enabled":"default","ast-page-background-meta":{"desktop":{"background-color":"var(--ast-global-color-4)","background-image":"","background-repeat":"repeat","background-position":"center center","background-size":"auto","background-attachment":"scroll","background-type":"","background-media":"","overlay-type":"","overlay-color":"","overlay-opacity":"","overlay-gradient":""},"tablet":{"background-color":"","background-image":"","background-repeat":"repeat","background-position":"center center","background-size":"auto","background-attachment":"scroll","background-type":"","background-media":"","overlay-type":"","overlay-color":"","overlay-opacity":"","overlay-gradient":""},"mobile":{"background-color":"","background-image":"","background-repeat":"repeat","background-position":"center center","background-size":"auto","background-attachment":"scroll","background-type":"","background-media":"","overlay-type":"","overlay-color":"","overlay-opacity":"","overlay-gradient":""}},"ast-content-background-meta":{"desktop":{"background-color":"var(--ast-global-color-5)","background-image":"","background-repeat":"repeat","background-position":"center center","background-size":"auto","background-attachment":"scroll","background-type":"","background-media":"","overlay-type":"","overlay-color":"","overlay-opacity":"","overlay-gradient":""},"tablet":{"background-color":"var(--ast-global-color-5)","background-image":"","background-repeat":"repeat","background-position":"center center","background-size":"auto","background-attachment":"scroll","background-type":"","background-media":"","overlay-type":"","overlay-color":"","overlay-opacity":"","overlay-gradient":""},"mobile":{"background-color":"var(--ast-global-color-5)","background-image":"","background-repeat":"repeat","background-position":"center center","background-size":"auto","background-attachment":"scroll","background-type":"","background-media":"","overlay-type":"","overlay-color":"","overlay-opacity":"","overlay-gradient":""}},"footnotes":""},"categories":[12,14,1,4],"tags":[82,65,254,206,113,256,255,63,253],"class_list":["post-11328","post","type-post","status-publish","format-standard","has-post-thumbnail","hentry","category-3r","category-5e","category-general","category-portada","tag-3r","tag-5e","tag-basquet","tag-cicle-mitja","tag-cicle-superior","tag-entrevista","tag-esport","tag-periodistes","tag-tutor-3r"],"post_mailing_queue_ids":[],"_links":{"self":[{"href":"https:\/\/agora.xtec.cat\/ceip-taquigraf-garriga\/wp-json\/wp\/v2\/posts\/11328","targetHints":{"allow":["GET"]}}],"collection":[{"href":"https:\/\/agora.xtec.cat\/ceip-taquigraf-garriga\/wp-json\/wp\/v2\/posts"}],"about":[{"href":"https:\/\/agora.xtec.cat\/ceip-taquigraf-garriga\/wp-json\/wp\/v2\/types\/post"}],"author":[{"embeddable":true,"href":"https:\/\/agora.xtec.cat\/ceip-taquigraf-garriga\/wp-json\/wp\/v2\/users\/1"}],"replies":[{"embeddable":true,"href":"https:\/\/agora.xtec.cat\/ceip-taquigraf-garriga\/wp-json\/wp\/v2\/comments?post=11328"}],"version-history":[{"count":1,"href":"https:\/\/agora.xtec.cat\/ceip-taquigraf-garriga\/wp-json\/wp\/v2\/posts\/11328\/revisions"}],"predecessor-version":[{"id":11329,"href":"https:\/\/agora.xtec.cat\/ceip-taquigraf-garriga\/wp-json\/wp\/v2\/posts\/11328\/revisions\/11329"}],"wp:featuredmedia":[{"embeddable":true,"href":"https:\/\/agora.xtec.cat\/ceip-taquigraf-garriga\/wp-json\/wp\/v2\/media\/11323"}],"wp:attachment":[{"href":"https:\/\/agora.xtec.cat\/ceip-taquigraf-garriga\/wp-json\/wp\/v2\/media?parent=11328"}],"wp:term":[{"taxonomy":"category","embeddable":true,"href":"https:\/\/agora.xtec.cat\/ceip-taquigraf-garriga\/wp-json\/wp\/v2\/categories?post=11328"},{"taxonomy":"post_tag","embeddable":true,"href":"https:\/\/agora.xtec.cat\/ceip-taquigraf-garriga\/wp-json\/wp\/v2\/tags?post=11328"}],"curies":[{"name":"wp","href":"https:\/\/api.w.org\/{rel}","templated":true}]}}