{"id":11235,"date":"2019-04-05T10:24:28","date_gmt":"2019-04-05T08:24:28","guid":{"rendered":"http:\/\/agora.xtec.cat\/ceip-taquigraf-garriga\/?p=11235"},"modified":"2019-05-07T10:24:57","modified_gmt":"2019-05-07T08:24:57","slug":"la-biblioteca-de-lescola-2-0","status":"publish","type":"post","link":"https:\/\/agora.xtec.cat\/ceip-taquigraf-garriga\/general\/la-biblioteca-de-lescola-2-0\/","title":{"rendered":"LA BIBLIOTECA DE L&#8217;ESCOLA 2.0"},"content":{"rendered":"<h2>La biblioteca es posa guapa!<\/h2>\n<h4>Ja fa al voltant de dos anys que la biblioteca s\u2019est\u00e0 modernitzant i ara us explicarem una mica quins canvis s\u2019han fet.<a href=\"https:\/\/agora.xtec.cat\/ceip-taquigraf-garriga\/wp-content\/uploads\/usu853\/2019\/05\/WhatsApp-Image-2019-03-12-at-18.07.06.jpeg\"><img loading=\"lazy\" decoding=\"async\" class=\" wp-image-11236 alignleft\" src=\"https:\/\/agora.xtec.cat\/ceip-taquigraf-garriga\/wp-content\/uploads\/usu853\/2019\/05\/WhatsApp-Image-2019-03-12-at-18.07.06-1024x576.jpeg\" alt=\"\" width=\"414\" height=\"233\" srcset=\"https:\/\/agora.xtec.cat\/ceip-taquigraf-garriga\/wp-content\/uploads\/usu853\/2019\/05\/WhatsApp-Image-2019-03-12-at-18.07.06-1024x576.jpeg 1024w, https:\/\/agora.xtec.cat\/ceip-taquigraf-garriga\/wp-content\/uploads\/usu853\/2019\/05\/WhatsApp-Image-2019-03-12-at-18.07.06-300x169.jpeg 300w, https:\/\/agora.xtec.cat\/ceip-taquigraf-garriga\/wp-content\/uploads\/usu853\/2019\/05\/WhatsApp-Image-2019-03-12-at-18.07.06-768x432.jpeg 768w, https:\/\/agora.xtec.cat\/ceip-taquigraf-garriga\/wp-content\/uploads\/usu853\/2019\/05\/WhatsApp-Image-2019-03-12-at-18.07.06.jpeg 1600w\" sizes=\"auto, (max-width: 414px) 100vw, 414px\" \/><\/a><\/h4>\n<p>Una de les grans modificacions que es poden observar s\u00f3n les parets, que les han pintat de color blau clar i taronja. Tamb\u00e9 han aprofitat i han posat nous mobles com poden ser les prestatgeries, sof\u00e0s i altres espais per guardar i exposar els nous llibres.<\/p>\n<p>Al passad\u00eds, abans d\u2019entrar a la biblioteca hi trobem un espai on hi ha revistes que s\u2019actualitzen peri\u00f2dicament.<\/p>\n<p>Tamb\u00e9 hi ha plataformes de pl\u00e0stic al terra i coixins per poder seure\u2019ns per llegir. A l\u2019entrada han col\u00b7locat unes lletres de porexpan que posen taqui biblio, i a m\u00e9s a m\u00e9s, han posat espais pe<a href=\"https:\/\/agora.xtec.cat\/ceip-taquigraf-garriga\/wp-content\/uploads\/usu853\/2019\/05\/WhatsApp-Image-2019-03-12-at-18.09.11.jpeg\"><img loading=\"lazy\" decoding=\"async\" class=\" wp-image-11237 alignright\" src=\"https:\/\/agora.xtec.cat\/ceip-taquigraf-garriga\/wp-content\/uploads\/usu853\/2019\/05\/WhatsApp-Image-2019-03-12-at-18.09.11-1024x576.jpeg\" alt=\"\" width=\"446\" height=\"251\" srcset=\"https:\/\/agora.xtec.cat\/ceip-taquigraf-garriga\/wp-content\/uploads\/usu853\/2019\/05\/WhatsApp-Image-2019-03-12-at-18.09.11-1024x576.jpeg 1024w, https:\/\/agora.xtec.cat\/ceip-taquigraf-garriga\/wp-content\/uploads\/usu853\/2019\/05\/WhatsApp-Image-2019-03-12-at-18.09.11-300x169.jpeg 300w, https:\/\/agora.xtec.cat\/ceip-taquigraf-garriga\/wp-content\/uploads\/usu853\/2019\/05\/WhatsApp-Image-2019-03-12-at-18.09.11-768x432.jpeg 768w, https:\/\/agora.xtec.cat\/ceip-taquigraf-garriga\/wp-content\/uploads\/usu853\/2019\/05\/WhatsApp-Image-2019-03-12-at-18.09.11.jpeg 1600w\" sizes=\"auto, (max-width: 446px) 100vw, 446px\" \/><\/a>r cada categoria de llibres com poden ser c\u00f2mics, \u00e0lbums il\u00b7lustrats, novel\u00b7les, llibres de coneixements, etc.<\/p>\n<p>Una de les grans novetats de la \u201cnova\u201d biblioteca han estat noves iniciatives perqu\u00e8 els nens i nenes puguem gaudir d\u2019aquest espai de l\u2019escola. Aquestes s\u00f3n:<\/p>\n<p><strong>Biblio pati:<\/strong> les professores et donen un carnet per poder accedir-hi a les hores del pati. Es pot llegir i fins i tot fer un pr\u00e9stec de llibre. Aquesta activitat es du a terme dilluns i dijous.<\/p>\n<p>Amb aquesta iniciativa el passat dissabte dia 30 de mar\u00e7, a Lleida es va celebrar els Premis FAPAC que donen a iniciatives que les AMPES fan per revertir en els seus centres.<\/p>\n<p>L\u2019AMPA de l\u2019escola participava amb el projecte del Bibliopati, on vam arribar a ser finalistes i ens van otorgar el 3r premi, dotat amb 300 euros per invertir en llibres per la biblioteca de l\u2019escola.<\/p>\n<p>Per recollir e<a href=\"https:\/\/agora.xtec.cat\/ceip-taquigraf-garriga\/wp-content\/uploads\/usu853\/2019\/05\/dario-i-max.jpg\"><img loading=\"lazy\" decoding=\"async\" class=\" wp-image-11240 alignleft\" src=\"https:\/\/agora.xtec.cat\/ceip-taquigraf-garriga\/wp-content\/uploads\/usu853\/2019\/05\/dario-i-max-1024x576.jpg\" alt=\"\" width=\"343\" height=\"193\" srcset=\"https:\/\/agora.xtec.cat\/ceip-taquigraf-garriga\/wp-content\/uploads\/usu853\/2019\/05\/dario-i-max.jpg 1024w, https:\/\/agora.xtec.cat\/ceip-taquigraf-garriga\/wp-content\/uploads\/usu853\/2019\/05\/dario-i-max-300x169.jpg 300w, https:\/\/agora.xtec.cat\/ceip-taquigraf-garriga\/wp-content\/uploads\/usu853\/2019\/05\/dario-i-max-768x432.jpg 768w\" sizes=\"auto, (max-width: 343px) 100vw, 343px\" \/><\/a>l premi hi van assistir algunes fam\u00edlies de l\u2019Ampa que formen part de la Comissi\u00f3 de Biblioteca, el premi el van recollir alumnes de l\u2019escola: l\u2019Estela, la Mar\u00eda, el Max i el Dar\u00edo<a href=\"https:\/\/agora.xtec.cat\/ceip-taquigraf-garriga\/wp-content\/uploads\/usu853\/2019\/05\/ff21f462-42be-40d7-9825-7dcad0b0faa72.jpeg\"><img loading=\"lazy\" decoding=\"async\" class=\" wp-image-11239 alignright\" src=\"https:\/\/agora.xtec.cat\/ceip-taquigraf-garriga\/wp-content\/uploads\/usu853\/2019\/05\/ff21f462-42be-40d7-9825-7dcad0b0faa72.jpeg\" alt=\"\" width=\"332\" height=\"187\" srcset=\"https:\/\/agora.xtec.cat\/ceip-taquigraf-garriga\/wp-content\/uploads\/usu853\/2019\/05\/ff21f462-42be-40d7-9825-7dcad0b0faa72.jpeg 768w, https:\/\/agora.xtec.cat\/ceip-taquigraf-garriga\/wp-content\/uploads\/usu853\/2019\/05\/ff21f462-42be-40d7-9825-7dcad0b0faa72-300x169.jpeg 300w\" sizes=\"auto, (max-width: 332px) 100vw, 332px\" \/><\/a><\/p>\n<p><strong>Menja llibres:<\/strong> En aquesta activitat pots fer servir servei de pr\u00e9stec de llibres o retornar els que t\u2019has llegit. Aquesta activitat funciona a la mateixa hora que el biblio pati el dilluns i dijous a l\u2019hora del pati per\u00f2 nom\u00e9s uns 5 minuts al principi per poder fer aquestes gestions.<\/p>\n<p><strong>Ajudant de biblioteca:<\/strong> tamb\u00e9 han posat uns ajudants de biblioteca de 5\u00e8 i 6\u00e8 que, en aquests dies que es duen a terme aquestes activitats, si tens algun dubte ells\/es t\u2019ajuden a resoldre\u2019l.<a href=\"https:\/\/agora.xtec.cat\/ceip-taquigraf-garriga\/wp-content\/uploads\/usu853\/2019\/05\/WhatsApp-Image-2019-03-12-at-18.09.59.jpeg\"><img loading=\"lazy\" decoding=\"async\" class=\"wp-image-11238 aligncenter\" src=\"https:\/\/agora.xtec.cat\/ceip-taquigraf-garriga\/wp-content\/uploads\/usu853\/2019\/05\/WhatsApp-Image-2019-03-12-at-18.09.59-1024x576.jpeg\" alt=\"\" width=\"518\" height=\"291\" srcset=\"https:\/\/agora.xtec.cat\/ceip-taquigraf-garriga\/wp-content\/uploads\/usu853\/2019\/05\/WhatsApp-Image-2019-03-12-at-18.09.59-1024x576.jpeg 1024w, https:\/\/agora.xtec.cat\/ceip-taquigraf-garriga\/wp-content\/uploads\/usu853\/2019\/05\/WhatsApp-Image-2019-03-12-at-18.09.59-300x169.jpeg 300w, https:\/\/agora.xtec.cat\/ceip-taquigraf-garriga\/wp-content\/uploads\/usu853\/2019\/05\/WhatsApp-Image-2019-03-12-at-18.09.59-768x432.jpeg 768w, https:\/\/agora.xtec.cat\/ceip-taquigraf-garriga\/wp-content\/uploads\/usu853\/2019\/05\/WhatsApp-Image-2019-03-12-at-18.09.59.jpeg 1600w\" sizes=\"auto, (max-width: 518px) 100vw, 518px\" \/><\/a><\/p>\n<p><strong>Comentaris sobre la biblioteca:<\/strong> els comentaris que ens han arribat s\u00f3n els seg\u00fcents:<\/p>\n<ul>\n<li>que ha quedat molt xula<\/li>\n<li>que hi ha molts llibres nou molt xulos<\/li>\n<li>que hi ha espais nous<\/li>\n<li>que es molt gran<\/li>\n<\/ul>\n<p>que ara tamb\u00e9 hi ha contes il\u00b7lustrats<\/p>\n","protected":false},"excerpt":{"rendered":"<p>La biblioteca es posa guapa! Ja fa al voltant de dos anys que la biblioteca s\u2019est\u00e0 modernitzant i ara us explicarem una mica quins canvis s\u2019han fet. Una de les grans modificacions que es poden observar s\u00f3n les parets, que les han pintat de color blau clar i taronja. Tamb\u00e9 han aprofitat i han posat [&hellip;]<\/p>\n","protected":false},"author":1,"featured_media":11239,"comment_status":"open","ping_status":"closed","sticky":false,"template":"","format":"standard","meta":{"_bbp_topic_count":0,"_bbp_reply_count":0,"_bbp_total_topic_count":0,"_bbp_total_reply_count":0,"_bbp_voice_count":0,"_bbp_anonymous_reply_count":0,"_bbp_topic_count_hidden":0,"_bbp_reply_count_hidden":0,"_bbp_forum_subforum_count":0,"site-sidebar-layout":"default","site-content-layout":"","ast-site-content-layout":"","site-content-style":"default","site-sidebar-style":"default","ast-global-header-display":"","ast-banner-title-visibility":"","ast-main-header-display":"","ast-hfb-above-header-display":"","ast-hfb-below-header-display":"","ast-hfb-mobile-header-display":"","site-post-title":"","ast-breadcrumbs-content":"","ast-featured-img":"","footer-sml-layout":"","theme-transparent-header-meta":"","adv-header-id-meta":"","stick-header-meta":"","header-above-stick-meta":"","header-main-stick-meta":"","header-below-stick-meta":"","astra-migrate-meta-layouts":"default","ast-page-background-enabled":"default","ast-page-background-meta":{"desktop":{"background-color":"var(--ast-global-color-4)","background-image":"","background-repeat":"repeat","background-position":"center center","background-size":"auto","background-attachment":"scroll","background-type":"","background-media":"","overlay-type":"","overlay-color":"","overlay-opacity":"","overlay-gradient":""},"tablet":{"background-color":"","background-image":"","background-repeat":"repeat","background-position":"center center","background-size":"auto","background-attachment":"scroll","background-type":"","background-media":"","overlay-type":"","overlay-color":"","overlay-opacity":"","overlay-gradient":""},"mobile":{"background-color":"","background-image":"","background-repeat":"repeat","background-position":"center center","background-size":"auto","background-attachment":"scroll","background-type":"","background-media":"","overlay-type":"","overlay-color":"","overlay-opacity":"","overlay-gradient":""}},"ast-content-background-meta":{"desktop":{"background-color":"var(--ast-global-color-5)","background-image":"","background-repeat":"repeat","background-position":"center center","background-size":"auto","background-attachment":"scroll","background-type":"","background-media":"","overlay-type":"","overlay-color":"","overlay-opacity":"","overlay-gradient":""},"tablet":{"background-color":"var(--ast-global-color-5)","background-image":"","background-repeat":"repeat","background-position":"center center","background-size":"auto","background-attachment":"scroll","background-type":"","background-media":"","overlay-type":"","overlay-color":"","overlay-opacity":"","overlay-gradient":""},"mobile":{"background-color":"var(--ast-global-color-5)","background-image":"","background-repeat":"repeat","background-position":"center center","background-size":"auto","background-attachment":"scroll","background-type":"","background-media":"","overlay-type":"","overlay-color":"","overlay-opacity":"","overlay-gradient":""}},"footnotes":""},"categories":[14,7,190,1,231,2,4],"tags":[78,170,247],"class_list":["post-11235","post","type-post","status-publish","format-standard","has-post-thumbnail","hentry","category-5e","category-afa","category-families","category-general","category-lectura","category-petits","category-portada","tag-biblioteca","tag-periodiestes","tag-premis"],"post_mailing_queue_ids":[],"_links":{"self":[{"href":"https:\/\/agora.xtec.cat\/ceip-taquigraf-garriga\/wp-json\/wp\/v2\/posts\/11235","targetHints":{"allow":["GET"]}}],"collection":[{"href":"https:\/\/agora.xtec.cat\/ceip-taquigraf-garriga\/wp-json\/wp\/v2\/posts"}],"about":[{"href":"https:\/\/agora.xtec.cat\/ceip-taquigraf-garriga\/wp-json\/wp\/v2\/types\/post"}],"author":[{"embeddable":true,"href":"https:\/\/agora.xtec.cat\/ceip-taquigraf-garriga\/wp-json\/wp\/v2\/users\/1"}],"replies":[{"embeddable":true,"href":"https:\/\/agora.xtec.cat\/ceip-taquigraf-garriga\/wp-json\/wp\/v2\/comments?post=11235"}],"version-history":[{"count":2,"href":"https:\/\/agora.xtec.cat\/ceip-taquigraf-garriga\/wp-json\/wp\/v2\/posts\/11235\/revisions"}],"predecessor-version":[{"id":11243,"href":"https:\/\/agora.xtec.cat\/ceip-taquigraf-garriga\/wp-json\/wp\/v2\/posts\/11235\/revisions\/11243"}],"wp:featuredmedia":[{"embeddable":true,"href":"https:\/\/agora.xtec.cat\/ceip-taquigraf-garriga\/wp-json\/wp\/v2\/media\/11239"}],"wp:attachment":[{"href":"https:\/\/agora.xtec.cat\/ceip-taquigraf-garriga\/wp-json\/wp\/v2\/media?parent=11235"}],"wp:term":[{"taxonomy":"category","embeddable":true,"href":"https:\/\/agora.xtec.cat\/ceip-taquigraf-garriga\/wp-json\/wp\/v2\/categories?post=11235"},{"taxonomy":"post_tag","embeddable":true,"href":"https:\/\/agora.xtec.cat\/ceip-taquigraf-garriga\/wp-json\/wp\/v2\/tags?post=11235"}],"curies":[{"name":"wp","href":"https:\/\/api.w.org\/{rel}","templated":true}]}}