{"id":1113,"date":"2017-05-16T13:21:05","date_gmt":"2017-05-16T11:21:05","guid":{"rendered":"http:\/\/agora.xtec.cat\/ceip-taquigraf-garriga\/?p=1113"},"modified":"2017-05-16T13:24:32","modified_gmt":"2017-05-16T11:24:32","slug":"el-taqui-guanya","status":"publish","type":"post","link":"https:\/\/agora.xtec.cat\/ceip-taquigraf-garriga\/general\/el-taqui-guanya\/","title":{"rendered":"El Taqui guanya!"},"content":{"rendered":"<h2><strong>Despr\u00e9s de molts anys, una alumna del Taqui guanya el Certamen Literari d\u2019Esparreguera.<\/strong><\/h2>\n<p>Fa unes quantes setmanes, una alumna de 5\u00e8, anomenada Lara Garc\u00eda, guanya el Certament Literari d\u2019Esparreguera que es va celebrar el passat dilluns 24 d\u2019abril al Teatre de La Passi\u00f3.<\/p>\n<p>Aquest certamen estava adre\u00e7at a tots els alumnes del nostre municipi, i els que van presentar els van citar a la celebraci\u00f3 del cert\u00e0m el dia 24. Primer de tot, qui volia participar, havia d\u2019entregar la seva poesia o hist\u00f2ria al seu\/a tutor\/a perqu\u00e8 les correg\u00eds; despr\u00e9s l\u2019havia de fer a net (a ordinador) i per finalitzar el seu\/a tutor\/a havia d\u2019entregar les poesies o hist\u00f2ries a l\u2019Ajuntament. Ara li tocava a un jurat proposat pel consistori prendre la decisi\u00f3 final. Aquest estava format per diferents professors de diferents escoles i instituts, on estava el nostre estimat director, en V\u00edctor. A m\u00e9s, tamb\u00e9 hi havia representants del govern municipal com el Regidor d&#8217;Educaci\u00f3.<\/p>\n<p>Primer van escollir tres de cada curs de cada escola, i despr\u00e9s van escollir quin seria el guanyador. Hi havia cinc categories en funci\u00f3 de les franges d\u2019edat: la A, la B, la C, la D i la E.<\/p>\n<p>Abans d\u2019anar, es van ajuntar els representants de cada classe de 5\u00e8 i els que havien sigut escollits pel jurat per anar tots junts al teatre.<\/p>\n<p><a href=\"http:\/\/agora.xtec.cat\/ceip-taquigraf-garriga\/wp-content\/uploads\/usu853\/2017\/05\/IMG_8749.jpg\"><img loading=\"lazy\" decoding=\"async\" class=\"aligncenter wp-image-1114 size-medium\" src=\"http:\/\/agora.xtec.cat\/ceip-taquigraf-garriga\/wp-content\/uploads\/usu853\/2017\/05\/IMG_8749-300x225.jpg\" alt=\"IMG_8749\" width=\"300\" height=\"225\" srcset=\"https:\/\/agora.xtec.cat\/ceip-taquigraf-garriga\/wp-content\/uploads\/usu853\/2017\/05\/IMG_8749-300x225.jpg 300w, https:\/\/agora.xtec.cat\/ceip-taquigraf-garriga\/wp-content\/uploads\/usu853\/2017\/05\/IMG_8749-768x576.jpg 768w, https:\/\/agora.xtec.cat\/ceip-taquigraf-garriga\/wp-content\/uploads\/usu853\/2017\/05\/IMG_8749.jpg 1024w, https:\/\/agora.xtec.cat\/ceip-taquigraf-garriga\/wp-content\/uploads\/usu853\/2017\/05\/IMG_8749-200x150.jpg 200w\" sizes=\"auto, (max-width: 300px) 100vw, 300px\" \/><\/a><\/p>\n<p>Primer de tot van explicar com es celebraria l\u2019acte, i despr\u00e9s van fer un petita representaci\u00f3 teatral de Sant Jordi. Finalment, van dir els guanyadors de cada categoria i aqu\u00ed va ser quan va saltar la sorpresa! La guanyadora de la categoria C era una alumna de la nostra escola, i aix\u00f2 feia molts anys que no passava! <strong>MOLTES FELICITATS LARA!<\/strong><\/p>\n<p><a href=\"http:\/\/agora.xtec.cat\/ceip-taquigraf-garriga\/wp-content\/uploads\/usu853\/2017\/05\/IMG_8754.jpg\"><img loading=\"lazy\" decoding=\"async\" class=\"aligncenter wp-image-1115 size-full\" src=\"http:\/\/agora.xtec.cat\/ceip-taquigraf-garriga\/wp-content\/uploads\/usu853\/2017\/05\/IMG_8754.jpg\" alt=\"IMG_8754\" width=\"1024\" height=\"768\" srcset=\"https:\/\/agora.xtec.cat\/ceip-taquigraf-garriga\/wp-content\/uploads\/usu853\/2017\/05\/IMG_8754.jpg 1024w, https:\/\/agora.xtec.cat\/ceip-taquigraf-garriga\/wp-content\/uploads\/usu853\/2017\/05\/IMG_8754-300x225.jpg 300w, https:\/\/agora.xtec.cat\/ceip-taquigraf-garriga\/wp-content\/uploads\/usu853\/2017\/05\/IMG_8754-768x576.jpg 768w, https:\/\/agora.xtec.cat\/ceip-taquigraf-garriga\/wp-content\/uploads\/usu853\/2017\/05\/IMG_8754-200x150.jpg 200w\" sizes=\"auto, (max-width: 1024px) 100vw, 1024px\" \/><\/a><\/p>\n","protected":false},"excerpt":{"rendered":"<p>Despr\u00e9s de molts anys, una alumna del Taqui guanya el Certamen Literari d\u2019Esparreguera. Fa unes quantes setmanes, una alumna de 5\u00e8, anomenada Lara Garc\u00eda, guanya el Certament Literari d\u2019Esparreguera que es va celebrar el passat dilluns 24 d\u2019abril al Teatre de La Passi\u00f3. Aquest certamen estava adre\u00e7at a tots els alumnes del nostre municipi, i [&hellip;]<\/p>\n","protected":false},"author":1,"featured_media":1115,"comment_status":"open","ping_status":"open","sticky":false,"template":"","format":"standard","meta":{"_bbp_topic_count":0,"_bbp_reply_count":0,"_bbp_total_topic_count":0,"_bbp_total_reply_count":0,"_bbp_voice_count":0,"_bbp_anonymous_reply_count":0,"_bbp_topic_count_hidden":0,"_bbp_reply_count_hidden":0,"_bbp_forum_subforum_count":0,"site-sidebar-layout":"default","site-content-layout":"","ast-site-content-layout":"","site-content-style":"default","site-sidebar-style":"default","ast-global-header-display":"","ast-banner-title-visibility":"","ast-main-header-display":"","ast-hfb-above-header-display":"","ast-hfb-below-header-display":"","ast-hfb-mobile-header-display":"","site-post-title":"","ast-breadcrumbs-content":"","ast-featured-img":"","footer-sml-layout":"","theme-transparent-header-meta":"","adv-header-id-meta":"","stick-header-meta":"","header-above-stick-meta":"","header-main-stick-meta":"","header-below-stick-meta":"","astra-migrate-meta-layouts":"default","ast-page-background-enabled":"default","ast-page-background-meta":{"desktop":{"background-color":"var(--ast-global-color-4)","background-image":"","background-repeat":"repeat","background-position":"center center","background-size":"auto","background-attachment":"scroll","background-type":"","background-media":"","overlay-type":"","overlay-color":"","overlay-opacity":"","overlay-gradient":""},"tablet":{"background-color":"","background-image":"","background-repeat":"repeat","background-position":"center center","background-size":"auto","background-attachment":"scroll","background-type":"","background-media":"","overlay-type":"","overlay-color":"","overlay-opacity":"","overlay-gradient":""},"mobile":{"background-color":"","background-image":"","background-repeat":"repeat","background-position":"center center","background-size":"auto","background-attachment":"scroll","background-type":"","background-media":"","overlay-type":"","overlay-color":"","overlay-opacity":"","overlay-gradient":""}},"ast-content-background-meta":{"desktop":{"background-color":"var(--ast-global-color-5)","background-image":"","background-repeat":"repeat","background-position":"center center","background-size":"auto","background-attachment":"scroll","background-type":"","background-media":"","overlay-type":"","overlay-color":"","overlay-opacity":"","overlay-gradient":""},"tablet":{"background-color":"var(--ast-global-color-5)","background-image":"","background-repeat":"repeat","background-position":"center center","background-size":"auto","background-attachment":"scroll","background-type":"","background-media":"","overlay-type":"","overlay-color":"","overlay-opacity":"","overlay-gradient":""},"mobile":{"background-color":"var(--ast-global-color-5)","background-image":"","background-repeat":"repeat","background-position":"center center","background-size":"auto","background-attachment":"scroll","background-type":"","background-media":"","overlay-type":"","overlay-color":"","overlay-opacity":"","overlay-gradient":""}},"footnotes":""},"categories":[14,1,4],"tags":[],"class_list":["post-1113","post","type-post","status-publish","format-standard","has-post-thumbnail","hentry","category-5e","category-general","category-portada"],"post_mailing_queue_ids":[],"_links":{"self":[{"href":"https:\/\/agora.xtec.cat\/ceip-taquigraf-garriga\/wp-json\/wp\/v2\/posts\/1113","targetHints":{"allow":["GET"]}}],"collection":[{"href":"https:\/\/agora.xtec.cat\/ceip-taquigraf-garriga\/wp-json\/wp\/v2\/posts"}],"about":[{"href":"https:\/\/agora.xtec.cat\/ceip-taquigraf-garriga\/wp-json\/wp\/v2\/types\/post"}],"author":[{"embeddable":true,"href":"https:\/\/agora.xtec.cat\/ceip-taquigraf-garriga\/wp-json\/wp\/v2\/users\/1"}],"replies":[{"embeddable":true,"href":"https:\/\/agora.xtec.cat\/ceip-taquigraf-garriga\/wp-json\/wp\/v2\/comments?post=1113"}],"version-history":[{"count":3,"href":"https:\/\/agora.xtec.cat\/ceip-taquigraf-garriga\/wp-json\/wp\/v2\/posts\/1113\/revisions"}],"predecessor-version":[{"id":1120,"href":"https:\/\/agora.xtec.cat\/ceip-taquigraf-garriga\/wp-json\/wp\/v2\/posts\/1113\/revisions\/1120"}],"wp:featuredmedia":[{"embeddable":true,"href":"https:\/\/agora.xtec.cat\/ceip-taquigraf-garriga\/wp-json\/wp\/v2\/media\/1115"}],"wp:attachment":[{"href":"https:\/\/agora.xtec.cat\/ceip-taquigraf-garriga\/wp-json\/wp\/v2\/media?parent=1113"}],"wp:term":[{"taxonomy":"category","embeddable":true,"href":"https:\/\/agora.xtec.cat\/ceip-taquigraf-garriga\/wp-json\/wp\/v2\/categories?post=1113"},{"taxonomy":"post_tag","embeddable":true,"href":"https:\/\/agora.xtec.cat\/ceip-taquigraf-garriga\/wp-json\/wp\/v2\/tags?post=1113"}],"curies":[{"name":"wp","href":"https:\/\/api.w.org\/{rel}","templated":true}]}}