{"id":11065,"date":"2019-03-04T14:59:08","date_gmt":"2019-03-04T13:59:08","guid":{"rendered":"http:\/\/agora.xtec.cat\/ceip-taquigraf-garriga\/?p=11065"},"modified":"2019-03-26T15:10:05","modified_gmt":"2019-03-26T14:10:05","slug":"carnestoltes-2019","status":"publish","type":"post","link":"https:\/\/agora.xtec.cat\/ceip-taquigraf-garriga\/general\/carnestoltes-2019\/","title":{"rendered":"CARNESTOLTES 2019"},"content":{"rendered":"<h2><strong><em>El dia 22 de febrer arriba el rei carnestoltes amb molta festa i gresca!!!<\/em><\/strong><\/h2>\n<p>Ha arribat\u00a0 el rei CARNESTOLTES\u00a0 acompanyat de la seva setmana.<\/p>\n<p><em><u>LA SETMANA DEL CARNESTOLTES!!!<\/u><\/em><\/p>\n<p><em>El dia 15 de febrer<\/em> tota la escola vam baixar al pati de baix perqu\u00e8 els pregoners ens llegissin el preg\u00f3.<\/p>\n<p>El preg\u00f3 \u00e9s el seg\u00fcent:<\/p>\n<p><strong><em>Dilluns 25 de febrer<\/em><\/strong>. Fent el\u00a0 mandra estar\u00e9 i amb pijama vindr\u00e9!!!<\/p>\n<p><strong><em>Dimarts 26 de febrer<\/em><\/strong>. Ven aviat em llevar\u00e9 i el cap em decorar\u00e9!!!<\/p>\n<p><strong><em>Dimecres 27 de febrer<\/em><\/strong>. El cap jo no s\u00e9 on tindr\u00e9 i una sabata i un mitj\u00f3 de cada portar\u00e9!!!<\/p>\n<p><strong><em>Dijous 28 de febrer<\/em><\/strong>. Del color de la mascota vindr\u00e9!!!<\/p>\n<p><strong><em>Divendres 1 de mar\u00e7<\/em><\/strong><u>. Per fi ja es carnaval!!!!!<\/u><\/p>\n<p>A la setmana seg\u00fcent venien els de 6\u00e8 a comprovar si hav\u00edem portat el que ens demanaven,\u00a0 si no ho havien portat ens posaven gomets vermells i ens pintaven la cara.<\/p>\n<p>Quan va arribar l\u20191 de mar\u00e7 per la tarda despr\u00e9s de menjar torn\u00e0vem a la classe amb les disfresses posades i ens f\u00e8iem fotos per el guanyador\/a o grup de guanyadors.<\/p>\n<p>Quan ja havia passat una\u00a0 estona despr\u00e9s de tancar l\u2019escola tots vam baixar al pati de baix i vam fer una rotllana gegant.<\/p>\n<p>Despr\u00e9s classe per classe vam fer una mini rua dins de la rodona que hav\u00edem fet. M\u00e9s tard van posar m\u00fasica i vam comen\u00e7ar a ballar fins les 16:30h que es quan vam sortir de l\u2019escola per anar amb els nostres pares.<\/p>\n<p><u>Despr\u00e9s vam tornar a l\u2019escola les fam\u00edlies que volien per anar a la xocolatada amb els Lolli Pops, i van muntar una festa gegant amb jocs i m\u00fasica.<\/u><\/p>\n<p><a href=\"https:\/\/agora.xtec.cat\/ceip-taquigraf-garriga\/wp-content\/uploads\/usu853\/2019\/03\/IMG_9405.jpg\"><img loading=\"lazy\" decoding=\"async\" class=\"aligncenter size-full wp-image-11066\" src=\"https:\/\/agora.xtec.cat\/ceip-taquigraf-garriga\/wp-content\/uploads\/usu853\/2019\/03\/IMG_9405.jpg\" alt=\"\" width=\"640\" height=\"480\" srcset=\"https:\/\/agora.xtec.cat\/ceip-taquigraf-garriga\/wp-content\/uploads\/usu853\/2019\/03\/IMG_9405.jpg 640w, https:\/\/agora.xtec.cat\/ceip-taquigraf-garriga\/wp-content\/uploads\/usu853\/2019\/03\/IMG_9405-300x225.jpg 300w, https:\/\/agora.xtec.cat\/ceip-taquigraf-garriga\/wp-content\/uploads\/usu853\/2019\/03\/IMG_9405-200x150.jpg 200w\" sizes=\"auto, (max-width: 640px) 100vw, 640px\" \/><\/a><\/p>\n","protected":false},"excerpt":{"rendered":"<p>El dia 22 de febrer arriba el rei carnestoltes amb molta festa i gresca!!! Ha arribat\u00a0 el rei CARNESTOLTES\u00a0 acompanyat de la seva setmana. LA SETMANA DEL CARNESTOLTES!!! El dia 15 de febrer tota la escola vam baixar al pati de baix perqu\u00e8 els pregoners ens llegissin el preg\u00f3. El preg\u00f3 \u00e9s el seg\u00fcent: Dilluns [&hellip;]<\/p>\n","protected":false},"author":1,"featured_media":11066,"comment_status":"open","ping_status":"closed","sticky":false,"template":"","format":"standard","meta":{"_bbp_topic_count":0,"_bbp_reply_count":0,"_bbp_total_topic_count":0,"_bbp_total_reply_count":0,"_bbp_voice_count":0,"_bbp_anonymous_reply_count":0,"_bbp_topic_count_hidden":0,"_bbp_reply_count_hidden":0,"_bbp_forum_subforum_count":0,"site-sidebar-layout":"default","site-content-layout":"","ast-site-content-layout":"","site-content-style":"default","site-sidebar-style":"default","ast-global-header-display":"","ast-banner-title-visibility":"","ast-main-header-display":"","ast-hfb-above-header-display":"","ast-hfb-below-header-display":"","ast-hfb-mobile-header-display":"","site-post-title":"","ast-breadcrumbs-content":"","ast-featured-img":"","footer-sml-layout":"","theme-transparent-header-meta":"","adv-header-id-meta":"","stick-header-meta":"","header-above-stick-meta":"","header-main-stick-meta":"","header-below-stick-meta":"","astra-migrate-meta-layouts":"default","ast-page-background-enabled":"default","ast-page-background-meta":{"desktop":{"background-color":"var(--ast-global-color-4)","background-image":"","background-repeat":"repeat","background-position":"center center","background-size":"auto","background-attachment":"scroll","background-type":"","background-media":"","overlay-type":"","overlay-color":"","overlay-opacity":"","overlay-gradient":""},"tablet":{"background-color":"","background-image":"","background-repeat":"repeat","background-position":"center center","background-size":"auto","background-attachment":"scroll","background-type":"","background-media":"","overlay-type":"","overlay-color":"","overlay-opacity":"","overlay-gradient":""},"mobile":{"background-color":"","background-image":"","background-repeat":"repeat","background-position":"center center","background-size":"auto","background-attachment":"scroll","background-type":"","background-media":"","overlay-type":"","overlay-color":"","overlay-opacity":"","overlay-gradient":""}},"ast-content-background-meta":{"desktop":{"background-color":"var(--ast-global-color-5)","background-image":"","background-repeat":"repeat","background-position":"center center","background-size":"auto","background-attachment":"scroll","background-type":"","background-media":"","overlay-type":"","overlay-color":"","overlay-opacity":"","overlay-gradient":""},"tablet":{"background-color":"var(--ast-global-color-5)","background-image":"","background-repeat":"repeat","background-position":"center center","background-size":"auto","background-attachment":"scroll","background-type":"","background-media":"","overlay-type":"","overlay-color":"","overlay-opacity":"","overlay-gradient":""},"mobile":{"background-color":"var(--ast-global-color-5)","background-image":"","background-repeat":"repeat","background-position":"center center","background-size":"auto","background-attachment":"scroll","background-type":"","background-media":"","overlay-type":"","overlay-color":"","overlay-opacity":"","overlay-gradient":""}},"footnotes":""},"categories":[14,1,4],"tags":[65,100,101,63,240],"class_list":["post-11065","post","type-post","status-publish","format-standard","has-post-thumbnail","hentry","category-5e","category-general","category-portada","tag-5e","tag-carnaval","tag-carnestoltes","tag-periodistes","tag-prego"],"post_mailing_queue_ids":[],"_links":{"self":[{"href":"https:\/\/agora.xtec.cat\/ceip-taquigraf-garriga\/wp-json\/wp\/v2\/posts\/11065","targetHints":{"allow":["GET"]}}],"collection":[{"href":"https:\/\/agora.xtec.cat\/ceip-taquigraf-garriga\/wp-json\/wp\/v2\/posts"}],"about":[{"href":"https:\/\/agora.xtec.cat\/ceip-taquigraf-garriga\/wp-json\/wp\/v2\/types\/post"}],"author":[{"embeddable":true,"href":"https:\/\/agora.xtec.cat\/ceip-taquigraf-garriga\/wp-json\/wp\/v2\/users\/1"}],"replies":[{"embeddable":true,"href":"https:\/\/agora.xtec.cat\/ceip-taquigraf-garriga\/wp-json\/wp\/v2\/comments?post=11065"}],"version-history":[{"count":1,"href":"https:\/\/agora.xtec.cat\/ceip-taquigraf-garriga\/wp-json\/wp\/v2\/posts\/11065\/revisions"}],"predecessor-version":[{"id":11067,"href":"https:\/\/agora.xtec.cat\/ceip-taquigraf-garriga\/wp-json\/wp\/v2\/posts\/11065\/revisions\/11067"}],"wp:featuredmedia":[{"embeddable":true,"href":"https:\/\/agora.xtec.cat\/ceip-taquigraf-garriga\/wp-json\/wp\/v2\/media\/11066"}],"wp:attachment":[{"href":"https:\/\/agora.xtec.cat\/ceip-taquigraf-garriga\/wp-json\/wp\/v2\/media?parent=11065"}],"wp:term":[{"taxonomy":"category","embeddable":true,"href":"https:\/\/agora.xtec.cat\/ceip-taquigraf-garriga\/wp-json\/wp\/v2\/categories?post=11065"},{"taxonomy":"post_tag","embeddable":true,"href":"https:\/\/agora.xtec.cat\/ceip-taquigraf-garriga\/wp-json\/wp\/v2\/tags?post=11065"}],"curies":[{"name":"wp","href":"https:\/\/api.w.org\/{rel}","templated":true}]}}