{"id":10672,"date":"2019-01-28T15:46:06","date_gmt":"2019-01-28T14:46:06","guid":{"rendered":"http:\/\/agora.xtec.cat\/ceip-taquigraf-garriga\/?p=10672"},"modified":"2019-01-28T15:46:06","modified_gmt":"2019-01-28T14:46:06","slug":"a-4t-ja-sabem-fer-sabo","status":"publish","type":"post","link":"https:\/\/agora.xtec.cat\/ceip-taquigraf-garriga\/general\/a-4t-ja-sabem-fer-sabo\/","title":{"rendered":"A 4t, ja sabem fer sab\u00f3!"},"content":{"rendered":"<p>Amb una mica de retard&#8230;per\u00f2 la not\u00edcia ha arribat!!! Aqu\u00ed la teniu:<\/p>\n<p>A finals del 1r trimestre els nens i nenes d 4t A i 4t B va manar d\u2019excursi\u00f3 a fer un taller d\u2019oli.<\/p>\n<p>Quan vam arribar a Sabadell a la masia de Can Deu, el monitor va presentar el lloc i ens va explicar el proc\u00e9s de com fer oli. Tamb\u00e9 ens va dir que l\u2019oli pot servir per fer moltes coses, per exemple per fer sab\u00f3. Aquest va ser el nostre taller.<\/p>\n<p>Aqu\u00ed us deixem un breu resum de la recepta, per si us animeu a fer-ne a casa!<\/p>\n<p>Com es fa sab\u00f3 utilitzant oli?<\/p>\n<p>Ingredients:<\/p>\n<ul>\n<li>1 litre i quart d\u2019aigua<\/li>\n<li>100 grams de sosa c\u00e0ustica<\/li>\n<li>1 litre d\u2019oli usat<\/li>\n<\/ul>\n<p>Preparaci\u00f3<\/p>\n<ol>\n<li>Poseu l\u2019aigua en un recipient a foc lent i aboqueu-hi, lentament, la sosa c\u00e0ustica. Deixeu bullir aquesta soluci\u00f3 durant uns 5 minuts.<\/li>\n<li>Al lleixiu que heu obtingut, afegiu-hi oli lentament mentre ho remeneu amb una esp\u00e0tula fins que quedi una pasta espessa i homog\u00e8nia. Si voleu afegir-hi ess\u00e8ncies, aquest \u00e9s el moment de fer-ho.<\/li>\n<li>Aboqueu la pasta dins d\u2019un motlle, a poder ser una caixa de fusta per facilitar-ne el degoteig, Deixeu-ho refredar. \u00c9s convenient col\u00b7locar el motlle dins d\u2019una altre recipient, ja que despr\u00e8n lleixiu i podr\u00edem fer malb\u00e9 els draps de casa.<\/li>\n<li>Un cop sec, desemmotlleu el bloc de sab\u00f3 i, amb un ganivet o un fil de nil\u00f3, talleu-lo en pastilles. Tamb\u00e9 podeu fer-ne petites escates per a utilitzar-lo a la rentadora.<\/li>\n<\/ol>\n<p>Ens ho vam passar molt b\u00e9!!<\/p>\n<p>Els reporters Jan i Narela<\/p>\n\n","protected":false},"excerpt":{"rendered":"<p>Amb una mica de retard&#8230;per\u00f2 la not\u00edcia ha arribat!!! Aqu\u00ed la teniu: A finals del 1r trimestre els nens i nenes d 4t A i 4t B va manar d\u2019excursi\u00f3 a fer un taller d\u2019oli. Quan vam arribar a Sabadell a la masia de Can Deu, el monitor va presentar el lloc i ens va [&hellip;]<\/p>\n","protected":false},"author":1,"featured_media":10683,"comment_status":"open","ping_status":"closed","sticky":false,"template":"","format":"standard","meta":{"_bbp_topic_count":0,"_bbp_reply_count":0,"_bbp_total_topic_count":0,"_bbp_total_reply_count":0,"_bbp_voice_count":0,"_bbp_anonymous_reply_count":0,"_bbp_topic_count_hidden":0,"_bbp_reply_count_hidden":0,"_bbp_forum_subforum_count":0,"site-sidebar-layout":"default","site-content-layout":"","ast-site-content-layout":"","site-content-style":"default","site-sidebar-style":"default","ast-global-header-display":"","ast-banner-title-visibility":"","ast-main-header-display":"","ast-hfb-above-header-display":"","ast-hfb-below-header-display":"","ast-hfb-mobile-header-display":"","site-post-title":"","ast-breadcrumbs-content":"","ast-featured-img":"","footer-sml-layout":"","theme-transparent-header-meta":"","adv-header-id-meta":"","stick-header-meta":"","header-above-stick-meta":"","header-main-stick-meta":"","header-below-stick-meta":"","astra-migrate-meta-layouts":"default","ast-page-background-enabled":"default","ast-page-background-meta":{"desktop":{"background-color":"var(--ast-global-color-4)","background-image":"","background-repeat":"repeat","background-position":"center center","background-size":"auto","background-attachment":"scroll","background-type":"","background-media":"","overlay-type":"","overlay-color":"","overlay-opacity":"","overlay-gradient":""},"tablet":{"background-color":"","background-image":"","background-repeat":"repeat","background-position":"center center","background-size":"auto","background-attachment":"scroll","background-type":"","background-media":"","overlay-type":"","overlay-color":"","overlay-opacity":"","overlay-gradient":""},"mobile":{"background-color":"","background-image":"","background-repeat":"repeat","background-position":"center center","background-size":"auto","background-attachment":"scroll","background-type":"","background-media":"","overlay-type":"","overlay-color":"","overlay-opacity":"","overlay-gradient":""}},"ast-content-background-meta":{"desktop":{"background-color":"var(--ast-global-color-5)","background-image":"","background-repeat":"repeat","background-position":"center center","background-size":"auto","background-attachment":"scroll","background-type":"","background-media":"","overlay-type":"","overlay-color":"","overlay-opacity":"","overlay-gradient":""},"tablet":{"background-color":"var(--ast-global-color-5)","background-image":"","background-repeat":"repeat","background-position":"center center","background-size":"auto","background-attachment":"scroll","background-type":"","background-media":"","overlay-type":"","overlay-color":"","overlay-opacity":"","overlay-gradient":""},"mobile":{"background-color":"var(--ast-global-color-5)","background-image":"","background-repeat":"repeat","background-position":"center center","background-size":"auto","background-attachment":"scroll","background-type":"","background-media":"","overlay-type":"","overlay-color":"","overlay-opacity":"","overlay-gradient":""}},"footnotes":""},"categories":[13,1,4],"tags":[191,151,84,40,43,16,232],"class_list":["post-10672","post","type-post","status-publish","format-standard","has-post-thumbnail","hentry","category-4t","category-general","category-portada","tag-4t","tag-alumnes","tag-ciclemitja","tag-escola","tag-primaria","tag-sortides","tag-taquigrafgarriga"],"post_mailing_queue_ids":[],"_links":{"self":[{"href":"https:\/\/agora.xtec.cat\/ceip-taquigraf-garriga\/wp-json\/wp\/v2\/posts\/10672","targetHints":{"allow":["GET"]}}],"collection":[{"href":"https:\/\/agora.xtec.cat\/ceip-taquigraf-garriga\/wp-json\/wp\/v2\/posts"}],"about":[{"href":"https:\/\/agora.xtec.cat\/ceip-taquigraf-garriga\/wp-json\/wp\/v2\/types\/post"}],"author":[{"embeddable":true,"href":"https:\/\/agora.xtec.cat\/ceip-taquigraf-garriga\/wp-json\/wp\/v2\/users\/1"}],"replies":[{"embeddable":true,"href":"https:\/\/agora.xtec.cat\/ceip-taquigraf-garriga\/wp-json\/wp\/v2\/comments?post=10672"}],"version-history":[{"count":3,"href":"https:\/\/agora.xtec.cat\/ceip-taquigraf-garriga\/wp-json\/wp\/v2\/posts\/10672\/revisions"}],"predecessor-version":[{"id":10753,"href":"https:\/\/agora.xtec.cat\/ceip-taquigraf-garriga\/wp-json\/wp\/v2\/posts\/10672\/revisions\/10753"}],"wp:featuredmedia":[{"embeddable":true,"href":"https:\/\/agora.xtec.cat\/ceip-taquigraf-garriga\/wp-json\/wp\/v2\/media\/10683"}],"wp:attachment":[{"href":"https:\/\/agora.xtec.cat\/ceip-taquigraf-garriga\/wp-json\/wp\/v2\/media?parent=10672"}],"wp:term":[{"taxonomy":"category","embeddable":true,"href":"https:\/\/agora.xtec.cat\/ceip-taquigraf-garriga\/wp-json\/wp\/v2\/categories?post=10672"},{"taxonomy":"post_tag","embeddable":true,"href":"https:\/\/agora.xtec.cat\/ceip-taquigraf-garriga\/wp-json\/wp\/v2\/tags?post=10672"}],"curies":[{"name":"wp","href":"https:\/\/api.w.org\/{rel}","templated":true}]}}