{"id":10304,"date":"2018-11-13T13:04:16","date_gmt":"2018-11-13T12:04:16","guid":{"rendered":"http:\/\/agora.xtec.cat\/ceip-taquigraf-garriga\/?p=10304"},"modified":"2018-11-13T13:06:25","modified_gmt":"2018-11-13T12:06:25","slug":"viatgem-per-la-historia-del-rock","status":"publish","type":"post","link":"https:\/\/agora.xtec.cat\/ceip-taquigraf-garriga\/general\/viatgem-per-la-historia-del-rock\/","title":{"rendered":"VIATGEM PER LA HIST\u00d2RIA DEL ROCK!"},"content":{"rendered":"<h2><strong>KIDS &amp; ROCK FACTORY<\/strong><\/h2>\n<h2><strong>Els nens i nenes de 5\u00e8 viatgem per la hist\u00f2ria del Rock<\/strong><strong>!!<\/strong><\/h2>\n<p><strong>El proper <\/strong><strong>dijous 22 de novembre, els alumnes de 5\u00e8 <\/strong><strong>anirem d\u2019excursi\u00f3 a <\/strong><strong>Barcelona <\/strong><strong>per participar en un activitat emmarcada en l\u2019\u00e0rea de m\u00fasica i les ci\u00e8ncies socials.<\/strong><\/p>\n<p><strong>Anirem a l\u2019espectacle KIDS&amp;ROCK FACTORY de la companyia Kiddy musics. L\u00b4activitat tindr\u00e0 una durada de tot el dia, dinarem en un parc-jard\u00ed de Barcelona.<\/strong><\/p>\n<p><strong>Si voleu saber m\u00e9s informaci\u00f3 aqu\u00ed us deixem la web:<\/strong><\/p>\n<p><strong><a href=\"https:\/\/www.kiddymusics.com\/espectacles\/kidsrock-factory\/\">https:\/\/www.kiddymusics.com\/espectacles\/kidsrock-factory\/<\/a> <\/strong><\/p>\n<p><strong>Us explicarem una miqueta de tot el que han fet per que sigui un s\u00faper espectacle:<\/strong><\/p>\n<h4><strong>Caracter\u00edstiques de l&#8217;espectacle<\/strong><strong>:<\/strong><\/h4>\n<p><strong>Els seus espectacles es basen en la viv\u00e8ncia musical, en l\u00b4audici\u00f3 activa i participativa dels seus espectadors i tenen les seg\u00fcents caracter\u00edstiques:<\/strong><\/p>\n<ul>\n<li><strong>Espectacles sostinguts principalment en l\u00b4actuaci\u00f3 musical.<\/strong><\/li>\n<li><strong>Qualitat musical de les interpretacions, gr\u00e0cies a las col\u00b7laboraci\u00f3 de m\u00fasics de primera l\u00ednia.<\/strong><\/li>\n<li><strong>Refor\u00e7ats amb elements esc\u00e8nics i teatrals.<\/strong><\/li>\n<li><strong>Dissenyats i adaptats a edats concretes del seu p\u00fablic.<\/strong><\/li>\n<li><strong>Basats en la necessitat de cobrir objectius pedag\u00f2gics dels projectes curriculars .<\/strong><\/li>\n<li><strong>Participaci\u00f3 i proximitat.<\/strong><\/li>\n<\/ul>\n<h3><strong>\u00a0<\/strong><strong>Treball previ:<\/strong><\/h3>\n<p><strong>En tres \u00e0mbits: en conceptual, procedimental i social.<\/strong><\/p>\n<ul>\n<li><strong>Con\u00e8ixer de maner pr\u00e8via el desenvolupament de l\u2019expectativa.<\/strong><\/li>\n<li><strong>Proposar treballs que ajudaran a la millor comprensi\u00f3 dels continguts.<\/strong><\/li>\n<li><strong>Parlar a l\u00b4aula sobre l\u00b4actitud correcte davant d\u00b4una audici\u00f3 (la participaci\u00f3, el silenci, l\u00b4atenci\u00f3, no aixecar-se a mitja actuaci\u00f3, no menjar, no c\u00f3rrer pels passadissos, estar ben assegut&#8230;)<\/strong><\/li>\n<\/ul>\n<h3><strong>Treball posterior:<\/strong><\/h3>\n<p><strong>Un cop vist l\u00b4espectacle:<\/strong><\/p>\n<ul>\n<li><strong>S\u00edntesi i refor\u00e7 dels continguts de l\u00b4espectacle. <\/strong><\/li>\n<li><strong>Propostes de treball que consolidin els continguts.<\/strong><\/li>\n<li><strong>Valoraci\u00f3 sobre el comportament dels infants a l\u00b4espectacle.<\/strong><\/li>\n<\/ul>\n<h3><strong>\u00a0<\/strong><strong>Continguts did\u00e0ctics: un pas per la hist\u00f2ria del rock and roll!<\/strong><\/h3>\n<ul>\n<li><strong>La historia del ROCK&amp;ROLL per d\u00e8cades:<\/strong><\/li>\n<li><strong>Anys 50\u00b4s \u2013Naixement del rock-Protagonista \u00b4\u00b4Elvis Presley\u00b4\u00b4<\/strong><\/li>\n<li><strong>Anys 60\u00b4s-Primera Metamorfosi-Protagonista a \u00b4\u00b4The Beatles\u00b4\u00b4<\/strong><\/li>\n<li><strong>Anys 70\u2019s &#8211; \u00b4\u00b4El somni s\u2019 acabat\u00b4\u00b4- Protagonista \u00b4\u00b4Queen\u00b4\u00b4<\/strong><\/li>\n<li><strong>Anys 80\u2019s \u2013Arriba el relleu- Protagonista \u00b4\u00b4The Police\u00b4\u00b4<\/strong><\/li>\n<li><strong>Anys 90\u00b4s-Entre el cel i l\u00b4infern \u2013Protagonista \u00b4\u00b4Nirvana\u00b4\u00b4<\/strong><\/li>\n<li><strong>Anys 2000-El Rock retorna- Protagonista \u00b4\u00b4Bruno Mars\u00b4\u00b4<\/strong><\/li>\n<li><strong>Els instruments de les de les bandes de Rock.<\/strong><\/li>\n<li><strong>El Rock i la seva relaci\u00f3 amb la m\u00fasica d\u2019altres cultures.<\/strong><\/li>\n<\/ul>\n<h4><strong>\u00a0<\/strong><strong>A<\/strong><strong>qu\u00ed us deixem la setlist de l\u2019espectacle! Segur que us sonen molt<a href=\"https:\/\/agora.xtec.cat\/ceip-taquigraf-garriga\/wp-content\/uploads\/usu853\/2018\/11\/kiddsrock.jpg\"><img loading=\"lazy\" decoding=\"async\" class=\"wp-image-10305 alignright\" src=\"https:\/\/agora.xtec.cat\/ceip-taquigraf-garriga\/wp-content\/uploads\/usu853\/2018\/11\/kiddsrock-710x1024.jpg\" alt=\"\" width=\"300\" height=\"433\" \/><\/a>es d\u2019aquestes can\u00e7ons!<\/strong><\/h4>\n<ol>\n<li><strong>Blue suede shoes &#8211; Elvis<\/strong><\/li>\n<li><strong>Satisfaction \u2013 Rolling Stones<\/strong><\/li>\n<li><strong>I sawher<\/strong><strong>standing there \u2013 Beatles<\/strong><\/li>\n<li><strong>I <\/strong><strong>shot the sheriff \u2013 Clapton<\/strong><\/li>\n<li><strong>I want to break free \u2013 Queen<\/strong><\/li>\n<li><strong>Superstiton &#8211; Stivie Wonder<\/strong><\/li>\n<li><strong>Kiss &#8211; Prince <\/strong><\/li>\n<li><strong>Billy Jean \u2013 Michael Jackson<\/strong><\/li>\n<li><strong>So lonely \u2013 Police<\/strong><\/li>\n<li><strong>Sultans of swing \u2013 Dire Straits<\/strong><\/li>\n<li><strong>Walking on sunshine \u2013 Katrina &amp; The WAVES<\/strong><\/li>\n<li><strong>THIS LOVE \u2013 MAROON 5<\/strong><\/li>\n<li><strong>LOCKED OUT \u2013 BRUNO MARS<\/strong><\/li>\n<li><strong>Miami Beach &#8211; Lax\u00b4n\u00b4Busto<\/strong><\/li>\n<\/ol>\n<p>Quan tornem de l&#8217;excursi\u00f3 us en farem un resum molt extens perqu\u00e8 us pugueu fer una idea!<\/p>\n<p>Que comenci el ROCK&amp;ROLL!<\/p>\n","protected":false},"excerpt":{"rendered":"<p>Reportatge KiddsFactory<\/p>\n","protected":false},"author":1,"featured_media":10305,"comment_status":"open","ping_status":"closed","sticky":false,"template":"","format":"standard","meta":{"_bbp_topic_count":0,"_bbp_reply_count":0,"_bbp_total_topic_count":0,"_bbp_total_reply_count":0,"_bbp_voice_count":0,"_bbp_anonymous_reply_count":0,"_bbp_topic_count_hidden":0,"_bbp_reply_count_hidden":0,"_bbp_forum_subforum_count":0,"site-sidebar-layout":"default","site-content-layout":"","ast-site-content-layout":"","site-content-style":"default","site-sidebar-style":"default","ast-global-header-display":"","ast-banner-title-visibility":"","ast-main-header-display":"","ast-hfb-above-header-display":"","ast-hfb-below-header-display":"","ast-hfb-mobile-header-display":"","site-post-title":"","ast-breadcrumbs-content":"","ast-featured-img":"","footer-sml-layout":"","theme-transparent-header-meta":"","adv-header-id-meta":"","stick-header-meta":"","header-above-stick-meta":"","header-main-stick-meta":"","header-below-stick-meta":"","astra-migrate-meta-layouts":"default","ast-page-background-enabled":"default","ast-page-background-meta":{"desktop":{"background-color":"var(--ast-global-color-4)","background-image":"","background-repeat":"repeat","background-position":"center center","background-size":"auto","background-attachment":"scroll","background-type":"","background-media":"","overlay-type":"","overlay-color":"","overlay-opacity":"","overlay-gradient":""},"tablet":{"background-color":"","background-image":"","background-repeat":"repeat","background-position":"center center","background-size":"auto","background-attachment":"scroll","background-type":"","background-media":"","overlay-type":"","overlay-color":"","overlay-opacity":"","overlay-gradient":""},"mobile":{"background-color":"","background-image":"","background-repeat":"repeat","background-position":"center center","background-size":"auto","background-attachment":"scroll","background-type":"","background-media":"","overlay-type":"","overlay-color":"","overlay-opacity":"","overlay-gradient":""}},"ast-content-background-meta":{"desktop":{"background-color":"var(--ast-global-color-5)","background-image":"","background-repeat":"repeat","background-position":"center center","background-size":"auto","background-attachment":"scroll","background-type":"","background-media":"","overlay-type":"","overlay-color":"","overlay-opacity":"","overlay-gradient":""},"tablet":{"background-color":"var(--ast-global-color-5)","background-image":"","background-repeat":"repeat","background-position":"center center","background-size":"auto","background-attachment":"scroll","background-type":"","background-media":"","overlay-type":"","overlay-color":"","overlay-opacity":"","overlay-gradient":""},"mobile":{"background-color":"var(--ast-global-color-5)","background-image":"","background-repeat":"repeat","background-position":"center center","background-size":"auto","background-attachment":"scroll","background-type":"","background-media":"","overlay-type":"","overlay-color":"","overlay-opacity":"","overlay-gradient":""}},"footnotes":""},"categories":[14,1,55,4],"tags":[217,216,220,215,214,219,218],"class_list":["post-10304","post","type-post","status-publish","format-standard","has-post-thumbnail","hentry","category-5e","category-general","category-musica","category-portada","tag-barcelona","tag-excursio","tag-musica","tag-periodistes-5e","tag-reportatge","tag-rock","tag-rockandroll"],"post_mailing_queue_ids":[],"_links":{"self":[{"href":"https:\/\/agora.xtec.cat\/ceip-taquigraf-garriga\/wp-json\/wp\/v2\/posts\/10304","targetHints":{"allow":["GET"]}}],"collection":[{"href":"https:\/\/agora.xtec.cat\/ceip-taquigraf-garriga\/wp-json\/wp\/v2\/posts"}],"about":[{"href":"https:\/\/agora.xtec.cat\/ceip-taquigraf-garriga\/wp-json\/wp\/v2\/types\/post"}],"author":[{"embeddable":true,"href":"https:\/\/agora.xtec.cat\/ceip-taquigraf-garriga\/wp-json\/wp\/v2\/users\/1"}],"replies":[{"embeddable":true,"href":"https:\/\/agora.xtec.cat\/ceip-taquigraf-garriga\/wp-json\/wp\/v2\/comments?post=10304"}],"version-history":[{"count":1,"href":"https:\/\/agora.xtec.cat\/ceip-taquigraf-garriga\/wp-json\/wp\/v2\/posts\/10304\/revisions"}],"predecessor-version":[{"id":10306,"href":"https:\/\/agora.xtec.cat\/ceip-taquigraf-garriga\/wp-json\/wp\/v2\/posts\/10304\/revisions\/10306"}],"wp:featuredmedia":[{"embeddable":true,"href":"https:\/\/agora.xtec.cat\/ceip-taquigraf-garriga\/wp-json\/wp\/v2\/media\/10305"}],"wp:attachment":[{"href":"https:\/\/agora.xtec.cat\/ceip-taquigraf-garriga\/wp-json\/wp\/v2\/media?parent=10304"}],"wp:term":[{"taxonomy":"category","embeddable":true,"href":"https:\/\/agora.xtec.cat\/ceip-taquigraf-garriga\/wp-json\/wp\/v2\/categories?post=10304"},{"taxonomy":"post_tag","embeddable":true,"href":"https:\/\/agora.xtec.cat\/ceip-taquigraf-garriga\/wp-json\/wp\/v2\/tags?post=10304"}],"curies":[{"name":"wp","href":"https:\/\/api.w.org\/{rel}","templated":true}]}}