{"id":10160,"date":"2018-11-05T15:25:24","date_gmt":"2018-11-05T14:25:24","guid":{"rendered":"http:\/\/agora.xtec.cat\/ceip-taquigraf-garriga\/?p=10160"},"modified":"2018-11-26T08:55:00","modified_gmt":"2018-11-26T07:55:00","slug":"eleccions-al-consell-escolar","status":"publish","type":"post","link":"https:\/\/agora.xtec.cat\/ceip-taquigraf-garriga\/portada\/eleccions-al-consell-escolar\/","title":{"rendered":"ELECCIONS AL CONSELL ESCOLAR"},"content":{"rendered":"<p>Benvolgudes fam\u00edlies,<\/p>\n<p>avui 5 de novembre es convoquen les eleccions al Consell Escolar del nostre centre. En aquesta ocasi\u00f3 cal renovar els seg\u00fcents membres:<\/p>\n<ul>\n<li>Sector fam\u00edlies: 3 membres.<\/li>\n<li>Sector mestres: 3 membres.<\/li>\n<\/ul>\n<p>Igualment cal que tant l&#8217;AMPA com l&#8217;Ajuntament designin els seus o seves representants.<\/p>\n<p>En aquests arxius trobareu informaci\u00f3 important sobre el proc\u00e9s i sobre les funcions dels representants electes al Consell Escolar.<\/p>\n<ul>\n<li><a href=\"https:\/\/drive.google.com\/file\/d\/1JH5Fx3N-jXk_S4cqj8vHTyCO9fx_zb-j\/view?usp=sharing\">Informaci\u00f3 per les fam\u00edlies.<\/a><\/li>\n<li><a href=\"https:\/\/drive.google.com\/file\/d\/1IiEkIQVgFxPhhJvuCuyWPetYV3keGRZr\/view?usp=sharing\">Orientacions<\/a>.<\/li>\n<li><a href=\"https:\/\/drive.google.com\/file\/d\/1zcGR2iHqOC53RYNB_VKTs8nAfKSUuatn\/view?usp=sharing\">Funcions.<\/a><\/li>\n<\/ul>\n<p>A continuaci\u00f3 us adjuntem el calendari previst:<\/p>\n<table width=\"0\">\n<tbody>\n<tr>\n<td width=\"123\"><strong>Renovaci\u00f3 Parcial<\/strong><\/td>\n<td width=\"510\"><strong>CALENDARI<\/strong><\/td>\n<\/tr>\n<tr>\n<td rowspan=\"2\" width=\"123\"><strong>5\/XI<\/strong><\/td>\n<td width=\"510\"><strong>El\/la director\/a convoca les eleccions (dies, hores de votaci\u00f3 i lloc)<\/strong><\/p>\n<p><strong>\u00a0<\/strong><\/td>\n<\/tr>\n<tr>\n<td width=\"510\"><strong>Publicaci\u00f3 del cens electoral\u00a0 provisional de cada sector.<\/strong><\/p>\n<p><strong>Publicaci\u00f3 del nombre de representants de cada sector que s\u2019han de renovar.<\/strong><\/td>\n<\/tr>\n<tr>\n<td width=\"123\">5-6-7\/XI<\/td>\n<td width=\"510\">Reclamacions al cens electoral.<\/td>\n<\/tr>\n<tr>\n<td width=\"123\">8\/XI<\/td>\n<td width=\"510\">SORTEIG per tal de designar els membres vocals de les meses Electorals<\/td>\n<\/tr>\n<tr>\n<td width=\"123\">12\/XI<\/td>\n<td width=\"510\">Constituci\u00f3 de les meses electorals.<\/p>\n<p>Resoluci\u00f3 de les reclamacions i aprovaci\u00f3 del cens definitiu<\/td>\n<\/tr>\n<tr>\n<td width=\"123\"><strong>13\/XI<\/strong><\/td>\n<td width=\"510\"><strong>Publicaci\u00f3 del cens definitiu<\/strong><\/td>\n<\/tr>\n<tr>\n<td width=\"123\"><strong>Fins el 16\/XI<\/strong><\/td>\n<td width=\"510\"><strong>Presentaci\u00f3 candidatures.<\/strong><\/td>\n<\/tr>\n<tr>\n<td width=\"123\"><strong>19\/XI<\/strong><\/td>\n<td width=\"510\"><strong>Publicaci\u00f3 candidatures.<\/strong><\/td>\n<\/tr>\n<tr>\n<td width=\"123\">Fins el 21\/XI<\/td>\n<td width=\"510\">Els candidats poden donar a con\u00e8ixer les seves propostes.<\/td>\n<\/tr>\n<tr>\n<td width=\"123\"><strong>22\/XI<\/strong><\/td>\n<td width=\"510\"><strong>Elecci\u00f3 de professors<\/strong><\/td>\n<\/tr>\n<tr>\n<td width=\"123\"><strong>23\/XI<\/strong><\/td>\n<td width=\"510\"><strong>Elecci\u00f3 pares i mares.<\/strong><\/td>\n<\/tr>\n<tr>\n<td width=\"123\">&nbsp;<\/p>\n<p>Fins el 30\/XI<\/td>\n<td width=\"510\">Notificaci\u00f3 del representant de l&#8217;Ajuntament i de l\u2019AMPA<\/td>\n<\/tr>\n<tr>\n<td width=\"123\">Abans del 21\/XII<\/td>\n<td width=\"510\">Constituci\u00f3 del Consell Escolar resultant.<\/td>\n<\/tr>\n<tr>\n<td width=\"123\">M\u00e0xim 30 dies, des de la constituci\u00f3 del Consell Escolar resultant<\/td>\n<td width=\"510\">Constituci\u00f3 de les comissions previstes al Decret 102\/2010 de 3 d\u2019agost, d\u2019autonomia dels centres educatius, i en les normes d\u2019organitzaci\u00f3 i funcionament del centre.<\/p>\n<p>&nbsp;<\/td>\n<\/tr>\n<tr>\n<td width=\"123\">&nbsp;<\/p>\n<p>Fins el 21\/XII<\/td>\n<td width=\"510\">&nbsp;<\/p>\n<p>La direcci\u00f3 del centre p\u00fablic i la titularitat del centre privat concertat ha de trametre als Serveis Territorials c\u00f2pia autenticada de l\u2019acta de constituci\u00f3 del consell escolar resultant dels proc\u00e9s electoral, i informar de les dades de participaci\u00f3 electoral, en un termini no m\u00e9s enll\u00e0 de l\u2019\u00faltim dia lectiu del m\u00e9s de desembre.<\/td>\n<\/tr>\n<\/tbody>\n<\/table>\n","protected":false},"excerpt":{"rendered":"<p>Benvolgudes fam\u00edlies, avui 5 de novembre es convoquen les eleccions al Consell Escolar del nostre centre. En aquesta ocasi\u00f3 cal renovar els seg\u00fcents membres: Sector fam\u00edlies: 3 membres. Sector mestres: 3 membres. Igualment cal que tant l&#8217;AMPA com l&#8217;Ajuntament designin els seus o seves representants. En aquests arxius trobareu informaci\u00f3 important sobre el proc\u00e9s i [&hellip;]<\/p>\n","protected":false},"author":4,"featured_media":0,"comment_status":"open","ping_status":"closed","sticky":false,"template":"","format":"standard","meta":{"_bbp_topic_count":0,"_bbp_reply_count":0,"_bbp_total_topic_count":0,"_bbp_total_reply_count":0,"_bbp_voice_count":0,"_bbp_anonymous_reply_count":0,"_bbp_topic_count_hidden":0,"_bbp_reply_count_hidden":0,"_bbp_forum_subforum_count":0,"site-sidebar-layout":"default","site-content-layout":"","ast-site-content-layout":"","site-content-style":"default","site-sidebar-style":"default","ast-global-header-display":"","ast-banner-title-visibility":"","ast-main-header-display":"","ast-hfb-above-header-display":"","ast-hfb-below-header-display":"","ast-hfb-mobile-header-display":"","site-post-title":"","ast-breadcrumbs-content":"","ast-featured-img":"","footer-sml-layout":"","theme-transparent-header-meta":"","adv-header-id-meta":"","stick-header-meta":"","header-above-stick-meta":"","header-main-stick-meta":"","header-below-stick-meta":"","astra-migrate-meta-layouts":"default","ast-page-background-enabled":"default","ast-page-background-meta":{"desktop":{"background-color":"var(--ast-global-color-4)","background-image":"","background-repeat":"repeat","background-position":"center center","background-size":"auto","background-attachment":"scroll","background-type":"","background-media":"","overlay-type":"","overlay-color":"","overlay-opacity":"","overlay-gradient":""},"tablet":{"background-color":"","background-image":"","background-repeat":"repeat","background-position":"center center","background-size":"auto","background-attachment":"scroll","background-type":"","background-media":"","overlay-type":"","overlay-color":"","overlay-opacity":"","overlay-gradient":""},"mobile":{"background-color":"","background-image":"","background-repeat":"repeat","background-position":"center center","background-size":"auto","background-attachment":"scroll","background-type":"","background-media":"","overlay-type":"","overlay-color":"","overlay-opacity":"","overlay-gradient":""}},"ast-content-background-meta":{"desktop":{"background-color":"var(--ast-global-color-5)","background-image":"","background-repeat":"repeat","background-position":"center center","background-size":"auto","background-attachment":"scroll","background-type":"","background-media":"","overlay-type":"","overlay-color":"","overlay-opacity":"","overlay-gradient":""},"tablet":{"background-color":"var(--ast-global-color-5)","background-image":"","background-repeat":"repeat","background-position":"center center","background-size":"auto","background-attachment":"scroll","background-type":"","background-media":"","overlay-type":"","overlay-color":"","overlay-opacity":"","overlay-gradient":""},"mobile":{"background-color":"var(--ast-global-color-5)","background-image":"","background-repeat":"repeat","background-position":"center center","background-size":"auto","background-attachment":"scroll","background-type":"","background-media":"","overlay-type":"","overlay-color":"","overlay-opacity":"","overlay-gradient":""}},"footnotes":""},"categories":[4],"tags":[66,94,207],"class_list":["post-10160","post","type-post","status-publish","format-standard","hentry","category-portada","tag-consell-escolar","tag-families","tag-participacio"],"post_mailing_queue_ids":[],"_links":{"self":[{"href":"https:\/\/agora.xtec.cat\/ceip-taquigraf-garriga\/wp-json\/wp\/v2\/posts\/10160","targetHints":{"allow":["GET"]}}],"collection":[{"href":"https:\/\/agora.xtec.cat\/ceip-taquigraf-garriga\/wp-json\/wp\/v2\/posts"}],"about":[{"href":"https:\/\/agora.xtec.cat\/ceip-taquigraf-garriga\/wp-json\/wp\/v2\/types\/post"}],"author":[{"embeddable":true,"href":"https:\/\/agora.xtec.cat\/ceip-taquigraf-garriga\/wp-json\/wp\/v2\/users\/4"}],"replies":[{"embeddable":true,"href":"https:\/\/agora.xtec.cat\/ceip-taquigraf-garriga\/wp-json\/wp\/v2\/comments?post=10160"}],"version-history":[{"count":2,"href":"https:\/\/agora.xtec.cat\/ceip-taquigraf-garriga\/wp-json\/wp\/v2\/posts\/10160\/revisions"}],"predecessor-version":[{"id":10257,"href":"https:\/\/agora.xtec.cat\/ceip-taquigraf-garriga\/wp-json\/wp\/v2\/posts\/10160\/revisions\/10257"}],"wp:attachment":[{"href":"https:\/\/agora.xtec.cat\/ceip-taquigraf-garriga\/wp-json\/wp\/v2\/media?parent=10160"}],"wp:term":[{"taxonomy":"category","embeddable":true,"href":"https:\/\/agora.xtec.cat\/ceip-taquigraf-garriga\/wp-json\/wp\/v2\/categories?post=10160"},{"taxonomy":"post_tag","embeddable":true,"href":"https:\/\/agora.xtec.cat\/ceip-taquigraf-garriga\/wp-json\/wp\/v2\/tags?post=10160"}],"curies":[{"name":"wp","href":"https:\/\/api.w.org\/{rel}","templated":true}]}}