{"id":10061,"date":"2018-10-30T12:55:49","date_gmt":"2018-10-30T11:55:49","guid":{"rendered":"http:\/\/agora.xtec.cat\/ceip-taquigraf-garriga\/?p=10061"},"modified":"2018-10-30T12:55:54","modified_gmt":"2018-10-30T11:55:54","slug":"els-taquinoms-a-les-taquiclasses","status":"publish","type":"post","link":"https:\/\/agora.xtec.cat\/ceip-taquigraf-garriga\/general\/els-taquinoms-a-les-taquiclasses\/","title":{"rendered":"ELS TAQUINOMS A LES TAQUICLASSES!"},"content":{"rendered":"<h4>Tots els noms de les classes d\u2019aquest any tenen una part en com\u00fa, que en tots els noms porten el nom de la mascota \u201ctaqui\u201d. El motiu d\u2019 aquesta nomenclatura \u00e9s al 40\u00e8 aniversari de l\u2019escola.<\/h4>\n<p>A <strong>educaci\u00f3 infantil<\/strong> tenen aquests noms:<\/p>\n<ul>\n<li>P3 A i B es diuen Els TAQUIMINIS.<\/li>\n<li>P4A Els TAQUIARTISTES.<\/li>\n<li>P4B Els TAQUIVALENTS<\/li>\n<li>P5 Els TAQUIFOR\u00c7UTS<\/li>\n<\/ul>\n<p>Pel que fa el <strong>cicle inicial<\/strong> han triat aquests noms:<\/p>\n<ul>\n<li>1r A Els TAQUIESPORTISTES<\/li>\n<li>1rB Els TAQUIBROMISTES<\/li>\n<li>2nA Els TAQUI\u00daNICS<\/li>\n<li>2nB Els TAQUIFESTERS<\/li>\n<\/ul>\n<p>A <strong>cicle mitj\u00e0<\/strong> van escollir els seg\u00fcents:<\/p>\n<ul>\n<li>3rA Els TAQUIAVENTURERS<\/li>\n<li>3rB Els TAQUITREBALLADOS<\/li>\n<li>4tA Els TAQUIM\u00c0TICS<\/li>\n<li>4tB Els TAQUIDIVERTITS<\/li>\n<\/ul>\n<p>I finalment a <strong>cicle superior<\/strong> trobem:<\/p>\n<ul>\n<li>5\u00e8 A Els TAQUIMONSTRES<\/li>\n<li>5\u00e8 B Els SUPERTAQUI<\/li>\n<li>6\u00e8 A Els TAQUIGUAYS<\/li>\n<li>6\u00e8 B Els TAQUI CRAKS<\/li>\n<li>Somnis TAQUISOMNIS<\/li>\n<\/ul>\n<p>Cada classe va donar l\u2019oportunitat d\u2019inventar-se un nom a cada alumne i despr\u00e9s votar-ne un que els represent\u00e9s el nom que volien. Finalment el professorat va mirar que cada classe tingu\u00e9s un nom no repetit!<\/p>\n<p>El seg\u00fcent pas que anirem fent ser\u00e0 crear les portes de les classes amb el disseny de la disfressa de la mascota! Ben aviat les podreu veure!<\/p>\n","protected":false},"excerpt":{"rendered":"<p>Tots els noms de les classes d\u2019aquest any tenen una part en com\u00fa, que en tots els noms porten el nom de la mascota \u201ctaqui\u201d. El motiu d\u2019 aquesta nomenclatura \u00e9s al 40\u00e8 aniversari de l\u2019escola. A educaci\u00f3 infantil tenen aquests noms: P3 A i B es diuen Els TAQUIMINIS. P4A Els TAQUIARTISTES. P4B Els [&hellip;]<\/p>\n","protected":false},"author":1,"featured_media":9538,"comment_status":"open","ping_status":"closed","sticky":false,"template":"","format":"standard","meta":{"_bbp_topic_count":0,"_bbp_reply_count":0,"_bbp_total_topic_count":0,"_bbp_total_reply_count":0,"_bbp_voice_count":0,"_bbp_anonymous_reply_count":0,"_bbp_topic_count_hidden":0,"_bbp_reply_count_hidden":0,"_bbp_forum_subforum_count":0,"site-sidebar-layout":"default","site-content-layout":"","ast-site-content-layout":"","site-content-style":"default","site-sidebar-style":"default","ast-global-header-display":"","ast-banner-title-visibility":"","ast-main-header-display":"","ast-hfb-above-header-display":"","ast-hfb-below-header-display":"","ast-hfb-mobile-header-display":"","site-post-title":"","ast-breadcrumbs-content":"","ast-featured-img":"","footer-sml-layout":"","theme-transparent-header-meta":"","adv-header-id-meta":"","stick-header-meta":"","header-above-stick-meta":"","header-main-stick-meta":"","header-below-stick-meta":"","astra-migrate-meta-layouts":"default","ast-page-background-enabled":"default","ast-page-background-meta":{"desktop":{"background-color":"var(--ast-global-color-4)","background-image":"","background-repeat":"repeat","background-position":"center center","background-size":"auto","background-attachment":"scroll","background-type":"","background-media":"","overlay-type":"","overlay-color":"","overlay-opacity":"","overlay-gradient":""},"tablet":{"background-color":"","background-image":"","background-repeat":"repeat","background-position":"center center","background-size":"auto","background-attachment":"scroll","background-type":"","background-media":"","overlay-type":"","overlay-color":"","overlay-opacity":"","overlay-gradient":""},"mobile":{"background-color":"","background-image":"","background-repeat":"repeat","background-position":"center center","background-size":"auto","background-attachment":"scroll","background-type":"","background-media":"","overlay-type":"","overlay-color":"","overlay-opacity":"","overlay-gradient":""}},"ast-content-background-meta":{"desktop":{"background-color":"var(--ast-global-color-5)","background-image":"","background-repeat":"repeat","background-position":"center center","background-size":"auto","background-attachment":"scroll","background-type":"","background-media":"","overlay-type":"","overlay-color":"","overlay-opacity":"","overlay-gradient":""},"tablet":{"background-color":"var(--ast-global-color-5)","background-image":"","background-repeat":"repeat","background-position":"center center","background-size":"auto","background-attachment":"scroll","background-type":"","background-media":"","overlay-type":"","overlay-color":"","overlay-opacity":"","overlay-gradient":""},"mobile":{"background-color":"var(--ast-global-color-5)","background-image":"","background-repeat":"repeat","background-position":"center center","background-size":"auto","background-attachment":"scroll","background-type":"","background-media":"","overlay-type":"","overlay-color":"","overlay-opacity":"","overlay-gradient":""}},"footnotes":""},"categories":[10,11,12,13,14,142,58,1,3,8,9,196,2,4],"tags":[],"class_list":["post-10061","post","type-post","status-publish","format-standard","has-post-thumbnail","hentry","category-1r","category-2n","category-3r","category-4t","category-5e","category-6e-primaria","category-clase-dels-somnis","category-general","category-i3","category-i4","category-i5","category-mitjans","category-petits","category-portada"],"post_mailing_queue_ids":[],"_links":{"self":[{"href":"https:\/\/agora.xtec.cat\/ceip-taquigraf-garriga\/wp-json\/wp\/v2\/posts\/10061","targetHints":{"allow":["GET"]}}],"collection":[{"href":"https:\/\/agora.xtec.cat\/ceip-taquigraf-garriga\/wp-json\/wp\/v2\/posts"}],"about":[{"href":"https:\/\/agora.xtec.cat\/ceip-taquigraf-garriga\/wp-json\/wp\/v2\/types\/post"}],"author":[{"embeddable":true,"href":"https:\/\/agora.xtec.cat\/ceip-taquigraf-garriga\/wp-json\/wp\/v2\/users\/1"}],"replies":[{"embeddable":true,"href":"https:\/\/agora.xtec.cat\/ceip-taquigraf-garriga\/wp-json\/wp\/v2\/comments?post=10061"}],"version-history":[{"count":3,"href":"https:\/\/agora.xtec.cat\/ceip-taquigraf-garriga\/wp-json\/wp\/v2\/posts\/10061\/revisions"}],"predecessor-version":[{"id":10064,"href":"https:\/\/agora.xtec.cat\/ceip-taquigraf-garriga\/wp-json\/wp\/v2\/posts\/10061\/revisions\/10064"}],"wp:featuredmedia":[{"embeddable":true,"href":"https:\/\/agora.xtec.cat\/ceip-taquigraf-garriga\/wp-json\/wp\/v2\/media\/9538"}],"wp:attachment":[{"href":"https:\/\/agora.xtec.cat\/ceip-taquigraf-garriga\/wp-json\/wp\/v2\/media?parent=10061"}],"wp:term":[{"taxonomy":"category","embeddable":true,"href":"https:\/\/agora.xtec.cat\/ceip-taquigraf-garriga\/wp-json\/wp\/v2\/categories?post=10061"},{"taxonomy":"post_tag","embeddable":true,"href":"https:\/\/agora.xtec.cat\/ceip-taquigraf-garriga\/wp-json\/wp\/v2\/tags?post=10061"}],"curies":[{"name":"wp","href":"https:\/\/api.w.org\/{rel}","templated":true}]}}