{"id":2794,"date":"2026-04-28T13:58:55","date_gmt":"2026-04-28T11:58:55","guid":{"rendered":"https:\/\/agora.xtec.cat\/ceip-splai\/?p=2794"},"modified":"2026-04-28T13:58:55","modified_gmt":"2026-04-28T11:58:55","slug":"numero-de-desempat-de-preinscripcio-2026-27-42-129","status":"publish","type":"post","link":"https:\/\/agora.xtec.cat\/ceip-splai\/general\/numero-de-desempat-de-preinscripcio-2026-27-42-129\/","title":{"rendered":"N\u00famero de Desempat de Preinscripci\u00f3 2026-27: 42.129 !!!"},"content":{"rendered":"<p>El\u00a0<strong>42129\u00a0<\/strong>\u00e9s el\u00a0<strong>n\u00famero de desempat<\/strong>\u00a0de la\u00a0<a href=\"https:\/\/beteve.cat\/societat\/preinscripcio-escolar-2026-2027-catalunya-dates-educacio-infantil-primaria-eso-batxillerat-fp\/\" data-type=\"link\" data-id=\"https:\/\/beteve.cat\/societat\/preinscripcio-escolar-2026-2027-catalunya-dates-educacio-infantil-primaria-eso-batxillerat-fp\/\">preinscripci\u00f3 escolar 2026-27<\/a>\u00a0a escoles i instituts de tot Catalunya. Aquest n\u00famero \u00e9s el que marca l\u2019ordre de l\u2019assignaci\u00f3 de places a\u00a0<strong>educaci\u00f3 infantil, prim\u00e0ria\u00a0<\/strong>i tamb\u00e9 a l<strong>\u2018ESO<\/strong>. El sorteig s\u2019ha celebrat aquest dimarts, 28 d\u2019abril, a les 11 h a porta tancada al Departament d\u2019Educaci\u00f3.<\/p>\n<p>Aquest sorteig \u00e9s clau en el proc\u00e9s, ja que acaba definint quins alumnes obtenen la pla\u00e7a a l\u2019escola o institut desitjat en cas que hi hagi empat de punts.<\/p>\n<p>Un cop publicat el n\u00famero de desempat, les pr\u00f2ximes dates clau de la preinscripci\u00f3 d\u2019infantil i prim\u00e0ria s\u00f3n les seg\u00fcents:<\/p>\n<ul class=\"wp-block-list\">\n<li>Publicaci\u00f3 de la\u00a0<strong>llista ordenada de sol\u00b7licituds<\/strong>:\u00a029 d\u2019abril.<\/li>\n<li><strong>Ampliaci\u00f3 de peticions<\/strong>\u00a0per a<strong>\u00a0alumnes sense pla\u00e7a<\/strong>\u00a0assignada a cap centre: de l\u2019<strong>1 al 3 de juny<\/strong>.<\/li>\n<li><strong>Llista d\u2019alumnes amb pla\u00e7a assignada: 10 de juny<\/strong>.<\/li>\n<li><strong>Matr\u00edcula<\/strong>: del\u00a0<strong>22 al 30 de juny<\/strong>\u00a0del 2026. Es far\u00e0 presencialment als centres escollits i aportant la documentaci\u00f3 necess\u00e0ria.<\/li>\n<\/ul>\n","protected":false},"excerpt":{"rendered":"<p>El\u00a042129\u00a0\u00e9s el\u00a0n\u00famero de desempat\u00a0de la\u00a0preinscripci\u00f3 escolar 2026-27\u00a0a escoles i instituts de tot Catalunya. Aquest n\u00famero \u00e9s el que marca l\u2019ordre de l\u2019assignaci\u00f3 de places a\u00a0educaci\u00f3 infantil, prim\u00e0ria\u00a0i tamb\u00e9 a l\u2018ESO. El sorteig s\u2019ha celebrat aquest dimarts, 28 d\u2019abril, a les 11 h a porta tancada al Departament d\u2019Educaci\u00f3. Aquest sorteig \u00e9s clau en el proc\u00e9s, [&hellip;]<\/p>\n","protected":false},"author":3,"featured_media":0,"comment_status":"open","ping_status":"open","sticky":false,"template":"","format":"standard","meta":{"_bbp_topic_count":0,"_bbp_reply_count":0,"_bbp_total_topic_count":0,"_bbp_total_reply_count":0,"_bbp_voice_count":0,"_bbp_anonymous_reply_count":0,"_bbp_topic_count_hidden":0,"_bbp_reply_count_hidden":0,"_bbp_forum_subforum_count":0,"site-sidebar-layout":"default","site-content-layout":"","ast-site-content-layout":"default","site-content-style":"default","site-sidebar-style":"default","ast-global-header-display":"","ast-banner-title-visibility":"","ast-main-header-display":"","ast-hfb-above-header-display":"","ast-hfb-below-header-display":"","ast-hfb-mobile-header-display":"","site-post-title":"","ast-breadcrumbs-content":"","ast-featured-img":"","footer-sml-layout":"","theme-transparent-header-meta":"default","adv-header-id-meta":"","stick-header-meta":"","header-above-stick-meta":"","header-main-stick-meta":"","header-below-stick-meta":"","astra-migrate-meta-layouts":"set","ast-page-background-enabled":"default","ast-page-background-meta":{"desktop":{"background-color":"var(--ast-global-color-4)","background-image":"","background-repeat":"repeat","background-position":"center center","background-size":"auto","background-attachment":"scroll","background-type":"","background-media":"","overlay-type":"","overlay-color":"","overlay-opacity":"","overlay-gradient":""},"tablet":{"background-color":"","background-image":"","background-repeat":"repeat","background-position":"center center","background-size":"auto","background-attachment":"scroll","background-type":"","background-media":"","overlay-type":"","overlay-color":"","overlay-opacity":"","overlay-gradient":""},"mobile":{"background-color":"","background-image":"","background-repeat":"repeat","background-position":"center center","background-size":"auto","background-attachment":"scroll","background-type":"","background-media":"","overlay-type":"","overlay-color":"","overlay-opacity":"","overlay-gradient":""}},"ast-content-background-meta":{"desktop":{"background-color":"var(--ast-global-color-5)","background-image":"","background-repeat":"repeat","background-position":"center center","background-size":"auto","background-attachment":"scroll","background-type":"","background-media":"","overlay-type":"","overlay-color":"","overlay-opacity":"","overlay-gradient":""},"tablet":{"background-color":"var(--ast-global-color-5)","background-image":"","background-repeat":"repeat","background-position":"center center","background-size":"auto","background-attachment":"scroll","background-type":"","background-media":"","overlay-type":"","overlay-color":"","overlay-opacity":"","overlay-gradient":""},"mobile":{"background-color":"var(--ast-global-color-5)","background-image":"","background-repeat":"repeat","background-position":"center center","background-size":"auto","background-attachment":"scroll","background-type":"","background-media":"","overlay-type":"","overlay-color":"","overlay-opacity":"","overlay-gradient":""}},"footnotes":""},"categories":[10,11,12,13,14,15,1,4,5],"tags":[],"class_list":["post-2794","post","type-post","status-publish","format-standard","hentry","category-1r","category-2n","category-3r","category-4t","category-5e","category-6e","category-general","category-portada","category-primaria"],"post_mailing_queue_ids":[],"_links":{"self":[{"href":"https:\/\/agora.xtec.cat\/ceip-splai\/wp-json\/wp\/v2\/posts\/2794","targetHints":{"allow":["GET"]}}],"collection":[{"href":"https:\/\/agora.xtec.cat\/ceip-splai\/wp-json\/wp\/v2\/posts"}],"about":[{"href":"https:\/\/agora.xtec.cat\/ceip-splai\/wp-json\/wp\/v2\/types\/post"}],"author":[{"embeddable":true,"href":"https:\/\/agora.xtec.cat\/ceip-splai\/wp-json\/wp\/v2\/users\/3"}],"replies":[{"embeddable":true,"href":"https:\/\/agora.xtec.cat\/ceip-splai\/wp-json\/wp\/v2\/comments?post=2794"}],"version-history":[{"count":1,"href":"https:\/\/agora.xtec.cat\/ceip-splai\/wp-json\/wp\/v2\/posts\/2794\/revisions"}],"predecessor-version":[{"id":2795,"href":"https:\/\/agora.xtec.cat\/ceip-splai\/wp-json\/wp\/v2\/posts\/2794\/revisions\/2795"}],"wp:attachment":[{"href":"https:\/\/agora.xtec.cat\/ceip-splai\/wp-json\/wp\/v2\/media?parent=2794"}],"wp:term":[{"taxonomy":"category","embeddable":true,"href":"https:\/\/agora.xtec.cat\/ceip-splai\/wp-json\/wp\/v2\/categories?post=2794"},{"taxonomy":"post_tag","embeddable":true,"href":"https:\/\/agora.xtec.cat\/ceip-splai\/wp-json\/wp\/v2\/tags?post=2794"}],"curies":[{"name":"wp","href":"https:\/\/api.w.org\/{rel}","templated":true}]}}