{"id":1956,"date":"2023-04-24T13:59:34","date_gmt":"2023-04-24T11:59:34","guid":{"rendered":"https:\/\/agora.xtec.cat\/ceip-splai\/?p=1956"},"modified":"2023-04-24T14:00:19","modified_gmt":"2023-04-24T12:00:19","slug":"cantania-2023-les-portes-del-mon-5e-de-primaria","status":"publish","type":"post","link":"https:\/\/agora.xtec.cat\/ceip-splai\/general\/cantania-2023-les-portes-del-mon-5e-de-primaria\/","title":{"rendered":"Cant\u00e0nia 2023 &#8211; Les portes del m\u00f3n (5\u00e8 de prim\u00e0ria)"},"content":{"rendered":"<p><span id=\"[object Map][1]\" class=\"HALYaf KKjvXb\" role=\"tabpanel\">El passat <span style=\"color: #0000ff;\"><strong>divendres 21 d&#8217;abril,<\/strong><\/span> els alumnes de 5\u00e8 de Prim\u00e0ria van participar\u00a0a la\u00a0<strong><span style=\"color: #008000;\">Cant\u00e0nia\u00a0en la seva 34a edici\u00f3 a l&#8217;Auditori de Barcelona.<\/span><\/strong> Prop de 800 nens i nenes van actuar junt amb m\u00fasics professionals sota la direcci\u00f3 d&#8217;Oriol Castanyer fent de la cantata <strong><span style=\"color: #800080;\"><i>Les portes del m\u00f3n<\/i>,<\/span><\/strong> un viatge musical inoblidable. Despr\u00e9s de mesos de treball, els alumnes van poder gaudir d&#8217;aquesta <strong><span style=\"color: #ff0000;\">experi\u00e8ncia com \u00e9s cantar en cor i davant un gran nombre de persones.<\/span> <\/strong>Agra\u00efm tamb\u00e9, a totes les <strong><span style=\"color: #f57607;\">fam\u00edlies la seva assist\u00e8ncia.<\/span> <\/strong>Va estar un esdeveniment que vam viure amb molta il\u00b7lusi\u00f3.<\/span><\/p>\n<p><a href=\"https:\/\/photos.app.goo.gl\/YBsUPEztcBmPibW26\"><img loading=\"lazy\" decoding=\"async\" class=\" wp-image-1957 aligncenter\" src=\"https:\/\/agora.xtec.cat\/ceip-splai\/wp-content\/uploads\/usu1401\/2023\/04\/ca310988-e29f-4320-925a-7e93ee5a4bca-300x225.jpg\" alt=\"\" width=\"463\" height=\"347\" srcset=\"https:\/\/agora.xtec.cat\/ceip-splai\/wp-content\/uploads\/usu1401\/2023\/04\/ca310988-e29f-4320-925a-7e93ee5a4bca-300x225.jpg 300w, https:\/\/agora.xtec.cat\/ceip-splai\/wp-content\/uploads\/usu1401\/2023\/04\/ca310988-e29f-4320-925a-7e93ee5a4bca-1024x768.jpg 1024w, https:\/\/agora.xtec.cat\/ceip-splai\/wp-content\/uploads\/usu1401\/2023\/04\/ca310988-e29f-4320-925a-7e93ee5a4bca-768x576.jpg 768w, https:\/\/agora.xtec.cat\/ceip-splai\/wp-content\/uploads\/usu1401\/2023\/04\/ca310988-e29f-4320-925a-7e93ee5a4bca-1536x1152.jpg 1536w, https:\/\/agora.xtec.cat\/ceip-splai\/wp-content\/uploads\/usu1401\/2023\/04\/ca310988-e29f-4320-925a-7e93ee5a4bca-200x150.jpg 200w, https:\/\/agora.xtec.cat\/ceip-splai\/wp-content\/uploads\/usu1401\/2023\/04\/ca310988-e29f-4320-925a-7e93ee5a4bca.jpg 1600w\" sizes=\"auto, (max-width: 463px) 100vw, 463px\" \/><\/a><\/p>\n<p>&nbsp;<\/p>\n","protected":false},"excerpt":{"rendered":"<p>El passat divendres 21 d&#8217;abril, els alumnes de 5\u00e8 de Prim\u00e0ria van participar\u00a0a la\u00a0Cant\u00e0nia\u00a0en la seva 34a edici\u00f3 a l&#8217;Auditori de Barcelona. Prop de 800 nens i nenes van actuar junt amb m\u00fasics professionals sota la direcci\u00f3 d&#8217;Oriol Castanyer fent de la cantata Les portes del m\u00f3n, un viatge musical inoblidable. Despr\u00e9s de mesos de [&hellip;]<\/p>\n","protected":false},"author":3,"featured_media":1959,"comment_status":"open","ping_status":"closed","sticky":false,"template":"","format":"standard","meta":{"_bbp_topic_count":0,"_bbp_reply_count":0,"_bbp_total_topic_count":0,"_bbp_total_reply_count":0,"_bbp_voice_count":0,"_bbp_anonymous_reply_count":0,"_bbp_topic_count_hidden":0,"_bbp_reply_count_hidden":0,"_bbp_forum_subforum_count":0,"site-sidebar-layout":"default","site-content-layout":"","ast-site-content-layout":"","site-content-style":"default","site-sidebar-style":"default","ast-global-header-display":"","ast-banner-title-visibility":"","ast-main-header-display":"","ast-hfb-above-header-display":"","ast-hfb-below-header-display":"","ast-hfb-mobile-header-display":"","site-post-title":"","ast-breadcrumbs-content":"","ast-featured-img":"","footer-sml-layout":"","theme-transparent-header-meta":"","adv-header-id-meta":"","stick-header-meta":"","header-above-stick-meta":"","header-main-stick-meta":"","header-below-stick-meta":"","astra-migrate-meta-layouts":"default","ast-page-background-enabled":"default","ast-page-background-meta":{"desktop":{"background-color":"var(--ast-global-color-4)","background-image":"","background-repeat":"repeat","background-position":"center center","background-size":"auto","background-attachment":"scroll","background-type":"","background-media":"","overlay-type":"","overlay-color":"","overlay-opacity":"","overlay-gradient":""},"tablet":{"background-color":"","background-image":"","background-repeat":"repeat","background-position":"center center","background-size":"auto","background-attachment":"scroll","background-type":"","background-media":"","overlay-type":"","overlay-color":"","overlay-opacity":"","overlay-gradient":""},"mobile":{"background-color":"","background-image":"","background-repeat":"repeat","background-position":"center center","background-size":"auto","background-attachment":"scroll","background-type":"","background-media":"","overlay-type":"","overlay-color":"","overlay-opacity":"","overlay-gradient":""}},"ast-content-background-meta":{"desktop":{"background-color":"var(--ast-global-color-5)","background-image":"","background-repeat":"repeat","background-position":"center center","background-size":"auto","background-attachment":"scroll","background-type":"","background-media":"","overlay-type":"","overlay-color":"","overlay-opacity":"","overlay-gradient":""},"tablet":{"background-color":"var(--ast-global-color-5)","background-image":"","background-repeat":"repeat","background-position":"center center","background-size":"auto","background-attachment":"scroll","background-type":"","background-media":"","overlay-type":"","overlay-color":"","overlay-opacity":"","overlay-gradient":""},"mobile":{"background-color":"var(--ast-global-color-5)","background-image":"","background-repeat":"repeat","background-position":"center center","background-size":"auto","background-attachment":"scroll","background-type":"","background-media":"","overlay-type":"","overlay-color":"","overlay-opacity":"","overlay-gradient":""}},"footnotes":""},"categories":[14,1,41,4,5],"tags":[],"class_list":["post-1956","post","type-post","status-publish","format-standard","has-post-thumbnail","hentry","category-5e","category-general","category-musica","category-portada","category-primaria"],"post_mailing_queue_ids":[],"_links":{"self":[{"href":"https:\/\/agora.xtec.cat\/ceip-splai\/wp-json\/wp\/v2\/posts\/1956","targetHints":{"allow":["GET"]}}],"collection":[{"href":"https:\/\/agora.xtec.cat\/ceip-splai\/wp-json\/wp\/v2\/posts"}],"about":[{"href":"https:\/\/agora.xtec.cat\/ceip-splai\/wp-json\/wp\/v2\/types\/post"}],"author":[{"embeddable":true,"href":"https:\/\/agora.xtec.cat\/ceip-splai\/wp-json\/wp\/v2\/users\/3"}],"replies":[{"embeddable":true,"href":"https:\/\/agora.xtec.cat\/ceip-splai\/wp-json\/wp\/v2\/comments?post=1956"}],"version-history":[{"count":1,"href":"https:\/\/agora.xtec.cat\/ceip-splai\/wp-json\/wp\/v2\/posts\/1956\/revisions"}],"predecessor-version":[{"id":1958,"href":"https:\/\/agora.xtec.cat\/ceip-splai\/wp-json\/wp\/v2\/posts\/1956\/revisions\/1958"}],"wp:featuredmedia":[{"embeddable":true,"href":"https:\/\/agora.xtec.cat\/ceip-splai\/wp-json\/wp\/v2\/media\/1959"}],"wp:attachment":[{"href":"https:\/\/agora.xtec.cat\/ceip-splai\/wp-json\/wp\/v2\/media?parent=1956"}],"wp:term":[{"taxonomy":"category","embeddable":true,"href":"https:\/\/agora.xtec.cat\/ceip-splai\/wp-json\/wp\/v2\/categories?post=1956"},{"taxonomy":"post_tag","embeddable":true,"href":"https:\/\/agora.xtec.cat\/ceip-splai\/wp-json\/wp\/v2\/tags?post=1956"}],"curies":[{"name":"wp","href":"https:\/\/api.w.org\/{rel}","templated":true}]}}