{"id":5377,"date":"2020-03-16T17:50:27","date_gmt":"2020-03-16T16:50:27","guid":{"rendered":"http:\/\/agora.xtec.cat\/ceip-sp\/?p=5377"},"modified":"2020-03-16T18:01:16","modified_gmt":"2020-03-16T17:01:16","slug":"fem-un-autoretrat-2","status":"publish","type":"post","link":"https:\/\/agora.xtec.cat\/ceip-sp\/general\/cursos-anteriors\/infantil\/fem-un-autoretrat-2\/","title":{"rendered":"FEM UN AUTORETRAT"},"content":{"rendered":"<p>El concepte\u00a0<strong>d\u2019identitat<\/strong> \u00e9s important de treballar en aquestes edats. La identitat \u00e9s la consci\u00e8ncia que t\u00e9 una persona respecte a s\u00ed mateixa. Des de l\u2019educaci\u00f3 infantil \u00e9s un concepte que es treballa dia a dia, de fet, el coneixement d\u2019un mateix, que fa refer\u00e8ncia al descobriment de la pr\u00f2pia identitat, \u00e9s un dels pilars b\u00e0sics de l\u2019etapa infantil; <em><strong>L\u2019autoretrat<\/strong><\/em>\u00a0\u00e9s una de les activitats que ens ajuden a treballar aquest aspecte. Aix\u00ed doncs nom\u00e9s necessitem un mirall per mirar-nos i pintura i ens posem per feina!<\/p>\n<p><a href=\"https:\/\/agora.xtec.cat\/ceip-sp\/wp-content\/uploads\/usu1709\/2020\/03\/20200303_094014.jpg\"><img loading=\"lazy\" decoding=\"async\" class=\"alignnone size-medium wp-image-5379\" src=\"https:\/\/agora.xtec.cat\/ceip-sp\/wp-content\/uploads\/usu1709\/2020\/03\/20200303_094014-300x225.jpg\" alt=\"\" width=\"300\" height=\"225\" \/><\/a><a href=\"https:\/\/agora.xtec.cat\/ceip-sp\/wp-content\/uploads\/usu1709\/2020\/03\/RETRAT-10.jpg\"><img loading=\"lazy\" decoding=\"async\" class=\"alignnone size-medium wp-image-5380\" src=\"https:\/\/agora.xtec.cat\/ceip-sp\/wp-content\/uploads\/usu1709\/2020\/03\/RETRAT-10-300x225.jpg\" alt=\"\" width=\"300\" height=\"225\" \/><\/a><a href=\"https:\/\/agora.xtec.cat\/ceip-sp\/wp-content\/uploads\/usu1709\/2020\/03\/RETRAT-2-5.jpg\"><img loading=\"lazy\" decoding=\"async\" class=\"wp-image-5381 size-medium alignnone\" src=\"https:\/\/agora.xtec.cat\/ceip-sp\/wp-content\/uploads\/usu1709\/2020\/03\/RETRAT-2-5-300x225.jpg\" alt=\"\" width=\"300\" height=\"225\" \/><\/a><\/p>\n<p style=\"text-align: center\">Per veure m\u00e9s fotos feu clic <a href=\"https:\/\/photos.app.goo.gl\/cfdF1wEJsRVAUexr9\">aqu\u00ed<\/a>.<\/p>\n","protected":false},"excerpt":{"rendered":"<p>La darrera setmana els nens i les nenes d&#8217; I4, pirates i coets, vam fer un autoretrat, primer ens vam dibuixar amb pintura negra en el cavallet, i despr\u00e9s vam pintar el nostre autoretrat amb aquarel\u00b7les. hem quedat molt macos i maques.<\/p>\n","protected":false},"author":5,"featured_media":0,"comment_status":"open","ping_status":"closed","sticky":false,"template":"","format":"standard","meta":{"_bbp_topic_count":0,"_bbp_reply_count":0,"_bbp_total_topic_count":0,"_bbp_total_reply_count":0,"_bbp_voice_count":0,"_bbp_anonymous_reply_count":0,"_bbp_topic_count_hidden":0,"_bbp_reply_count_hidden":0,"_bbp_forum_subforum_count":0,"site-sidebar-layout":"default","site-content-layout":"","ast-site-content-layout":"","site-content-style":"default","site-sidebar-style":"default","ast-global-header-display":"","ast-banner-title-visibility":"","ast-main-header-display":"","ast-hfb-above-header-display":"","ast-hfb-below-header-display":"","ast-hfb-mobile-header-display":"","site-post-title":"","ast-breadcrumbs-content":"","ast-featured-img":"","footer-sml-layout":"","theme-transparent-header-meta":"","adv-header-id-meta":"","stick-header-meta":"","header-above-stick-meta":"","header-main-stick-meta":"","header-below-stick-meta":"","astra-migrate-meta-layouts":"default","ast-page-background-enabled":"default","ast-page-background-meta":{"desktop":{"background-color":"var(--ast-global-color-4)","background-image":"","background-repeat":"repeat","background-position":"center center","background-size":"auto","background-attachment":"scroll","background-type":"","background-media":"","overlay-type":"","overlay-color":"","overlay-opacity":"","overlay-gradient":""},"tablet":{"background-color":"","background-image":"","background-repeat":"repeat","background-position":"center center","background-size":"auto","background-attachment":"scroll","background-type":"","background-media":"","overlay-type":"","overlay-color":"","overlay-opacity":"","overlay-gradient":""},"mobile":{"background-color":"","background-image":"","background-repeat":"repeat","background-position":"center center","background-size":"auto","background-attachment":"scroll","background-type":"","background-media":"","overlay-type":"","overlay-color":"","overlay-opacity":"","overlay-gradient":""}},"ast-content-background-meta":{"desktop":{"background-color":"var(--ast-global-color-5)","background-image":"","background-repeat":"repeat","background-position":"center center","background-size":"auto","background-attachment":"scroll","background-type":"","background-media":"","overlay-type":"","overlay-color":"","overlay-opacity":"","overlay-gradient":""},"tablet":{"background-color":"var(--ast-global-color-5)","background-image":"","background-repeat":"repeat","background-position":"center center","background-size":"auto","background-attachment":"scroll","background-type":"","background-media":"","overlay-type":"","overlay-color":"","overlay-opacity":"","overlay-gradient":""},"mobile":{"background-color":"var(--ast-global-color-5)","background-image":"","background-repeat":"repeat","background-position":"center center","background-size":"auto","background-attachment":"scroll","background-type":"","background-media":"","overlay-type":"","overlay-color":"","overlay-opacity":"","overlay-gradient":""}},"footnotes":""},"categories":[2,88],"tags":[],"class_list":["post-5377","post","type-post","status-publish","format-standard","hentry","category-infantil","category-ei41920"],"post_mailing_queue_ids":[],"_links":{"self":[{"href":"https:\/\/agora.xtec.cat\/ceip-sp\/wp-json\/wp\/v2\/posts\/5377","targetHints":{"allow":["GET"]}}],"collection":[{"href":"https:\/\/agora.xtec.cat\/ceip-sp\/wp-json\/wp\/v2\/posts"}],"about":[{"href":"https:\/\/agora.xtec.cat\/ceip-sp\/wp-json\/wp\/v2\/types\/post"}],"author":[{"embeddable":true,"href":"https:\/\/agora.xtec.cat\/ceip-sp\/wp-json\/wp\/v2\/users\/5"}],"replies":[{"embeddable":true,"href":"https:\/\/agora.xtec.cat\/ceip-sp\/wp-json\/wp\/v2\/comments?post=5377"}],"version-history":[{"count":3,"href":"https:\/\/agora.xtec.cat\/ceip-sp\/wp-json\/wp\/v2\/posts\/5377\/revisions"}],"predecessor-version":[{"id":5384,"href":"https:\/\/agora.xtec.cat\/ceip-sp\/wp-json\/wp\/v2\/posts\/5377\/revisions\/5384"}],"wp:attachment":[{"href":"https:\/\/agora.xtec.cat\/ceip-sp\/wp-json\/wp\/v2\/media?parent=5377"}],"wp:term":[{"taxonomy":"category","embeddable":true,"href":"https:\/\/agora.xtec.cat\/ceip-sp\/wp-json\/wp\/v2\/categories?post=5377"},{"taxonomy":"post_tag","embeddable":true,"href":"https:\/\/agora.xtec.cat\/ceip-sp\/wp-json\/wp\/v2\/tags?post=5377"}],"curies":[{"name":"wp","href":"https:\/\/api.w.org\/{rel}","templated":true}]}}