{"id":16780,"date":"2026-09-01T11:37:46","date_gmt":"2026-09-01T09:37:46","guid":{"rendered":"https:\/\/agora.xtec.cat\/ceip-sp\/?p=16780"},"modified":"2026-09-02T11:40:14","modified_gmt":"2026-09-02T09:40:14","slug":"assembla-ordinaria-afa-15-de-setembre","status":"publish","type":"post","link":"https:\/\/agora.xtec.cat\/ceip-sp\/afa\/assembla-ordinaria-afa-15-de-setembre\/","title":{"rendered":"Assembla ordin\u00e0ria AFA &#8211; 15 de Setembre"},"content":{"rendered":"<h2>Convocat\u00f2ria d\u2019assemblea ordin\u00e0ria de l\u2019AFA<\/h2>\n<p>L\u2019AFA convoca les fam\u00edlies a l\u2019assemblea ordin\u00e0ria corresponent al primer trimestre del curs 2026\/2027.<\/p>\n<p>La reuni\u00f3 tindr\u00e0 lloc el dimarts <strong>15 de setembre, a les 17.00 h<\/strong>, a la caseta de l\u2019AFA, i servir\u00e0 per compartir amb les fam\u00edlies els principals temes d\u2019organitzaci\u00f3, seguiment i planificaci\u00f3 del curs.<\/p>\n<p>Durant la trobada es presentar\u00e0 el pla de reunions de l\u2019AFA, es revisar\u00e0 l\u2019estat de comptes del curs 2025\/2026 i el pressupost previst per al curs 2026\/2027, i s\u2019informar\u00e0 sobre les subvencions rebudes i les possibles futures.<\/p>\n<p>Tamb\u00e9 es tractaran les festes i activitats previstes durant el curs, la designaci\u00f3 de responsables, les comissions de treball, la revisi\u00f3 de procediments de l\u2019AFA, l\u2019estat de la climatitzaci\u00f3 del centre i el projecte <em>Fora escola<\/em>, aix\u00ed com l\u2019obertura d\u2019extraescolars i col\u00f2nies a altres centres.<\/p>\n<p>L\u2019ordre del dia inclour\u00e0 tamb\u00e9 l\u2019assignaci\u00f3 de tasques recurrents, responsables i persones de suport, i finalitzar\u00e0 amb un torn obert de paraules.<\/p>\n<h3>Ordre del dia<\/h3>\n<ul style=\"list-style: none; padding-left: 0;\">\n<li>\ud83d\udd34 Benvinguda i pla de reunions de l\u2019AFA.<\/li>\n<li>\ud83d\udfe0 Revisi\u00f3 de l\u2019estat de comptes 2025\/2026 i pressupost 2026\/2027.<\/li>\n<li>\ud83d\udfe1 Informaci\u00f3 sobre subvencions rebudes i possibles futures.<\/li>\n<li>\ud83d\udfe2 Presentaci\u00f3 de festes i activitats del curs i designaci\u00f3 de responsables.<\/li>\n<li>\ud83d\udd35 Comissions de treball.<\/li>\n<li>\ud83d\udfe3 Revisi\u00f3 de procediments de l\u2019AFA.<\/li>\n<li>\u26ab Estat de la climatitzaci\u00f3 del centre.<\/li>\n<li>\u26aa Informaci\u00f3 del projecte <em>Fora escola<\/em> i obertura d\u2019extraescolars\/col\u00f2nies a altres centres.<\/li>\n<li>\ud83d\udfe4 Assignaci\u00f3 de tasques recurrents, responsables i backups.<\/li>\n<li>\ud83d\udd18 Torn obert de paraules i tancament.<\/li>\n<\/ul>\n<p>Per a qualsevol dubte o consulta, les fam\u00edlies poden escriure a <a href=\"mailto:afasantaperpetua@gmail.com\">afasantaperpetua@gmail.com<\/a>.<\/p>\n","protected":false},"excerpt":{"rendered":"<p>Convocat\u00f2ria d\u2019assemblea ordin\u00e0ria de l\u2019AFA L\u2019AFA convoca les fam\u00edlies a l\u2019assemblea ordin\u00e0ria corresponent al primer trimestre del curs 2026\/2027. La reuni\u00f3 tindr\u00e0 lloc el dimarts 15 de setembre, a les 17.00 h, a la caseta de l\u2019AFA, i servir\u00e0 per compartir amb les fam\u00edlies els principals temes d\u2019organitzaci\u00f3, seguiment i planificaci\u00f3 del curs. Durant la [&hellip;]<\/p>\n","protected":false},"author":12,"featured_media":0,"comment_status":"open","ping_status":"open","sticky":false,"template":"","format":"standard","meta":{"_bbp_topic_count":0,"_bbp_reply_count":0,"_bbp_total_topic_count":0,"_bbp_total_reply_count":0,"_bbp_voice_count":0,"_bbp_anonymous_reply_count":0,"_bbp_topic_count_hidden":0,"_bbp_reply_count_hidden":0,"_bbp_forum_subforum_count":0,"site-sidebar-layout":"default","site-content-layout":"","ast-site-content-layout":"default","site-content-style":"default","site-sidebar-style":"default","ast-global-header-display":"","ast-banner-title-visibility":"","ast-main-header-display":"","ast-hfb-above-header-display":"","ast-hfb-below-header-display":"","ast-hfb-mobile-header-display":"","site-post-title":"","ast-breadcrumbs-content":"","ast-featured-img":"","footer-sml-layout":"","theme-transparent-header-meta":"default","adv-header-id-meta":"","stick-header-meta":"","header-above-stick-meta":"","header-main-stick-meta":"","header-below-stick-meta":"","astra-migrate-meta-layouts":"set","ast-page-background-enabled":"default","ast-page-background-meta":{"desktop":{"background-color":"var(--ast-global-color-4)","background-image":"","background-repeat":"repeat","background-position":"center center","background-size":"auto","background-attachment":"scroll","background-type":"","background-media":"","overlay-type":"","overlay-color":"","overlay-opacity":"","overlay-gradient":""},"tablet":{"background-color":"","background-image":"","background-repeat":"repeat","background-position":"center center","background-size":"auto","background-attachment":"scroll","background-type":"","background-media":"","overlay-type":"","overlay-color":"","overlay-opacity":"","overlay-gradient":""},"mobile":{"background-color":"","background-image":"","background-repeat":"repeat","background-position":"center center","background-size":"auto","background-attachment":"scroll","background-type":"","background-media":"","overlay-type":"","overlay-color":"","overlay-opacity":"","overlay-gradient":""}},"ast-content-background-meta":{"desktop":{"background-color":"var(--ast-global-color-5)","background-image":"","background-repeat":"repeat","background-position":"center center","background-size":"auto","background-attachment":"scroll","background-type":"","background-media":"","overlay-type":"","overlay-color":"","overlay-opacity":"","overlay-gradient":""},"tablet":{"background-color":"var(--ast-global-color-5)","background-image":"","background-repeat":"repeat","background-position":"center center","background-size":"auto","background-attachment":"scroll","background-type":"","background-media":"","overlay-type":"","overlay-color":"","overlay-opacity":"","overlay-gradient":""},"mobile":{"background-color":"var(--ast-global-color-5)","background-image":"","background-repeat":"repeat","background-position":"center center","background-size":"auto","background-attachment":"scroll","background-type":"","background-media":"","overlay-type":"","overlay-color":"","overlay-opacity":"","overlay-gradient":""}},"footnotes":""},"categories":[7],"tags":[],"class_list":["post-16780","post","type-post","status-publish","format-standard","hentry","category-afa"],"post_mailing_queue_ids":[],"_links":{"self":[{"href":"https:\/\/agora.xtec.cat\/ceip-sp\/wp-json\/wp\/v2\/posts\/16780","targetHints":{"allow":["GET"]}}],"collection":[{"href":"https:\/\/agora.xtec.cat\/ceip-sp\/wp-json\/wp\/v2\/posts"}],"about":[{"href":"https:\/\/agora.xtec.cat\/ceip-sp\/wp-json\/wp\/v2\/types\/post"}],"author":[{"embeddable":true,"href":"https:\/\/agora.xtec.cat\/ceip-sp\/wp-json\/wp\/v2\/users\/12"}],"replies":[{"embeddable":true,"href":"https:\/\/agora.xtec.cat\/ceip-sp\/wp-json\/wp\/v2\/comments?post=16780"}],"version-history":[{"count":3,"href":"https:\/\/agora.xtec.cat\/ceip-sp\/wp-json\/wp\/v2\/posts\/16780\/revisions"}],"predecessor-version":[{"id":16783,"href":"https:\/\/agora.xtec.cat\/ceip-sp\/wp-json\/wp\/v2\/posts\/16780\/revisions\/16783"}],"wp:attachment":[{"href":"https:\/\/agora.xtec.cat\/ceip-sp\/wp-json\/wp\/v2\/media?parent=16780"}],"wp:term":[{"taxonomy":"category","embeddable":true,"href":"https:\/\/agora.xtec.cat\/ceip-sp\/wp-json\/wp\/v2\/categories?post=16780"},{"taxonomy":"post_tag","embeddable":true,"href":"https:\/\/agora.xtec.cat\/ceip-sp\/wp-json\/wp\/v2\/tags?post=16780"}],"curies":[{"name":"wp","href":"https:\/\/api.w.org\/{rel}","templated":true}]}}