{"id":779,"date":"2017-09-11T15:48:23","date_gmt":"2017-09-11T13:48:23","guid":{"rendered":"http:\/\/agora.xtec.cat\/ceip-simeo-rabasa\/?p=779"},"modified":"2017-09-20T16:39:24","modified_gmt":"2017-09-20T14:39:24","slug":"medi-6e","status":"publish","type":"post","link":"https:\/\/agora.xtec.cat\/ceip-simeo-rabasa\/primaria\/6e\/medi-6e\/","title":{"rendered":"MEDI 6\u00e8"},"content":{"rendered":"<p>Aquest curs aprendrem molt a les classes de medi!!!<\/p>\n<p>Comen\u00e7arem a fer un petit rep\u00e0s de la hist\u00f2ria que vau aprendre el curs passat i anirem avan\u00e7ant i aprofundint en les etapes de la hist\u00f2ria : Edat Mitjana, Edat Moderna i Edat Contempor\u00e0nia.<\/p>\n<p>Tot aix\u00f2 ho farem en <strong>grups cooperatius<\/strong> que organitzarem a la classe entre tots i totes.<\/p>\n<p>Ens hem d&#8217;ajudar molt i aix\u00ed tothom arribar\u00e0 a realitzar amb \u00e8xit tots els objectius que ens proposarem!<\/p>\n<p>Aprendreu a utilitzar l&#8217;entorn virtual del <strong>DRIVE<\/strong>, on podrem treballar des de casa i realitzar les feines cooperativament.<\/p>\n<p>Els <strong>Ipads<\/strong> i ordinadors tamb\u00e9 formaran part de les nostres classes.<\/p>\n<p>Farem sortides, debats, exposicions, v\u00eddeos, tallers&#8230;<\/p>\n<p>Amb els vostres companys i companyes de 5\u00e8 realitzarem un tallers de medi natural al 1r trimestre.<\/p>\n<p>I moltes coses m\u00e9s que anireu descobrint al llarg d&#8217;aquest curs 2017-2018<\/p>\n<p>Jo estar\u00e9 per ajudar-vos i acompanyar-vos en \u00a0tot el que calgui.<\/p>\n<p><span style=\"font-family: inherit; font-size: 1em;\">Molt bon curs a tothom!!!<\/span><\/p>\n<p>El vostre \u00e8xit tamb\u00e9 ser\u00e0 el meu i en fareu molt feli\u00e7!<\/p>\n<p>&nbsp;<\/p>\n<p>&nbsp;<\/p>\n<p>Manoli<a href=\"http:\/\/agora.xtec.cat\/ceip-simeo-rabasa\/wp-content\/uploads\/usu903\/2017\/09\/download.jpg\"><img loading=\"lazy\" decoding=\"async\" class=\"size-full wp-image-758 aligncenter\" src=\"http:\/\/agora.xtec.cat\/ceip-simeo-rabasa\/wp-content\/uploads\/usu903\/2017\/09\/download.jpg\" alt=\"\" width=\"268\" height=\"188\" \/><\/a><\/p>\n","protected":false},"excerpt":{"rendered":"<p>Aquest curs aprendrem molt a les classes de medi!!! Comen\u00e7arem a fer un petit rep\u00e0s de la hist\u00f2ria que vau aprendre el curs passat i anirem avan\u00e7ant i aprofundint en les etapes de la hist\u00f2ria : Edat Mitjana, Edat Moderna i Edat Contempor\u00e0nia. Tot aix\u00f2 ho farem en grups cooperatius que organitzarem a la classe [&hellip;]<\/p>\n","protected":false},"author":1,"featured_media":0,"comment_status":"open","ping_status":"closed","sticky":false,"template":"","format":"standard","meta":{"_bbp_topic_count":0,"_bbp_reply_count":0,"_bbp_total_topic_count":0,"_bbp_total_reply_count":0,"_bbp_voice_count":0,"_bbp_anonymous_reply_count":0,"_bbp_topic_count_hidden":0,"_bbp_reply_count_hidden":0,"_bbp_forum_subforum_count":0,"site-sidebar-layout":"default","site-content-layout":"","ast-site-content-layout":"","site-content-style":"default","site-sidebar-style":"default","ast-global-header-display":"","ast-banner-title-visibility":"","ast-main-header-display":"","ast-hfb-above-header-display":"","ast-hfb-below-header-display":"","ast-hfb-mobile-header-display":"","site-post-title":"","ast-breadcrumbs-content":"","ast-featured-img":"","footer-sml-layout":"","theme-transparent-header-meta":"","adv-header-id-meta":"","stick-header-meta":"","header-above-stick-meta":"","header-main-stick-meta":"","header-below-stick-meta":"","astra-migrate-meta-layouts":"default","ast-page-background-enabled":"default","ast-page-background-meta":{"desktop":{"background-color":"var(--ast-global-color-4)","background-image":"","background-repeat":"repeat","background-position":"center center","background-size":"auto","background-attachment":"scroll","background-type":"","background-media":"","overlay-type":"","overlay-color":"","overlay-opacity":"","overlay-gradient":""},"tablet":{"background-color":"","background-image":"","background-repeat":"repeat","background-position":"center center","background-size":"auto","background-attachment":"scroll","background-type":"","background-media":"","overlay-type":"","overlay-color":"","overlay-opacity":"","overlay-gradient":""},"mobile":{"background-color":"","background-image":"","background-repeat":"repeat","background-position":"center center","background-size":"auto","background-attachment":"scroll","background-type":"","background-media":"","overlay-type":"","overlay-color":"","overlay-opacity":"","overlay-gradient":""}},"ast-content-background-meta":{"desktop":{"background-color":"var(--ast-global-color-5)","background-image":"","background-repeat":"repeat","background-position":"center center","background-size":"auto","background-attachment":"scroll","background-type":"","background-media":"","overlay-type":"","overlay-color":"","overlay-opacity":"","overlay-gradient":""},"tablet":{"background-color":"var(--ast-global-color-5)","background-image":"","background-repeat":"repeat","background-position":"center center","background-size":"auto","background-attachment":"scroll","background-type":"","background-media":"","overlay-type":"","overlay-color":"","overlay-opacity":"","overlay-gradient":""},"mobile":{"background-color":"var(--ast-global-color-5)","background-image":"","background-repeat":"repeat","background-position":"center center","background-size":"auto","background-attachment":"scroll","background-type":"","background-media":"","overlay-type":"","overlay-color":"","overlay-opacity":"","overlay-gradient":""}},"footnotes":""},"categories":[15],"tags":[92],"class_list":["post-779","post","type-post","status-publish","format-standard","hentry","category-6e","tag-medi-6e"],"post_mailing_queue_ids":[],"_links":{"self":[{"href":"https:\/\/agora.xtec.cat\/ceip-simeo-rabasa\/wp-json\/wp\/v2\/posts\/779","targetHints":{"allow":["GET"]}}],"collection":[{"href":"https:\/\/agora.xtec.cat\/ceip-simeo-rabasa\/wp-json\/wp\/v2\/posts"}],"about":[{"href":"https:\/\/agora.xtec.cat\/ceip-simeo-rabasa\/wp-json\/wp\/v2\/types\/post"}],"author":[{"embeddable":true,"href":"https:\/\/agora.xtec.cat\/ceip-simeo-rabasa\/wp-json\/wp\/v2\/users\/1"}],"replies":[{"embeddable":true,"href":"https:\/\/agora.xtec.cat\/ceip-simeo-rabasa\/wp-json\/wp\/v2\/comments?post=779"}],"version-history":[{"count":2,"href":"https:\/\/agora.xtec.cat\/ceip-simeo-rabasa\/wp-json\/wp\/v2\/posts\/779\/revisions"}],"predecessor-version":[{"id":854,"href":"https:\/\/agora.xtec.cat\/ceip-simeo-rabasa\/wp-json\/wp\/v2\/posts\/779\/revisions\/854"}],"wp:attachment":[{"href":"https:\/\/agora.xtec.cat\/ceip-simeo-rabasa\/wp-json\/wp\/v2\/media?parent=779"}],"wp:term":[{"taxonomy":"category","embeddable":true,"href":"https:\/\/agora.xtec.cat\/ceip-simeo-rabasa\/wp-json\/wp\/v2\/categories?post=779"},{"taxonomy":"post_tag","embeddable":true,"href":"https:\/\/agora.xtec.cat\/ceip-simeo-rabasa\/wp-json\/wp\/v2\/tags?post=779"}],"curies":[{"name":"wp","href":"https:\/\/api.w.org\/{rel}","templated":true}]}}