{"id":6682,"date":"2024-11-21T15:20:47","date_gmt":"2024-11-21T14:20:47","guid":{"rendered":"https:\/\/agora.xtec.cat\/ceip-simeo-rabasa\/?p=6682"},"modified":"2024-11-21T15:20:47","modified_gmt":"2024-11-21T14:20:47","slug":"la-vida-dun-riu","status":"publish","type":"post","link":"https:\/\/agora.xtec.cat\/ceip-simeo-rabasa\/general\/la-vida-dun-riu\/","title":{"rendered":"LA VIDA D&#8217;UN RIU"},"content":{"rendered":"<p style=\"text-align: left;\">El dimecres 20 de novembre els alumnes de quart van tenir l&#8217;oportunitat d&#8217;explorar un dels ecosistemes m\u00e9s incre\u00efbles del nostre entorn: La vida del riu en els diferents trams.<\/p>\n<p style=\"text-align: left;\">La primera parada es va fer al riu Tenes a Bigues i Riells. Aquest petit curs fluvial t\u00e9 un excel\u00b7lent estat de conservaci\u00f3. En aquesta parada vam recollir tota una s\u00e8rie de par\u00e0metres que ens van permetre comparar el seu estat amb els cursos mig i baix. Tamb\u00e9\u00a0 vam fer un petit mostreig de macroinvertebrats que ens va ajudar a tenir una idea de la qualitat de l\u2019aigua.<a href=\"https:\/\/agora.xtec.cat\/ceip-simeo-rabasa\/wp-content\/uploads\/usu903\/2024\/11\/20241120_113911-1-scaled-e1732186340648.jpg\"><br \/>\n<img loading=\"lazy\" decoding=\"async\" class=\"wp-image-6696 alignright\" src=\"https:\/\/agora.xtec.cat\/ceip-simeo-rabasa\/wp-content\/uploads\/usu903\/2024\/11\/20241120_113911-1-scaled-e1732186340648-462x1024.jpg\" alt=\"\" width=\"153\" height=\"339\" srcset=\"https:\/\/agora.xtec.cat\/ceip-simeo-rabasa\/wp-content\/uploads\/usu903\/2024\/11\/20241120_113911-1-scaled-e1732186340648-462x1024.jpg 462w, https:\/\/agora.xtec.cat\/ceip-simeo-rabasa\/wp-content\/uploads\/usu903\/2024\/11\/20241120_113911-1-scaled-e1732186340648-135x300.jpg 135w, https:\/\/agora.xtec.cat\/ceip-simeo-rabasa\/wp-content\/uploads\/usu903\/2024\/11\/20241120_113911-1-scaled-e1732186340648-768x1704.jpg 768w, https:\/\/agora.xtec.cat\/ceip-simeo-rabasa\/wp-content\/uploads\/usu903\/2024\/11\/20241120_113911-1-scaled-e1732186340648-692x1536.jpg 692w, https:\/\/agora.xtec.cat\/ceip-simeo-rabasa\/wp-content\/uploads\/usu903\/2024\/11\/20241120_113911-1-scaled-e1732186340648-923x2048.jpg 923w, https:\/\/agora.xtec.cat\/ceip-simeo-rabasa\/wp-content\/uploads\/usu903\/2024\/11\/20241120_113911-1-scaled-e1732186340648.jpg 1154w\" sizes=\"auto, (max-width: 153px) 100vw, 153px\" \/><\/a><\/p>\n<p style=\"text-align: left;\">En la segona parada al riu a Lli\u00e7\u00e0 d&#8217;Amunt vam reproduir novament la recollida de par\u00e0metres com el mostreig i finalment ens vam despla\u00e7ar fins a la desembocadura del Bes\u00f2s al mar i vam fer una valoraci\u00f3 final dels tres punts visitats.<\/p>\n<p style=\"text-align: left;\">Aquesta sortida educativa no nom\u00e9s va ser una manera divertida de passar el dia, sin\u00f3 que tamb\u00e9 va permetre als nens i nenes con\u00e8ixer de primera m\u00e0 la vida qu\u00e8 s\u2019hi desenvolupa i la import\u00e0ncia d\u2019aquest riu en el nostre ecosistema.<\/p>\n<p style=\"text-align: left;\">Un dels moments m\u00e9s destacats de la sortida va ser la reflexi\u00f3 sobre la import\u00e0ncia de conservar els rius i el medi ambient. La guia van explicar amb els alumnes com les accions humanes poden afectar la salut del riu i com \u00e9s fonamental cuidar-lo per a les generacions futures. Els nens van entendre que cada petit gest pot contribuir a la preservaci\u00f3 del nostre entorn.<a href=\"https:\/\/agora.xtec.cat\/ceip-simeo-rabasa\/wp-content\/uploads\/usu903\/2024\/11\/20241120_115458-2-1-scaled.jpg\"><img loading=\"lazy\" decoding=\"async\" class=\"wp-image-6698 aligncenter\" src=\"https:\/\/agora.xtec.cat\/ceip-simeo-rabasa\/wp-content\/uploads\/usu903\/2024\/11\/20241120_115458-2-1-1024x462.jpg\" alt=\"\" width=\"607\" height=\"274\" srcset=\"https:\/\/agora.xtec.cat\/ceip-simeo-rabasa\/wp-content\/uploads\/usu903\/2024\/11\/20241120_115458-2-1-1024x462.jpg 1024w, https:\/\/agora.xtec.cat\/ceip-simeo-rabasa\/wp-content\/uploads\/usu903\/2024\/11\/20241120_115458-2-1-300x135.jpg 300w, https:\/\/agora.xtec.cat\/ceip-simeo-rabasa\/wp-content\/uploads\/usu903\/2024\/11\/20241120_115458-2-1-768x346.jpg 768w, https:\/\/agora.xtec.cat\/ceip-simeo-rabasa\/wp-content\/uploads\/usu903\/2024\/11\/20241120_115458-2-1-1536x692.jpg 1536w, https:\/\/agora.xtec.cat\/ceip-simeo-rabasa\/wp-content\/uploads\/usu903\/2024\/11\/20241120_115458-2-1-2048x923.jpg 2048w\" sizes=\"auto, (max-width: 607px) 100vw, 607px\" \/><\/a><\/p>\n","protected":false},"excerpt":{"rendered":"<p>El dimecres 20 de novembre els alumnes de quart van tenir l&#8217;oportunitat d&#8217;explorar un dels ecosistemes m\u00e9s incre\u00efbles del nostre entorn: La vida del riu en els diferents trams.<\/p>\n","protected":false},"author":30,"featured_media":6702,"comment_status":"open","ping_status":"closed","sticky":false,"template":"","format":"standard","meta":{"_bbp_topic_count":0,"_bbp_reply_count":0,"_bbp_total_topic_count":0,"_bbp_total_reply_count":0,"_bbp_voice_count":0,"_bbp_anonymous_reply_count":0,"_bbp_topic_count_hidden":0,"_bbp_reply_count_hidden":0,"_bbp_forum_subforum_count":0,"site-sidebar-layout":"default","site-content-layout":"","ast-site-content-layout":"","site-content-style":"default","site-sidebar-style":"default","ast-global-header-display":"","ast-banner-title-visibility":"","ast-main-header-display":"","ast-hfb-above-header-display":"","ast-hfb-below-header-display":"","ast-hfb-mobile-header-display":"","site-post-title":"","ast-breadcrumbs-content":"","ast-featured-img":"","footer-sml-layout":"","theme-transparent-header-meta":"","adv-header-id-meta":"","stick-header-meta":"","header-above-stick-meta":"","header-main-stick-meta":"","header-below-stick-meta":"","astra-migrate-meta-layouts":"default","ast-page-background-enabled":"default","ast-page-background-meta":{"desktop":{"background-color":"var(--ast-global-color-4)","background-image":"","background-repeat":"repeat","background-position":"center center","background-size":"auto","background-attachment":"scroll","background-type":"","background-media":"","overlay-type":"","overlay-color":"","overlay-opacity":"","overlay-gradient":""},"tablet":{"background-color":"","background-image":"","background-repeat":"repeat","background-position":"center center","background-size":"auto","background-attachment":"scroll","background-type":"","background-media":"","overlay-type":"","overlay-color":"","overlay-opacity":"","overlay-gradient":""},"mobile":{"background-color":"","background-image":"","background-repeat":"repeat","background-position":"center center","background-size":"auto","background-attachment":"scroll","background-type":"","background-media":"","overlay-type":"","overlay-color":"","overlay-opacity":"","overlay-gradient":""}},"ast-content-background-meta":{"desktop":{"background-color":"var(--ast-global-color-5)","background-image":"","background-repeat":"repeat","background-position":"center center","background-size":"auto","background-attachment":"scroll","background-type":"","background-media":"","overlay-type":"","overlay-color":"","overlay-opacity":"","overlay-gradient":""},"tablet":{"background-color":"var(--ast-global-color-5)","background-image":"","background-repeat":"repeat","background-position":"center center","background-size":"auto","background-attachment":"scroll","background-type":"","background-media":"","overlay-type":"","overlay-color":"","overlay-opacity":"","overlay-gradient":""},"mobile":{"background-color":"var(--ast-global-color-5)","background-image":"","background-repeat":"repeat","background-position":"center center","background-size":"auto","background-attachment":"scroll","background-type":"","background-media":"","overlay-type":"","overlay-color":"","overlay-opacity":"","overlay-gradient":""}},"footnotes":""},"categories":[13,1,4,5,106],"tags":[137,141,16],"class_list":["post-6682","post","type-post","status-publish","format-standard","has-post-thumbnail","hentry","category-4t","category-general","category-portada","category-primaria","category-projecte-interdisciplinar","tag-escola","tag-medi","tag-sortides"],"post_mailing_queue_ids":[],"_links":{"self":[{"href":"https:\/\/agora.xtec.cat\/ceip-simeo-rabasa\/wp-json\/wp\/v2\/posts\/6682","targetHints":{"allow":["GET"]}}],"collection":[{"href":"https:\/\/agora.xtec.cat\/ceip-simeo-rabasa\/wp-json\/wp\/v2\/posts"}],"about":[{"href":"https:\/\/agora.xtec.cat\/ceip-simeo-rabasa\/wp-json\/wp\/v2\/types\/post"}],"author":[{"embeddable":true,"href":"https:\/\/agora.xtec.cat\/ceip-simeo-rabasa\/wp-json\/wp\/v2\/users\/30"}],"replies":[{"embeddable":true,"href":"https:\/\/agora.xtec.cat\/ceip-simeo-rabasa\/wp-json\/wp\/v2\/comments?post=6682"}],"version-history":[{"count":6,"href":"https:\/\/agora.xtec.cat\/ceip-simeo-rabasa\/wp-json\/wp\/v2\/posts\/6682\/revisions"}],"predecessor-version":[{"id":6703,"href":"https:\/\/agora.xtec.cat\/ceip-simeo-rabasa\/wp-json\/wp\/v2\/posts\/6682\/revisions\/6703"}],"wp:featuredmedia":[{"embeddable":true,"href":"https:\/\/agora.xtec.cat\/ceip-simeo-rabasa\/wp-json\/wp\/v2\/media\/6702"}],"wp:attachment":[{"href":"https:\/\/agora.xtec.cat\/ceip-simeo-rabasa\/wp-json\/wp\/v2\/media?parent=6682"}],"wp:term":[{"taxonomy":"category","embeddable":true,"href":"https:\/\/agora.xtec.cat\/ceip-simeo-rabasa\/wp-json\/wp\/v2\/categories?post=6682"},{"taxonomy":"post_tag","embeddable":true,"href":"https:\/\/agora.xtec.cat\/ceip-simeo-rabasa\/wp-json\/wp\/v2\/tags?post=6682"}],"curies":[{"name":"wp","href":"https:\/\/api.w.org\/{rel}","templated":true}]}}