{"id":6567,"date":"2024-10-03T13:49:51","date_gmt":"2024-10-03T11:49:51","guid":{"rendered":"https:\/\/agora.xtec.cat\/ceip-simeo-rabasa\/?p=6567"},"modified":"2024-10-03T13:49:51","modified_gmt":"2024-10-03T11:49:51","slug":"dia-dels-avis-i-les-avies","status":"publish","type":"post","link":"https:\/\/agora.xtec.cat\/ceip-simeo-rabasa\/general\/dia-dels-avis-i-les-avies\/","title":{"rendered":"DIA DELS AVIS I LES \u00c0VIES!"},"content":{"rendered":"<p><span style=\"font-weight: 400;\">El passat dimarts 1 d\u2019octubre a la tarda, els infants de 1r i 2n de prim\u00e0ria van anar <\/span><span style=\"font-weight: 400;\">la Pla\u00e7a El\u00b7l\u00edptica de Martorelles a fer una activitat intergeneracional per a celebrar el dia de la gent gran<\/span><span style=\"font-weight: 400;\">.<\/span><\/p>\n<p><span style=\"font-weight: 400;\">A la pla\u00e7a ens esperaven els avis i \u00e0vies dels infants que tamb\u00e9 hi estaven convidats i junts vam gaudir d\u2019una tarda molt especial, on vam compartir converses, riures i estones de joc, amb els jocs de fusta gegants que hi havia preparat a la pla\u00e7a.<\/span><\/p>\n<p>&nbsp;<\/p>\n<p><a href=\"https:\/\/agora.xtec.cat\/ceip-simeo-rabasa\/wp-content\/uploads\/usu903\/2024\/10\/WhatsApp-Image-2024-10-02-at-18.59.39.jpeg\">\u00a0 \u00a0 \u00a0 <img loading=\"lazy\" decoding=\"async\" class=\"alignnone wp-image-6570\" src=\"https:\/\/agora.xtec.cat\/ceip-simeo-rabasa\/wp-content\/uploads\/usu903\/2024\/10\/WhatsApp-Image-2024-10-02-at-18.59.39-768x1024.jpeg\" alt=\"\" width=\"174\" height=\"232\" srcset=\"https:\/\/agora.xtec.cat\/ceip-simeo-rabasa\/wp-content\/uploads\/usu903\/2024\/10\/WhatsApp-Image-2024-10-02-at-18.59.39-768x1024.jpeg 768w, https:\/\/agora.xtec.cat\/ceip-simeo-rabasa\/wp-content\/uploads\/usu903\/2024\/10\/WhatsApp-Image-2024-10-02-at-18.59.39-225x300.jpeg 225w, https:\/\/agora.xtec.cat\/ceip-simeo-rabasa\/wp-content\/uploads\/usu903\/2024\/10\/WhatsApp-Image-2024-10-02-at-18.59.39-1152x1536.jpeg 1152w, https:\/\/agora.xtec.cat\/ceip-simeo-rabasa\/wp-content\/uploads\/usu903\/2024\/10\/WhatsApp-Image-2024-10-02-at-18.59.39.jpeg 1536w\" sizes=\"auto, (max-width: 174px) 100vw, 174px\" \/>\u00a0 \u00a0 \u00a0 \u00a0 \u00a0 <\/a><a href=\"https:\/\/agora.xtec.cat\/ceip-simeo-rabasa\/wp-content\/uploads\/usu903\/2024\/10\/WhatsApp-Image-2024-10-02-at-19.04.36.jpeg\"><img loading=\"lazy\" decoding=\"async\" class=\"alignnone wp-image-6571\" src=\"https:\/\/agora.xtec.cat\/ceip-simeo-rabasa\/wp-content\/uploads\/usu903\/2024\/10\/WhatsApp-Image-2024-10-02-at-19.04.36-768x1024.jpeg\" alt=\"\" width=\"174\" height=\"232\" srcset=\"https:\/\/agora.xtec.cat\/ceip-simeo-rabasa\/wp-content\/uploads\/usu903\/2024\/10\/WhatsApp-Image-2024-10-02-at-19.04.36-768x1024.jpeg 768w, https:\/\/agora.xtec.cat\/ceip-simeo-rabasa\/wp-content\/uploads\/usu903\/2024\/10\/WhatsApp-Image-2024-10-02-at-19.04.36-225x300.jpeg 225w, https:\/\/agora.xtec.cat\/ceip-simeo-rabasa\/wp-content\/uploads\/usu903\/2024\/10\/WhatsApp-Image-2024-10-02-at-19.04.36-1152x1536.jpeg 1152w, https:\/\/agora.xtec.cat\/ceip-simeo-rabasa\/wp-content\/uploads\/usu903\/2024\/10\/WhatsApp-Image-2024-10-02-at-19.04.36.jpeg 1536w\" sizes=\"auto, (max-width: 174px) 100vw, 174px\" \/><\/a> <a href=\"https:\/\/agora.xtec.cat\/ceip-simeo-rabasa\/wp-content\/uploads\/usu903\/2024\/10\/WhatsApp-Image-2024-10-02-at-18.59.39-2.jpeg\"><img loading=\"lazy\" decoding=\"async\" class=\"wp-image-6569 alignleft\" src=\"https:\/\/agora.xtec.cat\/ceip-simeo-rabasa\/wp-content\/uploads\/usu903\/2024\/10\/WhatsApp-Image-2024-10-02-at-18.59.39-2-768x1024.jpeg\" alt=\"\" width=\"174\" height=\"232\" srcset=\"https:\/\/agora.xtec.cat\/ceip-simeo-rabasa\/wp-content\/uploads\/usu903\/2024\/10\/WhatsApp-Image-2024-10-02-at-18.59.39-2-768x1024.jpeg 768w, https:\/\/agora.xtec.cat\/ceip-simeo-rabasa\/wp-content\/uploads\/usu903\/2024\/10\/WhatsApp-Image-2024-10-02-at-18.59.39-2-225x300.jpeg 225w, https:\/\/agora.xtec.cat\/ceip-simeo-rabasa\/wp-content\/uploads\/usu903\/2024\/10\/WhatsApp-Image-2024-10-02-at-18.59.39-2-1152x1536.jpeg 1152w, https:\/\/agora.xtec.cat\/ceip-simeo-rabasa\/wp-content\/uploads\/usu903\/2024\/10\/WhatsApp-Image-2024-10-02-at-18.59.39-2.jpeg 1536w\" sizes=\"auto, (max-width: 174px) 100vw, 174px\" \/><\/a><\/p>\n","protected":false},"excerpt":{"rendered":"<p>El passat dimarts 1 d\u2019octubre a la tarda, els infants de 1r i 2n de prim\u00e0ria van anar la Pla\u00e7a El\u00b7l\u00edptica de Martorelles a fer una activitat intergeneracional per a celebrar el dia de la gent gran.<\/p>\n","protected":false},"author":38,"featured_media":6568,"comment_status":"open","ping_status":"closed","sticky":false,"template":"","format":"standard","meta":{"_bbp_topic_count":0,"_bbp_reply_count":0,"_bbp_total_topic_count":0,"_bbp_total_reply_count":0,"_bbp_voice_count":0,"_bbp_anonymous_reply_count":0,"_bbp_topic_count_hidden":0,"_bbp_reply_count_hidden":0,"_bbp_forum_subforum_count":0,"site-sidebar-layout":"default","site-content-layout":"","ast-site-content-layout":"","site-content-style":"default","site-sidebar-style":"default","ast-global-header-display":"","ast-banner-title-visibility":"","ast-main-header-display":"","ast-hfb-above-header-display":"","ast-hfb-below-header-display":"","ast-hfb-mobile-header-display":"","site-post-title":"","ast-breadcrumbs-content":"","ast-featured-img":"","footer-sml-layout":"","theme-transparent-header-meta":"","adv-header-id-meta":"","stick-header-meta":"","header-above-stick-meta":"","header-main-stick-meta":"","header-below-stick-meta":"","astra-migrate-meta-layouts":"default","ast-page-background-enabled":"default","ast-page-background-meta":{"desktop":{"background-color":"var(--ast-global-color-4)","background-image":"","background-repeat":"repeat","background-position":"center center","background-size":"auto","background-attachment":"scroll","background-type":"","background-media":"","overlay-type":"","overlay-color":"","overlay-opacity":"","overlay-gradient":""},"tablet":{"background-color":"","background-image":"","background-repeat":"repeat","background-position":"center center","background-size":"auto","background-attachment":"scroll","background-type":"","background-media":"","overlay-type":"","overlay-color":"","overlay-opacity":"","overlay-gradient":""},"mobile":{"background-color":"","background-image":"","background-repeat":"repeat","background-position":"center center","background-size":"auto","background-attachment":"scroll","background-type":"","background-media":"","overlay-type":"","overlay-color":"","overlay-opacity":"","overlay-gradient":""}},"ast-content-background-meta":{"desktop":{"background-color":"var(--ast-global-color-5)","background-image":"","background-repeat":"repeat","background-position":"center center","background-size":"auto","background-attachment":"scroll","background-type":"","background-media":"","overlay-type":"","overlay-color":"","overlay-opacity":"","overlay-gradient":""},"tablet":{"background-color":"var(--ast-global-color-5)","background-image":"","background-repeat":"repeat","background-position":"center center","background-size":"auto","background-attachment":"scroll","background-type":"","background-media":"","overlay-type":"","overlay-color":"","overlay-opacity":"","overlay-gradient":""},"mobile":{"background-color":"var(--ast-global-color-5)","background-image":"","background-repeat":"repeat","background-position":"center center","background-size":"auto","background-attachment":"scroll","background-type":"","background-media":"","overlay-type":"","overlay-color":"","overlay-opacity":"","overlay-gradient":""}},"footnotes":""},"categories":[78,11,1,4,5],"tags":[],"class_list":["post-6567","post","type-post","status-publish","format-standard","has-post-thumbnail","hentry","category-1r","category-2n","category-general","category-portada","category-primaria"],"post_mailing_queue_ids":[],"_links":{"self":[{"href":"https:\/\/agora.xtec.cat\/ceip-simeo-rabasa\/wp-json\/wp\/v2\/posts\/6567","targetHints":{"allow":["GET"]}}],"collection":[{"href":"https:\/\/agora.xtec.cat\/ceip-simeo-rabasa\/wp-json\/wp\/v2\/posts"}],"about":[{"href":"https:\/\/agora.xtec.cat\/ceip-simeo-rabasa\/wp-json\/wp\/v2\/types\/post"}],"author":[{"embeddable":true,"href":"https:\/\/agora.xtec.cat\/ceip-simeo-rabasa\/wp-json\/wp\/v2\/users\/38"}],"replies":[{"embeddable":true,"href":"https:\/\/agora.xtec.cat\/ceip-simeo-rabasa\/wp-json\/wp\/v2\/comments?post=6567"}],"version-history":[{"count":4,"href":"https:\/\/agora.xtec.cat\/ceip-simeo-rabasa\/wp-json\/wp\/v2\/posts\/6567\/revisions"}],"predecessor-version":[{"id":6575,"href":"https:\/\/agora.xtec.cat\/ceip-simeo-rabasa\/wp-json\/wp\/v2\/posts\/6567\/revisions\/6575"}],"wp:featuredmedia":[{"embeddable":true,"href":"https:\/\/agora.xtec.cat\/ceip-simeo-rabasa\/wp-json\/wp\/v2\/media\/6568"}],"wp:attachment":[{"href":"https:\/\/agora.xtec.cat\/ceip-simeo-rabasa\/wp-json\/wp\/v2\/media?parent=6567"}],"wp:term":[{"taxonomy":"category","embeddable":true,"href":"https:\/\/agora.xtec.cat\/ceip-simeo-rabasa\/wp-json\/wp\/v2\/categories?post=6567"},{"taxonomy":"post_tag","embeddable":true,"href":"https:\/\/agora.xtec.cat\/ceip-simeo-rabasa\/wp-json\/wp\/v2\/tags?post=6567"}],"curies":[{"name":"wp","href":"https:\/\/api.w.org\/{rel}","templated":true}]}}