{"id":6251,"date":"2024-04-04T14:06:41","date_gmt":"2024-04-04T12:06:41","guid":{"rendered":"https:\/\/agora.xtec.cat\/ceip-simeo-rabasa\/?p=6251"},"modified":"2024-04-04T14:06:41","modified_gmt":"2024-04-04T12:06:41","slug":"comencem-a-produir-2","status":"publish","type":"post","link":"https:\/\/agora.xtec.cat\/ceip-simeo-rabasa\/general\/comencem-a-produir-2\/","title":{"rendered":"COMENCEM A PRODUIR!"},"content":{"rendered":"<p><span style=\"font-weight: 400;\">Durant el segon trimestre, hem dedicat temps <a href=\"https:\/\/agora.xtec.cat\/ceip-simeo-rabasa\/wp-content\/uploads\/usu903\/2024\/02\/logo-simeo-definnitiu-2-e1707915704125.png\"><img loading=\"lazy\" decoding=\"async\" class=\"wp-image-6110 alignright\" src=\"https:\/\/agora.xtec.cat\/ceip-simeo-rabasa\/wp-content\/uploads\/usu903\/2024\/02\/logo-simeo-definnitiu-2-e1707915704125-300x270.png\" alt=\"\" width=\"184\" height=\"165\" srcset=\"https:\/\/agora.xtec.cat\/ceip-simeo-rabasa\/wp-content\/uploads\/usu903\/2024\/02\/logo-simeo-definnitiu-2-e1707915704125-300x270.png 300w, https:\/\/agora.xtec.cat\/ceip-simeo-rabasa\/wp-content\/uploads\/usu903\/2024\/02\/logo-simeo-definnitiu-2-e1707915704125-1024x923.png 1024w, https:\/\/agora.xtec.cat\/ceip-simeo-rabasa\/wp-content\/uploads\/usu903\/2024\/02\/logo-simeo-definnitiu-2-e1707915704125-768x692.png 768w, https:\/\/agora.xtec.cat\/ceip-simeo-rabasa\/wp-content\/uploads\/usu903\/2024\/02\/logo-simeo-definnitiu-2-e1707915704125.png 1231w\" sizes=\"auto, (max-width: 184px) 100vw, 184px\" \/><\/a>i esfor\u00e7 a explorar diverses idees de productes per comercialitzar. Despr\u00e9s d&#8217;un intens estudi de mercat, hem pres la decisi\u00f3 de centrar-nos en la producci\u00f3 i venda d&#8217;espelmes amb un toc \u00fanic en els seus dissenys. A m\u00e9s a m\u00e9s, estem considerant la possibilitat d&#8217;ampliar el nostre cat\u00e0leg amb altres articles creatius.<\/span><\/p>\n<p><span style=\"font-weight: 400;\">Un dels nostres objectius primordials \u00e9s la sostenibilitat. Per aconseguir-ho, hem decidit implementar un proc\u00e9s de reciclatge i reutilitzaci\u00f3 en la nostra producci\u00f3 d&#8217;espelmes. Aprofitarem les espelmes ja utilitzades, com les de festes d&#8217;aniversari, per desfer-les i crear-ne de noves. A m\u00e9s a m\u00e9s, farem servir pots de vidre reciclats, com els dels iogurts i altres recipients, per a l&#8217;emmagatzematge i la presentaci\u00f3 dels nostres productes.<\/span><\/p>\n<p><span style=\"font-weight: 400;\"><a href=\"https:\/\/agora.xtec.cat\/ceip-simeo-rabasa\/wp-content\/uploads\/usu903\/2024\/04\/FECEC_positiu-transparent.png\"><img loading=\"lazy\" decoding=\"async\" class=\"size-medium wp-image-6252 alignleft\" src=\"https:\/\/agora.xtec.cat\/ceip-simeo-rabasa\/wp-content\/uploads\/usu903\/2024\/04\/FECEC_positiu-transparent-300x176.png\" alt=\"\" width=\"300\" height=\"176\" srcset=\"https:\/\/agora.xtec.cat\/ceip-simeo-rabasa\/wp-content\/uploads\/usu903\/2024\/04\/FECEC_positiu-transparent-300x176.png 300w, https:\/\/agora.xtec.cat\/ceip-simeo-rabasa\/wp-content\/uploads\/usu903\/2024\/04\/FECEC_positiu-transparent-1024x601.png 1024w, https:\/\/agora.xtec.cat\/ceip-simeo-rabasa\/wp-content\/uploads\/usu903\/2024\/04\/FECEC_positiu-transparent-768x451.png 768w, https:\/\/agora.xtec.cat\/ceip-simeo-rabasa\/wp-content\/uploads\/usu903\/2024\/04\/FECEC_positiu-transparent-1536x901.png 1536w, https:\/\/agora.xtec.cat\/ceip-simeo-rabasa\/wp-content\/uploads\/usu903\/2024\/04\/FECEC_positiu-transparent-2048x1201.png 2048w\" sizes=\"auto, (max-width: 300px) 100vw, 300px\" \/><\/a>Estem entusiasmats per anunciar que la nostra venda ser\u00e0 al mercat del Martorelles el proper<strong> dissabte 11 de maig<\/strong>. A trav\u00e9s d&#8217;aquesta iniciativa, tenim l&#8217;oportunitat de donar el 92% dels beneficis obtinguts a l&#8217;entitat <\/span><b>Junts contra el c\u00e0ncer<\/b><span style=\"font-weight: 400;\">, com a mostra del nostre comprom\u00eds amb causes solid\u00e0ries i de suport a la comunitat.<\/span><\/p>\n<p><strong>Esperem la vostra visita al mercat del Martorelles per con\u00e8ixer els nostres productes i contribuir a una bona causa!<\/strong><span style=\"font-weight: 400;\">\u00a0\u00a0<\/span><\/p>\n<p><span style=\"font-weight: 400;\">La classe dels tornados (5\u00e8)<\/span><\/p>\n<p>&nbsp;<\/p>\n","protected":false},"excerpt":{"rendered":"<p>Durant el segon trimestre, hem dedicat temps<br \/>\ni esfor\u00e7 a explorar diverses idees de productes per comercialitzar<\/p>\n","protected":false},"author":32,"featured_media":6259,"comment_status":"open","ping_status":"closed","sticky":false,"template":"","format":"standard","meta":{"_bbp_topic_count":0,"_bbp_reply_count":0,"_bbp_total_topic_count":0,"_bbp_total_reply_count":0,"_bbp_voice_count":0,"_bbp_anonymous_reply_count":0,"_bbp_topic_count_hidden":0,"_bbp_reply_count_hidden":0,"_bbp_forum_subforum_count":0,"site-sidebar-layout":"default","site-content-layout":"","ast-site-content-layout":"","site-content-style":"default","site-sidebar-style":"default","ast-global-header-display":"","ast-banner-title-visibility":"","ast-main-header-display":"","ast-hfb-above-header-display":"","ast-hfb-below-header-display":"","ast-hfb-mobile-header-display":"","site-post-title":"","ast-breadcrumbs-content":"","ast-featured-img":"","footer-sml-layout":"","theme-transparent-header-meta":"","adv-header-id-meta":"","stick-header-meta":"","header-above-stick-meta":"","header-main-stick-meta":"","header-below-stick-meta":"","astra-migrate-meta-layouts":"default","ast-page-background-enabled":"default","ast-page-background-meta":{"desktop":{"background-color":"var(--ast-global-color-4)","background-image":"","background-repeat":"repeat","background-position":"center center","background-size":"auto","background-attachment":"scroll","background-type":"","background-media":"","overlay-type":"","overlay-color":"","overlay-opacity":"","overlay-gradient":""},"tablet":{"background-color":"","background-image":"","background-repeat":"repeat","background-position":"center center","background-size":"auto","background-attachment":"scroll","background-type":"","background-media":"","overlay-type":"","overlay-color":"","overlay-opacity":"","overlay-gradient":""},"mobile":{"background-color":"","background-image":"","background-repeat":"repeat","background-position":"center center","background-size":"auto","background-attachment":"scroll","background-type":"","background-media":"","overlay-type":"","overlay-color":"","overlay-opacity":"","overlay-gradient":""}},"ast-content-background-meta":{"desktop":{"background-color":"var(--ast-global-color-5)","background-image":"","background-repeat":"repeat","background-position":"center center","background-size":"auto","background-attachment":"scroll","background-type":"","background-media":"","overlay-type":"","overlay-color":"","overlay-opacity":"","overlay-gradient":""},"tablet":{"background-color":"var(--ast-global-color-5)","background-image":"","background-repeat":"repeat","background-position":"center center","background-size":"auto","background-attachment":"scroll","background-type":"","background-media":"","overlay-type":"","overlay-color":"","overlay-opacity":"","overlay-gradient":""},"mobile":{"background-color":"var(--ast-global-color-5)","background-image":"","background-repeat":"repeat","background-position":"center center","background-size":"auto","background-attachment":"scroll","background-type":"","background-media":"","overlay-type":"","overlay-color":"","overlay-opacity":"","overlay-gradient":""}},"footnotes":""},"categories":[14,79,1,4,5,106],"tags":[],"class_list":["post-6251","post","type-post","status-publish","format-standard","has-post-thumbnail","hentry","category-5e","category-articles","category-general","category-portada","category-primaria","category-projecte-interdisciplinar"],"post_mailing_queue_ids":[],"_links":{"self":[{"href":"https:\/\/agora.xtec.cat\/ceip-simeo-rabasa\/wp-json\/wp\/v2\/posts\/6251","targetHints":{"allow":["GET"]}}],"collection":[{"href":"https:\/\/agora.xtec.cat\/ceip-simeo-rabasa\/wp-json\/wp\/v2\/posts"}],"about":[{"href":"https:\/\/agora.xtec.cat\/ceip-simeo-rabasa\/wp-json\/wp\/v2\/types\/post"}],"author":[{"embeddable":true,"href":"https:\/\/agora.xtec.cat\/ceip-simeo-rabasa\/wp-json\/wp\/v2\/users\/32"}],"replies":[{"embeddable":true,"href":"https:\/\/agora.xtec.cat\/ceip-simeo-rabasa\/wp-json\/wp\/v2\/comments?post=6251"}],"version-history":[{"count":6,"href":"https:\/\/agora.xtec.cat\/ceip-simeo-rabasa\/wp-json\/wp\/v2\/posts\/6251\/revisions"}],"predecessor-version":[{"id":6262,"href":"https:\/\/agora.xtec.cat\/ceip-simeo-rabasa\/wp-json\/wp\/v2\/posts\/6251\/revisions\/6262"}],"wp:featuredmedia":[{"embeddable":true,"href":"https:\/\/agora.xtec.cat\/ceip-simeo-rabasa\/wp-json\/wp\/v2\/media\/6259"}],"wp:attachment":[{"href":"https:\/\/agora.xtec.cat\/ceip-simeo-rabasa\/wp-json\/wp\/v2\/media?parent=6251"}],"wp:term":[{"taxonomy":"category","embeddable":true,"href":"https:\/\/agora.xtec.cat\/ceip-simeo-rabasa\/wp-json\/wp\/v2\/categories?post=6251"},{"taxonomy":"post_tag","embeddable":true,"href":"https:\/\/agora.xtec.cat\/ceip-simeo-rabasa\/wp-json\/wp\/v2\/tags?post=6251"}],"curies":[{"name":"wp","href":"https:\/\/api.w.org\/{rel}","templated":true}]}}