{"id":6100,"date":"2024-02-14T15:01:01","date_gmt":"2024-02-14T14:01:01","guid":{"rendered":"https:\/\/agora.xtec.cat\/ceip-simeo-rabasa\/?p=6100"},"modified":"2024-02-14T15:01:01","modified_gmt":"2024-02-14T14:01:01","slug":"cooperativa-5sim","status":"publish","type":"post","link":"https:\/\/agora.xtec.cat\/ceip-simeo-rabasa\/general\/cooperativa-5sim\/","title":{"rendered":"COOPERATIVA: 5SIM"},"content":{"rendered":"<p>Ja hem avan\u00e7at molt en la nostra cooperativa!<\/p>\n<p>A finals del primer trimestre, vam donar un pas important<a href=\"https:\/\/agora.xtec.cat\/ceip-simeo-rabasa\/wp-content\/uploads\/usu903\/2024\/02\/IMG_8700-2-scaled.jpg\"><img loading=\"lazy\" decoding=\"async\" class=\"wp-image-6101 alignright\" src=\"https:\/\/agora.xtec.cat\/ceip-simeo-rabasa\/wp-content\/uploads\/usu903\/2024\/02\/IMG_8700-2-scaled-e1707914599495-225x300.jpg\" alt=\"\" width=\"149\" height=\"199\" srcset=\"https:\/\/agora.xtec.cat\/ceip-simeo-rabasa\/wp-content\/uploads\/usu903\/2024\/02\/IMG_8700-2-scaled-e1707914599495-225x300.jpg 225w, https:\/\/agora.xtec.cat\/ceip-simeo-rabasa\/wp-content\/uploads\/usu903\/2024\/02\/IMG_8700-2-scaled-e1707914599495-768x1024.jpg 768w, https:\/\/agora.xtec.cat\/ceip-simeo-rabasa\/wp-content\/uploads\/usu903\/2024\/02\/IMG_8700-2-scaled-e1707914599495-1152x1536.jpg 1152w, https:\/\/agora.xtec.cat\/ceip-simeo-rabasa\/wp-content\/uploads\/usu903\/2024\/02\/IMG_8700-2-scaled-e1707914599495-1536x2048.jpg 1536w, https:\/\/agora.xtec.cat\/ceip-simeo-rabasa\/wp-content\/uploads\/usu903\/2024\/02\/IMG_8700-2-scaled-e1707914599495.jpg 1920w\" sizes=\"auto, (max-width: 149px) 100vw, 149px\" \/><\/a>: decidir el nom de la nostra cooperativa, que finalment es va crear com a 5SIM. A continuaci\u00f3, vam dedicar esfor\u00e7os a preparar i presentar tota la documentaci\u00f3 necess\u00e0ria davant l&#8217;Ajuntament per aconseguir el registre oficial de la cooperativa a l&#8217;Oficina d&#8217;Atenci\u00f3 Ciutadana (OAC). Va ser un moment clau quan l&#8217;alcalde ens va fer entrega del nostre CIF, reconeixent oficialment la nostra iniciativa.<\/p>\n<p>&nbsp;<\/p>\n<p>Un dels punts m\u00e9s importants fins ara ha estat la nostra visita a La Fageda, una cooperativa referent en el sector. Durant aquesta experi\u00e8ncia, no nom\u00e9s vam aprendre sobre el seu model de funcionament, sin\u00f3 que tamb\u00e9 vam tenir l&#8217;oportunitat de degustar els seus deliciosos iogurts. Aquesta visita ens va inspirar i va enriquir la nostra visi\u00f3 sobre el potencial i el valor de les cooperatives.<a href=\"https:\/\/agora.xtec.cat\/ceip-simeo-rabasa\/wp-content\/uploads\/usu903\/2024\/02\/IMG_8842-2-1-min-1-1-1-scaled.jpg\"><img loading=\"lazy\" decoding=\"async\" class=\"wp-image-6102 aligncenter\" src=\"https:\/\/agora.xtec.cat\/ceip-simeo-rabasa\/wp-content\/uploads\/usu903\/2024\/02\/IMG_8842-2-1-min-1-1-1-300x225.jpg\" alt=\"\" width=\"264\" height=\"198\" srcset=\"https:\/\/agora.xtec.cat\/ceip-simeo-rabasa\/wp-content\/uploads\/usu903\/2024\/02\/IMG_8842-2-1-min-1-1-1-300x225.jpg 300w, https:\/\/agora.xtec.cat\/ceip-simeo-rabasa\/wp-content\/uploads\/usu903\/2024\/02\/IMG_8842-2-1-min-1-1-1-1024x768.jpg 1024w, https:\/\/agora.xtec.cat\/ceip-simeo-rabasa\/wp-content\/uploads\/usu903\/2024\/02\/IMG_8842-2-1-min-1-1-1-768x576.jpg 768w, https:\/\/agora.xtec.cat\/ceip-simeo-rabasa\/wp-content\/uploads\/usu903\/2024\/02\/IMG_8842-2-1-min-1-1-1-1536x1152.jpg 1536w, https:\/\/agora.xtec.cat\/ceip-simeo-rabasa\/wp-content\/uploads\/usu903\/2024\/02\/IMG_8842-2-1-min-1-1-1-2048x1536.jpg 2048w, https:\/\/agora.xtec.cat\/ceip-simeo-rabasa\/wp-content\/uploads\/usu903\/2024\/02\/IMG_8842-2-1-min-1-1-1-200x150.jpg 200w\" sizes=\"auto, (max-width: 264px) 100vw, 264px\" \/><\/a><\/p>\n<p>Durant les vacances, cada soci de la cooperativa va acceptar el repte de crear un prototip de producte per proposar-lo a la resta del grup. Aquesta iniciativa va fomentar la creativitat i l&#8217;emprenedoria entre nosaltres. Actualment, estem immersos en l&#8217;elaboraci\u00f3 d&#8217;un estudi de mercat amb l&#8217;objectiu de seleccionar el producte que millor s&#8217;ajusti a les necessitats i desitjos dels nostres clients. Us deixem una fotografia dels prototips que hem desenvolupat. Estem ansiosos de compartir amb vosaltres els resultats finals i us informarem pr\u00f2ximament sobre els productes escollits..<a href=\"https:\/\/agora.xtec.cat\/ceip-simeo-rabasa\/wp-content\/uploads\/usu903\/2024\/02\/IMG_9169-1-scaled.jpg\"><img loading=\"lazy\" decoding=\"async\" class=\" wp-image-6103 aligncenter\" src=\"https:\/\/agora.xtec.cat\/ceip-simeo-rabasa\/wp-content\/uploads\/usu903\/2024\/02\/IMG_9169-1-300x225.jpg\" alt=\"\" width=\"421\" height=\"316\" srcset=\"https:\/\/agora.xtec.cat\/ceip-simeo-rabasa\/wp-content\/uploads\/usu903\/2024\/02\/IMG_9169-1-300x225.jpg 300w, https:\/\/agora.xtec.cat\/ceip-simeo-rabasa\/wp-content\/uploads\/usu903\/2024\/02\/IMG_9169-1-1024x768.jpg 1024w, https:\/\/agora.xtec.cat\/ceip-simeo-rabasa\/wp-content\/uploads\/usu903\/2024\/02\/IMG_9169-1-768x576.jpg 768w, https:\/\/agora.xtec.cat\/ceip-simeo-rabasa\/wp-content\/uploads\/usu903\/2024\/02\/IMG_9169-1-1536x1152.jpg 1536w, https:\/\/agora.xtec.cat\/ceip-simeo-rabasa\/wp-content\/uploads\/usu903\/2024\/02\/IMG_9169-1-2048x1536.jpg 2048w, https:\/\/agora.xtec.cat\/ceip-simeo-rabasa\/wp-content\/uploads\/usu903\/2024\/02\/IMG_9169-1-200x150.jpg 200w\" sizes=\"auto, (max-width: 421px) 100vw, 421px\" \/><\/a><\/p>\n<p>&nbsp;<\/p>\n","protected":false},"excerpt":{"rendered":"<p>A finals del primer trimestre, vam donar un pas important<br \/>\n: decidir el nom de la nostra cooperativa, que finalment es va crear com a 5SIM.<\/p>\n","protected":false},"author":32,"featured_media":6110,"comment_status":"open","ping_status":"closed","sticky":false,"template":"","format":"standard","meta":{"_bbp_topic_count":0,"_bbp_reply_count":0,"_bbp_total_topic_count":0,"_bbp_total_reply_count":0,"_bbp_voice_count":0,"_bbp_anonymous_reply_count":0,"_bbp_topic_count_hidden":0,"_bbp_reply_count_hidden":0,"_bbp_forum_subforum_count":0,"site-sidebar-layout":"default","site-content-layout":"","ast-site-content-layout":"","site-content-style":"default","site-sidebar-style":"default","ast-global-header-display":"","ast-banner-title-visibility":"","ast-main-header-display":"","ast-hfb-above-header-display":"","ast-hfb-below-header-display":"","ast-hfb-mobile-header-display":"","site-post-title":"","ast-breadcrumbs-content":"","ast-featured-img":"","footer-sml-layout":"","theme-transparent-header-meta":"","adv-header-id-meta":"","stick-header-meta":"","header-above-stick-meta":"","header-main-stick-meta":"","header-below-stick-meta":"","astra-migrate-meta-layouts":"default","ast-page-background-enabled":"default","ast-page-background-meta":{"desktop":{"background-color":"var(--ast-global-color-4)","background-image":"","background-repeat":"repeat","background-position":"center center","background-size":"auto","background-attachment":"scroll","background-type":"","background-media":"","overlay-type":"","overlay-color":"","overlay-opacity":"","overlay-gradient":""},"tablet":{"background-color":"","background-image":"","background-repeat":"repeat","background-position":"center center","background-size":"auto","background-attachment":"scroll","background-type":"","background-media":"","overlay-type":"","overlay-color":"","overlay-opacity":"","overlay-gradient":""},"mobile":{"background-color":"","background-image":"","background-repeat":"repeat","background-position":"center center","background-size":"auto","background-attachment":"scroll","background-type":"","background-media":"","overlay-type":"","overlay-color":"","overlay-opacity":"","overlay-gradient":""}},"ast-content-background-meta":{"desktop":{"background-color":"var(--ast-global-color-5)","background-image":"","background-repeat":"repeat","background-position":"center center","background-size":"auto","background-attachment":"scroll","background-type":"","background-media":"","overlay-type":"","overlay-color":"","overlay-opacity":"","overlay-gradient":""},"tablet":{"background-color":"var(--ast-global-color-5)","background-image":"","background-repeat":"repeat","background-position":"center center","background-size":"auto","background-attachment":"scroll","background-type":"","background-media":"","overlay-type":"","overlay-color":"","overlay-opacity":"","overlay-gradient":""},"mobile":{"background-color":"var(--ast-global-color-5)","background-image":"","background-repeat":"repeat","background-position":"center center","background-size":"auto","background-attachment":"scroll","background-type":"","background-media":"","overlay-type":"","overlay-color":"","overlay-opacity":"","overlay-gradient":""}},"footnotes":""},"categories":[14,79,1,4,5,106],"tags":[],"class_list":["post-6100","post","type-post","status-publish","format-standard","has-post-thumbnail","hentry","category-5e","category-articles","category-general","category-portada","category-primaria","category-projecte-interdisciplinar"],"post_mailing_queue_ids":[],"_links":{"self":[{"href":"https:\/\/agora.xtec.cat\/ceip-simeo-rabasa\/wp-json\/wp\/v2\/posts\/6100","targetHints":{"allow":["GET"]}}],"collection":[{"href":"https:\/\/agora.xtec.cat\/ceip-simeo-rabasa\/wp-json\/wp\/v2\/posts"}],"about":[{"href":"https:\/\/agora.xtec.cat\/ceip-simeo-rabasa\/wp-json\/wp\/v2\/types\/post"}],"author":[{"embeddable":true,"href":"https:\/\/agora.xtec.cat\/ceip-simeo-rabasa\/wp-json\/wp\/v2\/users\/32"}],"replies":[{"embeddable":true,"href":"https:\/\/agora.xtec.cat\/ceip-simeo-rabasa\/wp-json\/wp\/v2\/comments?post=6100"}],"version-history":[{"count":6,"href":"https:\/\/agora.xtec.cat\/ceip-simeo-rabasa\/wp-json\/wp\/v2\/posts\/6100\/revisions"}],"predecessor-version":[{"id":6111,"href":"https:\/\/agora.xtec.cat\/ceip-simeo-rabasa\/wp-json\/wp\/v2\/posts\/6100\/revisions\/6111"}],"wp:featuredmedia":[{"embeddable":true,"href":"https:\/\/agora.xtec.cat\/ceip-simeo-rabasa\/wp-json\/wp\/v2\/media\/6110"}],"wp:attachment":[{"href":"https:\/\/agora.xtec.cat\/ceip-simeo-rabasa\/wp-json\/wp\/v2\/media?parent=6100"}],"wp:term":[{"taxonomy":"category","embeddable":true,"href":"https:\/\/agora.xtec.cat\/ceip-simeo-rabasa\/wp-json\/wp\/v2\/categories?post=6100"},{"taxonomy":"post_tag","embeddable":true,"href":"https:\/\/agora.xtec.cat\/ceip-simeo-rabasa\/wp-json\/wp\/v2\/tags?post=6100"}],"curies":[{"name":"wp","href":"https:\/\/api.w.org\/{rel}","templated":true}]}}