{"id":5894,"date":"2023-11-06T08:39:53","date_gmt":"2023-11-06T07:39:53","guid":{"rendered":"https:\/\/agora.xtec.cat\/ceip-simeo-rabasa\/?p=5894"},"modified":"2023-11-09T15:53:17","modified_gmt":"2023-11-09T14:53:17","slug":"comencant-el-cami-de-lemprenedoria-a-5e-cueme","status":"publish","type":"post","link":"https:\/\/agora.xtec.cat\/ceip-simeo-rabasa\/general\/comencant-el-cami-de-lemprenedoria-a-5e-cueme\/","title":{"rendered":"Comen\u00e7ant el Cam\u00ed de l&#8217;Emprenedoria a 5\u00e8: CuEmE"},"content":{"rendered":"<p><a style=\"color: #2795b6;\" href=\"https:\/\/agora.xtec.cat\/ceip-simeo-rabasa\/wp-content\/uploads\/usu903\/2023\/01\/descarga-1.png\"><img loading=\"lazy\" decoding=\"async\" class=\"size-medium wp-image-5224 aligncenter\" src=\"https:\/\/agora.xtec.cat\/ceip-simeo-rabasa\/wp-content\/uploads\/usu903\/2023\/01\/descarga-1-300x49.png\" alt=\"\" width=\"300\" height=\"49\" srcset=\"https:\/\/agora.xtec.cat\/ceip-simeo-rabasa\/wp-content\/uploads\/usu903\/2023\/01\/descarga-1-300x49.png 300w, https:\/\/agora.xtec.cat\/ceip-simeo-rabasa\/wp-content\/uploads\/usu903\/2023\/01\/descarga-1.png 556w\" sizes=\"auto, (max-width: 300px) 100vw, 300px\" \/><\/a><\/p>\n<p>El curs de 5\u00e8 ha comen\u00e7at amb molta emoci\u00f3 i noves oportunitats d&#8217;aprenentatge. Una d&#8217;aquestes \u00e9s el Projecte d&#8217;Emprenedoria, conegut com CuEmE, que ens ha introdu\u00eft en el m\u00f3n de la creaci\u00f3 d&#8217;empreses i l&#8217;aprenentatge d&#8217;habilitats essencials.<\/p>\n<p>Hem comen\u00e7at treballant les habilitats que ha de tenir una persona emprenedora i no es tracta nom\u00e9s de tenir una gran idea, sin\u00f3 de dominar una s\u00e8rie d&#8217;habilitats crucials. A la classe de 5\u00e8, hem apr\u00e8s que les habilitats com la comunicaci\u00f3, la planificaci\u00f3, l&#8217;autoconfian\u00e7a, la curiositat, la creativitat, el treball en equip, la responsabilitat, la resoluci\u00f3 de problemes i la presa de decisions s\u00f3n fonamentals per a l&#8217;\u00e8xit en el m\u00f3n empresarial.\u00a0Aquests aprenentatges no nom\u00e9s s\u00f3n rellevants per a futurs empresaris, sin\u00f3 que tamb\u00e9 ens ajuden a ser millors ciutadans i treballadors en un m\u00f3n cada vegada m\u00e9s complex i competitiu.<\/p>\n<p>Fa un parell de setmanes vam assistir a una xerrada organitzada per l&#8217;ajuntament. Vam ser convidats al Celler, on en Joan Marc Flores, antic regidor d&#8217;economia i treball, va compartir la seva \u00e0mplia experi\u00e8ncia en l&#8217;\u00e0mbit empresarial i econ\u00f2mic. Ens va introduir als diferents tipus de societats que podem crear i com funcionen.<a href=\"https:\/\/agora.xtec.cat\/ceip-simeo-rabasa\/wp-content\/uploads\/usu903\/2023\/11\/IMG_8037-2-scaled.jpg\"><img loading=\"lazy\" decoding=\"async\" class=\"wp-image-5899 alignright\" src=\"https:\/\/agora.xtec.cat\/ceip-simeo-rabasa\/wp-content\/uploads\/usu903\/2023\/11\/IMG_8037-2-scaled-e1699009749494-225x300.jpg\" alt=\"\" width=\"149\" height=\"199\" srcset=\"https:\/\/agora.xtec.cat\/ceip-simeo-rabasa\/wp-content\/uploads\/usu903\/2023\/11\/IMG_8037-2-scaled-e1699009749494-225x300.jpg 225w, https:\/\/agora.xtec.cat\/ceip-simeo-rabasa\/wp-content\/uploads\/usu903\/2023\/11\/IMG_8037-2-scaled-e1699009749494-768x1024.jpg 768w, https:\/\/agora.xtec.cat\/ceip-simeo-rabasa\/wp-content\/uploads\/usu903\/2023\/11\/IMG_8037-2-scaled-e1699009749494-1152x1536.jpg 1152w, https:\/\/agora.xtec.cat\/ceip-simeo-rabasa\/wp-content\/uploads\/usu903\/2023\/11\/IMG_8037-2-scaled-e1699009749494-1536x2048.jpg 1536w, https:\/\/agora.xtec.cat\/ceip-simeo-rabasa\/wp-content\/uploads\/usu903\/2023\/11\/IMG_8037-2-scaled-e1699009749494.jpg 1920w\" sizes=\"auto, (max-width: 149px) 100vw, 149px\" \/><\/a><\/p>\n<p>La xerrada no nom\u00e9s va ser informativa, sin\u00f3 que tamb\u00e9 va ser inspiradora. Vam aprendre sobre les oportunitats i els reptes d&#8217;iniciar el propi negoci i com la perseveran\u00e7a i la passi\u00f3 poden ser claus per a l&#8217;\u00e8xit. Tamb\u00e9 vam tenir l&#8217;oportunitat de con\u00e8ixer una cooperativa local, GRUP SOM, que ens va mostrar com les empreses poden col\u00b7laborar i treballar juntes per aconseguir un objectiu com\u00fa.<\/p>\n<p>Despr\u00e9s de la xerrada vam decidir que era el moment de prendre una decisi\u00f3 important. Vam convocar una assemblea en la qual cada membre de la classe podria votar pel tipus d&#8217;empresa que vol\u00edem crear. La votaci\u00f3 va ser una ocasi\u00f3 emocionant i significativa per a tots nosaltres. Vam aprendre el valor de la democr\u00e0cia i la presa de decisions col\u00b7lectives. I la decisi\u00f3 va ser clara i un\u00e0nime: amb el 100% dels vots, vam optar per crear una cooperativa. Aquesta elecci\u00f3 ens va emocionar, ja que vol\u00edem assegurar que tothom tingui una veu igual i pugui participar en la gesti\u00f3 i les decisions de l&#8217;empresa.<\/p>\n<p>Ara que hem decidit crear una cooperativa, estem immersos en la seg\u00fcent fase del nostre emocionant viatge empresarial. Estem treballant en equip per pensar en un nom adequat per a la nostra cooperativa. Aquest proc\u00e9s ens ha portat a molta creativitat i col\u00b7laboraci\u00f3, i estem impacients per compartir-lo amb tots quan el tinguem decidit.<\/p>\n<p>A m\u00e9s de pensar en un nom, tamb\u00e9 estem treballant en la documentaci\u00f3 necess\u00e0ria per registrar la nostra cooperativa a l&#8217;Oficina d&#8217;Atenci\u00f3 Ciutadana (OAC). Aquesta \u00e9s una part vital del proc\u00e9s que ens permetr\u00e0 formalitzar la nostra empresa i obrir les portes a noves oportunitats.<\/p>\n<p>&nbsp;<\/p>\n<p>Us anirem informant!!<\/p>\n<p>5\u00e8<\/p>\n","protected":false},"excerpt":{"rendered":"<p>El curs de 5\u00e8 ha comen\u00e7at amb molta emoci\u00f3 i noves oportunitats d&#8217;aprenentatge. <\/p>\n","protected":false},"author":32,"featured_media":5225,"comment_status":"open","ping_status":"closed","sticky":false,"template":"","format":"standard","meta":{"_bbp_topic_count":0,"_bbp_reply_count":0,"_bbp_total_topic_count":0,"_bbp_total_reply_count":0,"_bbp_voice_count":0,"_bbp_anonymous_reply_count":0,"_bbp_topic_count_hidden":0,"_bbp_reply_count_hidden":0,"_bbp_forum_subforum_count":0,"site-sidebar-layout":"default","site-content-layout":"","ast-site-content-layout":"","site-content-style":"default","site-sidebar-style":"default","ast-global-header-display":"","ast-banner-title-visibility":"","ast-main-header-display":"","ast-hfb-above-header-display":"","ast-hfb-below-header-display":"","ast-hfb-mobile-header-display":"","site-post-title":"","ast-breadcrumbs-content":"","ast-featured-img":"","footer-sml-layout":"","theme-transparent-header-meta":"","adv-header-id-meta":"","stick-header-meta":"","header-above-stick-meta":"","header-main-stick-meta":"","header-below-stick-meta":"","astra-migrate-meta-layouts":"default","ast-page-background-enabled":"default","ast-page-background-meta":{"desktop":{"background-color":"var(--ast-global-color-4)","background-image":"","background-repeat":"repeat","background-position":"center center","background-size":"auto","background-attachment":"scroll","background-type":"","background-media":"","overlay-type":"","overlay-color":"","overlay-opacity":"","overlay-gradient":""},"tablet":{"background-color":"","background-image":"","background-repeat":"repeat","background-position":"center center","background-size":"auto","background-attachment":"scroll","background-type":"","background-media":"","overlay-type":"","overlay-color":"","overlay-opacity":"","overlay-gradient":""},"mobile":{"background-color":"","background-image":"","background-repeat":"repeat","background-position":"center center","background-size":"auto","background-attachment":"scroll","background-type":"","background-media":"","overlay-type":"","overlay-color":"","overlay-opacity":"","overlay-gradient":""}},"ast-content-background-meta":{"desktop":{"background-color":"var(--ast-global-color-5)","background-image":"","background-repeat":"repeat","background-position":"center center","background-size":"auto","background-attachment":"scroll","background-type":"","background-media":"","overlay-type":"","overlay-color":"","overlay-opacity":"","overlay-gradient":""},"tablet":{"background-color":"var(--ast-global-color-5)","background-image":"","background-repeat":"repeat","background-position":"center center","background-size":"auto","background-attachment":"scroll","background-type":"","background-media":"","overlay-type":"","overlay-color":"","overlay-opacity":"","overlay-gradient":""},"mobile":{"background-color":"var(--ast-global-color-5)","background-image":"","background-repeat":"repeat","background-position":"center center","background-size":"auto","background-attachment":"scroll","background-type":"","background-media":"","overlay-type":"","overlay-color":"","overlay-opacity":"","overlay-gradient":""}},"footnotes":""},"categories":[14,79,1,4,5,106],"tags":[],"class_list":["post-5894","post","type-post","status-publish","format-standard","has-post-thumbnail","hentry","category-5e","category-articles","category-general","category-portada","category-primaria","category-projecte-interdisciplinar"],"post_mailing_queue_ids":[],"_links":{"self":[{"href":"https:\/\/agora.xtec.cat\/ceip-simeo-rabasa\/wp-json\/wp\/v2\/posts\/5894","targetHints":{"allow":["GET"]}}],"collection":[{"href":"https:\/\/agora.xtec.cat\/ceip-simeo-rabasa\/wp-json\/wp\/v2\/posts"}],"about":[{"href":"https:\/\/agora.xtec.cat\/ceip-simeo-rabasa\/wp-json\/wp\/v2\/types\/post"}],"author":[{"embeddable":true,"href":"https:\/\/agora.xtec.cat\/ceip-simeo-rabasa\/wp-json\/wp\/v2\/users\/32"}],"replies":[{"embeddable":true,"href":"https:\/\/agora.xtec.cat\/ceip-simeo-rabasa\/wp-json\/wp\/v2\/comments?post=5894"}],"version-history":[{"count":6,"href":"https:\/\/agora.xtec.cat\/ceip-simeo-rabasa\/wp-json\/wp\/v2\/posts\/5894\/revisions"}],"predecessor-version":[{"id":5929,"href":"https:\/\/agora.xtec.cat\/ceip-simeo-rabasa\/wp-json\/wp\/v2\/posts\/5894\/revisions\/5929"}],"wp:featuredmedia":[{"embeddable":true,"href":"https:\/\/agora.xtec.cat\/ceip-simeo-rabasa\/wp-json\/wp\/v2\/media\/5225"}],"wp:attachment":[{"href":"https:\/\/agora.xtec.cat\/ceip-simeo-rabasa\/wp-json\/wp\/v2\/media?parent=5894"}],"wp:term":[{"taxonomy":"category","embeddable":true,"href":"https:\/\/agora.xtec.cat\/ceip-simeo-rabasa\/wp-json\/wp\/v2\/categories?post=5894"},{"taxonomy":"post_tag","embeddable":true,"href":"https:\/\/agora.xtec.cat\/ceip-simeo-rabasa\/wp-json\/wp\/v2\/tags?post=5894"}],"curies":[{"name":"wp","href":"https:\/\/api.w.org\/{rel}","templated":true}]}}