{"id":5602,"date":"2023-09-15T11:21:05","date_gmt":"2023-09-15T09:21:05","guid":{"rendered":"https:\/\/agora.xtec.cat\/ceip-simeo-rabasa\/?p=5602"},"modified":"2023-09-15T11:22:04","modified_gmt":"2023-09-15T09:22:04","slug":"tornada-a-lescola","status":"publish","type":"post","link":"https:\/\/agora.xtec.cat\/ceip-simeo-rabasa\/general\/tornada-a-lescola\/","title":{"rendered":"TORNADA A L&#8217;ESCOLA!"},"content":{"rendered":"<p><span style=\"font-weight: 400;\">Ja estem a 6\u00e8!<\/span><\/p>\n<p><span style=\"font-weight: 400;\">Comencem el curs amb moltes ganes i motivaci\u00f3, perqu\u00e8 \u00e9s el nostre \u00faltim any a l\u2019escola. Portem pocs dies, per\u00f2 ja hem anat enfilant alguns petits projectes que ens han engrescat molt.\u00a0<\/span><\/p>\n<p><span style=\"font-weight: 400;\">Hem fet una carta per nosaltres mateixos que obrirem a final de curs. \u00c9s una <\/span><b>carta al meu \u201cJo del Futur\u201d<\/b><span style=\"font-weight: 400;\">. Ens hem explicat com ens han anat els darrers mesos i com ens sentim actualment. Tamb\u00e9 ens hem donat bons consells per tenir un bon curs. Com la carta \u00e9s privada i no la llegir\u00e0 ning\u00fa, l\u2019hem tancat a un sobre i es guardar\u00e0 en un lloc segur fins al moment d\u2019obrir-la.<\/span><\/p>\n<p><span style=\"font-weight: 400;\">Tamb\u00e9 hem comen\u00e7at a con\u00e8ixer l\u2019autora del <\/span><b>llibre de Frankenstein<\/b><span style=\"font-weight: 400;\">, la Mary Shelley. Aquest ser\u00e0 el llibre que llegirem el primer trimestre durant les <\/span><span style=\"font-weight: 400;\">Tert\u00falies Dial\u00f2giques<\/span><span style=\"font-weight: 400;\">.\u00a0 <\/span><\/p>\n<p><span style=\"font-weight: 400;\">Tot plegat, aquest curs pinta molt b\u00e9.<\/span><\/p>\n<p><a href=\"https:\/\/agora.xtec.cat\/ceip-simeo-rabasa\/wp-content\/uploads\/usu903\/2023\/09\/20230915_090032-1-scaled-e1694762075337.jpg\"><img loading=\"lazy\" decoding=\"async\" class=\"alignnone size-large wp-image-5604\" src=\"https:\/\/agora.xtec.cat\/ceip-simeo-rabasa\/wp-content\/uploads\/usu903\/2023\/09\/20230915_090032-1-1024x485.jpg\" alt=\"\" width=\"1024\" height=\"485\" \/><\/a><\/p>\n","protected":false},"excerpt":{"rendered":"<p>Ja estem a 6\u00e8!<\/p>\n<p>Comencem el curs amb moltes ganes i motivaci\u00f3, perqu\u00e8 \u00e9s el nostre \u00faltim any a l\u2019escola. Portem pocs dies, per\u00f2 ja hem anat enfilant alguns petits projectes que ens han engrescat molt.\u00a0<\/p>\n","protected":false},"author":1,"featured_media":5610,"comment_status":"closed","ping_status":"closed","sticky":false,"template":"","format":"standard","meta":{"_bbp_topic_count":0,"_bbp_reply_count":0,"_bbp_total_topic_count":0,"_bbp_total_reply_count":0,"_bbp_voice_count":0,"_bbp_anonymous_reply_count":0,"_bbp_topic_count_hidden":0,"_bbp_reply_count_hidden":0,"_bbp_forum_subforum_count":0,"site-sidebar-layout":"default","site-content-layout":"","ast-site-content-layout":"","site-content-style":"default","site-sidebar-style":"default","ast-global-header-display":"","ast-banner-title-visibility":"","ast-main-header-display":"","ast-hfb-above-header-display":"","ast-hfb-below-header-display":"","ast-hfb-mobile-header-display":"","site-post-title":"","ast-breadcrumbs-content":"","ast-featured-img":"","footer-sml-layout":"","theme-transparent-header-meta":"","adv-header-id-meta":"","stick-header-meta":"","header-above-stick-meta":"","header-main-stick-meta":"","header-below-stick-meta":"","astra-migrate-meta-layouts":"default","ast-page-background-enabled":"default","ast-page-background-meta":{"desktop":{"background-color":"var(--ast-global-color-4)","background-image":"","background-repeat":"repeat","background-position":"center center","background-size":"auto","background-attachment":"scroll","background-type":"","background-media":"","overlay-type":"","overlay-color":"","overlay-opacity":"","overlay-gradient":""},"tablet":{"background-color":"","background-image":"","background-repeat":"repeat","background-position":"center center","background-size":"auto","background-attachment":"scroll","background-type":"","background-media":"","overlay-type":"","overlay-color":"","overlay-opacity":"","overlay-gradient":""},"mobile":{"background-color":"","background-image":"","background-repeat":"repeat","background-position":"center center","background-size":"auto","background-attachment":"scroll","background-type":"","background-media":"","overlay-type":"","overlay-color":"","overlay-opacity":"","overlay-gradient":""}},"ast-content-background-meta":{"desktop":{"background-color":"var(--ast-global-color-5)","background-image":"","background-repeat":"repeat","background-position":"center center","background-size":"auto","background-attachment":"scroll","background-type":"","background-media":"","overlay-type":"","overlay-color":"","overlay-opacity":"","overlay-gradient":""},"tablet":{"background-color":"var(--ast-global-color-5)","background-image":"","background-repeat":"repeat","background-position":"center center","background-size":"auto","background-attachment":"scroll","background-type":"","background-media":"","overlay-type":"","overlay-color":"","overlay-opacity":"","overlay-gradient":""},"mobile":{"background-color":"var(--ast-global-color-5)","background-image":"","background-repeat":"repeat","background-position":"center center","background-size":"auto","background-attachment":"scroll","background-type":"","background-media":"","overlay-type":"","overlay-color":"","overlay-opacity":"","overlay-gradient":""}},"footnotes":""},"categories":[15,79,1,4,5],"tags":[],"class_list":["post-5602","post","type-post","status-publish","format-standard","has-post-thumbnail","hentry","category-6e","category-articles","category-general","category-portada","category-primaria"],"post_mailing_queue_ids":[],"_links":{"self":[{"href":"https:\/\/agora.xtec.cat\/ceip-simeo-rabasa\/wp-json\/wp\/v2\/posts\/5602","targetHints":{"allow":["GET"]}}],"collection":[{"href":"https:\/\/agora.xtec.cat\/ceip-simeo-rabasa\/wp-json\/wp\/v2\/posts"}],"about":[{"href":"https:\/\/agora.xtec.cat\/ceip-simeo-rabasa\/wp-json\/wp\/v2\/types\/post"}],"author":[{"embeddable":true,"href":"https:\/\/agora.xtec.cat\/ceip-simeo-rabasa\/wp-json\/wp\/v2\/users\/1"}],"replies":[{"embeddable":true,"href":"https:\/\/agora.xtec.cat\/ceip-simeo-rabasa\/wp-json\/wp\/v2\/comments?post=5602"}],"version-history":[{"count":3,"href":"https:\/\/agora.xtec.cat\/ceip-simeo-rabasa\/wp-json\/wp\/v2\/posts\/5602\/revisions"}],"predecessor-version":[{"id":5609,"href":"https:\/\/agora.xtec.cat\/ceip-simeo-rabasa\/wp-json\/wp\/v2\/posts\/5602\/revisions\/5609"}],"wp:featuredmedia":[{"embeddable":true,"href":"https:\/\/agora.xtec.cat\/ceip-simeo-rabasa\/wp-json\/wp\/v2\/media\/5610"}],"wp:attachment":[{"href":"https:\/\/agora.xtec.cat\/ceip-simeo-rabasa\/wp-json\/wp\/v2\/media?parent=5602"}],"wp:term":[{"taxonomy":"category","embeddable":true,"href":"https:\/\/agora.xtec.cat\/ceip-simeo-rabasa\/wp-json\/wp\/v2\/categories?post=5602"},{"taxonomy":"post_tag","embeddable":true,"href":"https:\/\/agora.xtec.cat\/ceip-simeo-rabasa\/wp-json\/wp\/v2\/tags?post=5602"}],"curies":[{"name":"wp","href":"https:\/\/api.w.org\/{rel}","templated":true}]}}